{"id":5796,"date":"2019-06-03T15:52:42","date_gmt":"2019-06-03T13:52:42","guid":{"rendered":"https:\/\/mbsniezna.rzeszow.pl\/?p=5796"},"modified":"2019-06-03T15:52:42","modified_gmt":"2019-06-03T13:52:42","slug":"intencje-mszalne-3-06-9-06-2019","status":"publish","type":"post","link":"https:\/\/mbsniezna.rzeszow.pl\/index.php\/2019\/06\/03\/intencje-mszalne-3-06-9-06-2019\/","title":{"rendered":"Intencje mszalne 3.06 \u2013 9.06.2019"},"content":{"rendered":"<p><strong>Poniedzia\u0142ek&nbsp; 3 czerwca<\/strong><\/p>\n<table width=\"0\">\n<tbody>\n<tr>\n<td width=\"76\">7.00<\/td>\n<td width=\"624\">1. ++ dusze w czy\u015b\u0107cu cierpi\u0105ce<\/td>\n<\/tr>\n<tr>\n<td width=\"76\">18.00<\/td>\n<td width=\"624\">1 + Janina (3)<\/p>\n<p>2. + Pawe\u0142 Gorczyca od Iwony i Piotra G\u0142uszk\u00f3w<\/p>\n<p>3. + Danuta Bednarz od Katarzyny i Piotra Marcinek \u2013 zako\u0144czenie Mszy pogrzebowych<\/p>\n<p><em>+ Zbigniew Filip (3) od kole\u017canek i koleg\u00f3w z MPK Rzesz\u00f3w- Tarnoszyn<\/em><\/p>\n<p><em>+ Krystyna Ja\u0144ska od kole\u017canek i koleg\u00f3w z LO Mielec\u2013 Dom Ksi\u0119\u017cy Senior\u00f3w Rzesz\u00f3w-S\u0142ocina (DKS)<\/em><\/td>\n<\/tr>\n<\/tbody>\n<\/table>\n<p><strong>Wtorek&nbsp; 4 czerwca<\/strong><\/p>\n<table width=\"0\">\n<tbody>\n<tr>\n<td width=\"76\">7.00<\/td>\n<td width=\"624\">1. + Emilia Kruczek (3 rocz.)<\/p>\n<p>2.&nbsp; + Pawe\u0142 Huchla od Marii i J\u00f3zefa Duda \u2013 zako\u0144czenie Mszy pogrzebowych<\/td>\n<\/tr>\n<tr>\n<td width=\"76\">18.00<\/td>\n<td width=\"624\">1. + Janina (4)<\/p>\n<p>2. + Franciszek<\/p>\n<p>3. + Zofia Skoczylas od Jadwigi i Adama Pr\u0119dkich i swatowej z Hermanowej- zak. Mszy pogrzebowych<\/p>\n<p><em>+ Zbigniew Filip (4) od pracownik\u00f3w MPK dzia\u0142 TM- Tarnoszyn<\/em><\/p>\n<p><em>+ Krystyna Ja\u0144ska od Zofii Cupry\u015b &nbsp;&#8211; DKS<\/em><\/td>\n<\/tr>\n<\/tbody>\n<\/table>\n<p>&nbsp;<strong>\u015aroda 5 czerwca<\/strong><\/p>\n<table width=\"0\">\n<tbody>\n<tr>\n<td width=\"76\">7.00<\/td>\n<td width=\"624\">1. + Stanis\u0142awa Kalembkiewicz od wsp\u00f3lnoty si\u00f3str Rodziny Maryi w Budziwoju<\/td>\n<\/tr>\n<tr>\n<td width=\"76\">18.00<\/td>\n<td width=\"624\">1. + Janina (5)<\/p>\n<p>2&nbsp; + Antonina Kuczmarz (4 rocz.)<\/p>\n<p>3. + Janusz Najda od s\u0105siad\u00f3w Katarzyny i Bogus\u0142awa Kania<\/p>\n<p>4. + Anna S\u0142owik od prawnuka Roberta z \u017con\u0105<\/p>\n<p><em>+ Zbigniew Filip (5) od Mariana Mi\u0105sik &#8211; Tarnoszyn<\/em><\/p>\n<p><em>+ Krystyna Ja\u0144ska od Mateusza i Zofii Ostrowskich- &nbsp;DKS<\/em><\/td>\n<\/tr>\n<\/tbody>\n<\/table>\n<p><strong>Czwartek 6 czerwca<\/strong><\/p>\n<table width=\"0\">\n<tbody>\n<tr>\n<td width=\"76\">7.00<\/td>\n<td width=\"624\">1. + Anna S\u0142owik od wnuka Stefana z rodzin\u0105 \u2013 zako\u0144czenie Mszy pogrzebowych<\/td>\n<\/tr>\n<tr>\n<td width=\"76\">18.00<\/td>\n<td width=\"624\">1 + Janina (6)<\/p>\n<p>2. + Maria, Mieczys\u0142aw Solecki, Tadeusz B\u0142o\u0144ski<\/p>\n<p>3. + Anna G\u0142odowska od rodz. G\u0142odowskich \u2013 zako\u0144czenie Mszy pogrzebowych<\/p>\n<p>3. + Dzi\u0119kczynna i o Bo\u017ce b\u0142og. dla Marii i Edwarda w 30-lecie \u015blubu<\/p>\n<p><em>+ Zbigniew Filip (6) od te\u015bci\u00f3w i szwagierki &#8211; Tarnoszyn<\/em><\/p>\n<p><em>+ Krystyna Ja\u0144ska od Parafii Chrystusa Kr\u00f3la w Krakowie &#8211; DKS<\/em><\/td>\n<\/tr>\n<\/tbody>\n<\/table>\n<p><strong>Pi\u0105tek 7 czerwca<\/strong><\/p>\n<table width=\"0\">\n<tbody>\n<tr>\n<td width=\"76\">7.00<\/td>\n<td width=\"624\">1. + Janusz Bury od Marty i Jacka Sier\u017c\u0119ga<\/p>\n<p>2. + Stefan Rzeszutko od Andrzeja Mi\u0105sika z rodzin\u0105<\/td>\n<\/tr>\n<tr>\n<td width=\"76\">18.00<\/td>\n<td width=\"624\">1. + Janina (7)<\/p>\n<p>2&nbsp; + Krystyna Ja\u0144ska od przyjaci\u00f3\u0142 Ani i Darka<\/p>\n<p>&nbsp;+<em> Zbigniew Filip (7) od Stanis\u0142awy i Tadeusza O\u017cy\u0142o &#8211; Tarnoszyn<\/em><\/p>\n<p><em>+ Krystyna Ja\u0144ska od przedszkola si\u00f3str w Budziwoju \u2013 DKS<\/em><\/td>\n<\/tr>\n<\/tbody>\n<\/table>\n<p><strong>Sobota 8 czerwca<\/strong><\/p>\n<table width=\"0\">\n<tbody>\n<tr>\n<td width=\"76\">7.00<\/td>\n<td width=\"624\">1. + Stefan Rzeszutko od rodziny Mazur\u00f3w i Miku\u0142\u00f3w<\/td>\n<\/tr>\n<tr>\n<td width=\"76\">18.00<\/td>\n<td width=\"624\">1&nbsp; + Janina (8)<\/p>\n<p>2. + Maria Eugeniusz Pa\u015bkiewicz<\/p>\n<p>3. + Johan Goodrich od rodziny El\u017cbiety<\/p>\n<p>4. + Janusz Bury od Anety i Rafa\u0142a Oczo\u015b<\/p>\n<p><em>+ Zbigniew Filip (8) od rodziny Pr\u0119dkich z Podlesia -Tarnoszyn<\/em><\/p>\n<p><em>+ Krystyna Ja\u0144ska od Basi i Andrzeja z rodzin\u0105 &#8211; DKS<\/em><\/td>\n<\/tr>\n<\/tbody>\n<\/table>\n<p><strong>NIEDZIELA&nbsp; 9 czerwca<\/strong><\/p>\n<table width=\"0\">\n<tbody>\n<tr>\n<td width=\"76\">7.00<\/td>\n<td width=\"624\">1. + J\u00f3zefa, Maria, Adam Ciebiera<\/td>\n<\/tr>\n<tr>\n<td width=\"76\">9.00<\/td>\n<td width=\"624\">1. + Bronis\u0142aw, Cecylia<\/p>\n<p>2. W intencjach s. Anieli z racji imienin od scholii parafialnej<\/p>\n<p><em>+ Zbigniew Filip (9) od Pa\u015bk\u00f3w i G\u0142odowskich &#8211; Tarnoszyn<\/em><\/td>\n<\/tr>\n<tr>\n<td width=\"76\">10.30<\/td>\n<td width=\"624\">1. + Janina (9)<\/td>\n<\/tr>\n<tr>\n<td width=\"76\">12.00<\/td>\n<td width=\"624\">1. Za parafian \u017cywych i zmar\u0142ych<\/td>\n<\/tr>\n<tr>\n<td width=\"76\">16.00<\/td>\n<td width=\"624\">1. + Szczepan Chmiel (1 rocz.)<\/td>\n<\/tr>\n<tr>\n<td width=\"76\">18.00<\/td>\n<td width=\"624\">1. + Helena, Stanis\u0142aw Starzyk<\/td>\n<\/tr>\n<\/tbody>\n<\/table>\n<p>Tylko do u\u017cytku wewn\u0119trznego Parafii MB \u015anie\u017cnej w Rzeszowie!&nbsp;<\/p>\n","protected":false},"excerpt":{"rendered":"<p>&#8230;<\/p>\n","protected":false},"author":1,"featured_media":5476,"comment_status":"closed","ping_status":"open","sticky":false,"template":"","format":"standard","meta":{"ngg_post_thumbnail":0,"footnotes":""},"categories":[4],"tags":[],"class_list":["post-5796","post","type-post","status-publish","format-standard","has-post-thumbnail","hentry","category-intencje"],"_links":{"self":[{"href":"https:\/\/mbsniezna.rzeszow.pl\/index.php\/wp-json\/wp\/v2\/posts\/5796","targetHints":{"allow":["GET"]}}],"collection":[{"href":"https:\/\/mbsniezna.rzeszow.pl\/index.php\/wp-json\/wp\/v2\/posts"}],"about":[{"href":"https:\/\/mbsniezna.rzeszow.pl\/index.php\/wp-json\/wp\/v2\/types\/post"}],"author":[{"embeddable":true,"href":"https:\/\/mbsniezna.rzeszow.pl\/index.php\/wp-json\/wp\/v2\/users\/1"}],"replies":[{"embeddable":true,"href":"https:\/\/mbsniezna.rzeszow.pl\/index.php\/wp-json\/wp\/v2\/comments?post=5796"}],"version-history":[{"count":1,"href":"https:\/\/mbsniezna.rzeszow.pl\/index.php\/wp-json\/wp\/v2\/posts\/5796\/revisions"}],"predecessor-version":[{"id":5797,"href":"https:\/\/mbsniezna.rzeszow.pl\/index.php\/wp-json\/wp\/v2\/posts\/5796\/revisions\/5797"}],"wp:featuredmedia":[{"embeddable":true,"href":"https:\/\/mbsniezna.rzeszow.pl\/index.php\/wp-json\/wp\/v2\/media\/5476"}],"wp:attachment":[{"href":"https:\/\/mbsniezna.rzeszow.pl\/index.php\/wp-json\/wp\/v2\/media?parent=5796"}],"wp:term":[{"taxonomy":"category","embeddable":true,"href":"https:\/\/mbsniezna.rzeszow.pl\/index.php\/wp-json\/wp\/v2\/categories?post=5796"},{"taxonomy":"post_tag","embeddable":true,"href":"https:\/\/mbsniezna.rzeszow.pl\/index.php\/wp-json\/wp\/v2\/tags?post=5796"}],"curies":[{"name":"wp","href":"https:\/\/api.w.org\/{rel}","templated":true}]}}