{"id":5800,"date":"2019-06-09T09:46:41","date_gmt":"2019-06-09T07:46:41","guid":{"rendered":"https:\/\/mbsniezna.rzeszow.pl\/?p=5800"},"modified":"2019-06-09T09:47:25","modified_gmt":"2019-06-09T07:47:25","slug":"intencje-mszalne-10-06-16-06-2019-r","status":"publish","type":"post","link":"https:\/\/mbsniezna.rzeszow.pl\/index.php\/2019\/06\/09\/intencje-mszalne-10-06-16-06-2019-r\/","title":{"rendered":"Intencje mszalne 10.06 \u2013 16.06.2019 r."},"content":{"rendered":"<p><strong>Poniedzia\u0142ek&nbsp; 10 czerwca \u2013 Matki Ko\u015bcio\u0142a<\/strong><\/p>\n<table width=\"0\">\n<tbody>\n<tr>\n<td width=\"76\">7.00<\/td>\n<td width=\"624\">1. + Janina (10)<\/td>\n<\/tr>\n<tr>\n<td width=\"76\">9.00<\/td>\n<td width=\"624\">1. + Stefan Rzeszutko od Anny i Grzegorza Rutka<\/td>\n<\/tr>\n<tr>\n<td width=\"76\">18.00<\/td>\n<td width=\"624\">1. + W\u0142adys\u0142aw S\u0142owik (2 rocz.)<\/p>\n<p>2. Dzi\u0119kczynna w 8 rocznice \u015blubu Agnieszki i Paw\u0142a i w 1 urodziny Zuzanny \u2013 o Bo\u017ce b\u0142og.<\/p>\n<p><em>+ Zbigniew Filip od rodz. jarosz\u00f3w z Senatorskiej &#8211; Tarnoszyn<\/em><\/p>\n<p><em>+ Kazimierz Piela od dyrektora GOK w Lubeni \u2013 Dom Ksi\u0119\u017cy Senior\u00f3w w Rzesz\u00f3w S\u0142ocina (DKS)<\/em><\/td>\n<\/tr>\n<\/tbody>\n<\/table>\n<p><strong>Wtorek&nbsp; 11 czerwca<\/strong><\/p>\n<table width=\"0\">\n<tbody>\n<tr>\n<td width=\"76\">7.00<\/td>\n<td width=\"624\">1. + Janina (11)<\/p>\n<p>2.&nbsp; + Janusz Bury od Bernadetty i Daniela Materna<\/td>\n<\/tr>\n<tr>\n<td width=\"76\">18.00<\/td>\n<td width=\"624\">1. + Bronis\u0142awa, J\u00f3zef, Edward \u017bmuda<\/p>\n<p><em>+ Zbigniew Filip (11) od Romana Pa\u0142ki z rodzin\u0105- Tarnoszyn<\/em><\/p>\n<p><em>+ Kazimierz Piela od rodz. Starzak &nbsp;&#8211; DKS<\/em><\/td>\n<\/tr>\n<\/tbody>\n<\/table>\n<p>&nbsp;<strong>\u015aroda 12 czerwca<\/strong><\/p>\n<table width=\"0\">\n<tbody>\n<tr>\n<td width=\"76\">7.00<\/td>\n<td width=\"624\">1. + Janina (12)<\/td>\n<\/tr>\n<tr>\n<td width=\"76\">18.00<\/td>\n<td width=\"624\">1. + Dzi\u0119kczynno-b\u0142agalna w intencji dzieci i chrze\u015bniak\u00f3w<\/p>\n<p>2&nbsp; + Za wstawiennictwem b\u0142. Ks. J\u00f3zefa Kowalskiego o powo\u0142ania do s\u0142u\u017cby Bo\u017cej<\/p>\n<p>3. + Janusz Najda od kolegi Aleksandra Kie\u0142basa<\/p>\n<p><em>+ Zbigniew Filip (12) od Magdaleny i S\u0142awomira Baran z dzie\u0107mi &#8211; Tarnoszyn<\/em><\/p>\n<p><em>+ Kazimierz Piela od rodziny Barszczowskich &#8211; &nbsp;DKS<\/em><\/td>\n<\/tr>\n<\/tbody>\n<\/table>\n<p><strong>Czwartek 13 &nbsp;czerwca &#8211; &nbsp;odpust \u015bw. Antoniego<\/strong><\/p>\n<table width=\"0\">\n<tbody>\n<tr>\n<td width=\"76\">7.00<\/td>\n<td width=\"624\">1. + Janina (13)<\/p>\n<p>2. + Stefan Rzeszutko od Bronis\u0142awa i Ma\u0142gorzaty Warzocha z rodz.<\/td>\n<\/tr>\n<tr>\n<td width=\"76\">9.00<\/td>\n<td width=\"624\">1. + Stanis\u0142awa (5 rocz.), Boles\u0142aw Gliwa<\/td>\n<\/tr>\n<tr>\n<td width=\"76\">11.00<\/td>\n<td width=\"624\">1. + Adam Piszcz od rodzic\u00f3w<\/td>\n<\/tr>\n<tr>\n<td width=\"76\">18.00<\/td>\n<td width=\"624\">1 + Za parafian \u017cywych i zmar\u0142ych<\/p>\n<p>2. +Kazimiera, Antoni, Les\u0142aw Matu\u0142a<\/p>\n<p><em>+ Zbigniew Filip (13) od Heleny Jakubiec &nbsp;&#8211; Tarnoszyn<\/em><\/p>\n<p><em>+ Kazimierz Piela od s\u0105siad\u00f3w Borcz\u00f3w &#8211; DKS<\/em><\/td>\n<\/tr>\n<\/tbody>\n<\/table>\n<p><strong>Pi\u0105tek 14 czerwca<\/strong><\/p>\n<table width=\"0\">\n<tbody>\n<tr>\n<td width=\"76\">7.00<\/td>\n<td width=\"624\">1. + Janina (14)<\/td>\n<\/tr>\n<tr>\n<td width=\"76\">18.00<\/td>\n<td width=\"624\">1. +&nbsp; W intencji rodziny \u2013 dzi\u0119kczynna za \u0142aski i o bo\u017ce b\u0142ogos\u0142awie\u0144stwo<\/p>\n<p>2&nbsp; + Magdalena Kotula (17 rocz.)<\/p>\n<p>3. + Krzysztof Cag od babci<\/p>\n<p>&nbsp;+<em> Zbigniew Filip (14) od mamy &#8211; Tarnoszyn<\/em><\/p>\n<p><em>+ Kazimierz Piela od s\u0105siad\u00f3w Michalskich \u2013 DKS<\/em><\/td>\n<\/tr>\n<\/tbody>\n<\/table>\n<p><strong>Sobota 15 czerwca<\/strong><\/p>\n<table width=\"0\">\n<tbody>\n<tr>\n<td width=\"76\">7.00<\/td>\n<td width=\"624\">1. + Janina (15)<\/td>\n<\/tr>\n<tr>\n<td width=\"76\">18.00<\/td>\n<td width=\"624\">1&nbsp; + W intencjach Mirelli o zdrowie i Bo\u017ca opiek\u0119, w intencjach Agnieszki i \u0141ukasza w 6 rocz. \u015blubu<\/p>\n<p>2. + Ludwika, Jan Mikrut<\/p>\n<p>3. + Helena, Jan \u017bmuda<\/p>\n<p><em>+ Zbigniew Filip (15) od brata Janusza z rodz. &nbsp;-Tarnoszyn<\/em><\/p>\n<p><em>+ Kazimierz Piela od s\u0105siad\u00f3w Dobrzy\u0144skich i Fiedork\u00f3w &#8211; DKS<\/em><\/td>\n<\/tr>\n<\/tbody>\n<\/table>\n<p><strong>NIEDZIELA&nbsp; 16 czerwca<\/strong><\/p>\n<table width=\"0\">\n<tbody>\n<tr>\n<td width=\"76\">7.00<\/td>\n<td width=\"624\">1. + Jan Cioch<\/td>\n<\/tr>\n<tr>\n<td width=\"76\">9.00<\/td>\n<td width=\"624\">1. +&nbsp; Jan Lampart<\/p>\n<p><em>+ Zbigniew Filip (16) od Dariusza Pa\u015bko &#8211; Tarnoszyn<\/em><\/td>\n<\/tr>\n<tr>\n<td width=\"76\">10.30<\/td>\n<td width=\"624\">1. + Janina (16)<\/td>\n<\/tr>\n<tr>\n<td width=\"76\">12.00<\/td>\n<td width=\"624\">1. Za parafian \u017cywych i zmar\u0142ych<\/td>\n<\/tr>\n<tr>\n<td width=\"76\">16.00<\/td>\n<td width=\"624\">1. + Jerzy Pasierb od Beaty Szcz\u0119ch z synami<\/td>\n<\/tr>\n<tr>\n<td width=\"76\">18.00<\/td>\n<td width=\"624\">1. W intencji Anny i Henryka oraz dzieci<\/td>\n<\/tr>\n<\/tbody>\n<\/table>\n<p>&nbsp;Do u\u017cytku wewn\u0119trznego Parafii MB \u015anie\u017cnej w Rzeszowie!<strong><br \/>\n<\/strong><\/p>\n<p><strong>&nbsp;<\/strong><\/p>\n","protected":false},"excerpt":{"rendered":"<p>&#8230;<\/p>\n","protected":false},"author":1,"featured_media":5337,"comment_status":"closed","ping_status":"open","sticky":false,"template":"","format":"standard","meta":{"ngg_post_thumbnail":0,"footnotes":""},"categories":[4],"tags":[],"class_list":["post-5800","post","type-post","status-publish","format-standard","has-post-thumbnail","hentry","category-intencje"],"_links":{"self":[{"href":"https:\/\/mbsniezna.rzeszow.pl\/index.php\/wp-json\/wp\/v2\/posts\/5800","targetHints":{"allow":["GET"]}}],"collection":[{"href":"https:\/\/mbsniezna.rzeszow.pl\/index.php\/wp-json\/wp\/v2\/posts"}],"about":[{"href":"https:\/\/mbsniezna.rzeszow.pl\/index.php\/wp-json\/wp\/v2\/types\/post"}],"author":[{"embeddable":true,"href":"https:\/\/mbsniezna.rzeszow.pl\/index.php\/wp-json\/wp\/v2\/users\/1"}],"replies":[{"embeddable":true,"href":"https:\/\/mbsniezna.rzeszow.pl\/index.php\/wp-json\/wp\/v2\/comments?post=5800"}],"version-history":[{"count":2,"href":"https:\/\/mbsniezna.rzeszow.pl\/index.php\/wp-json\/wp\/v2\/posts\/5800\/revisions"}],"predecessor-version":[{"id":5802,"href":"https:\/\/mbsniezna.rzeszow.pl\/index.php\/wp-json\/wp\/v2\/posts\/5800\/revisions\/5802"}],"wp:featuredmedia":[{"embeddable":true,"href":"https:\/\/mbsniezna.rzeszow.pl\/index.php\/wp-json\/wp\/v2\/media\/5337"}],"wp:attachment":[{"href":"https:\/\/mbsniezna.rzeszow.pl\/index.php\/wp-json\/wp\/v2\/media?parent=5800"}],"wp:term":[{"taxonomy":"category","embeddable":true,"href":"https:\/\/mbsniezna.rzeszow.pl\/index.php\/wp-json\/wp\/v2\/categories?post=5800"},{"taxonomy":"post_tag","embeddable":true,"href":"https:\/\/mbsniezna.rzeszow.pl\/index.php\/wp-json\/wp\/v2\/tags?post=5800"}],"curies":[{"name":"wp","href":"https:\/\/api.w.org\/{rel}","templated":true}]}}