{"id":5815,"date":"2019-06-24T12:59:03","date_gmt":"2019-06-24T10:59:03","guid":{"rendered":"https:\/\/mbsniezna.rzeszow.pl\/?p=5815"},"modified":"2019-06-24T12:59:03","modified_gmt":"2019-06-24T10:59:03","slug":"intencje-mszalne-24-06-30-06-2019-r","status":"publish","type":"post","link":"https:\/\/mbsniezna.rzeszow.pl\/index.php\/2019\/06\/24\/intencje-mszalne-24-06-30-06-2019-r\/","title":{"rendered":"Intencje mszalne 24.06 \u2013 30.06.2019 r."},"content":{"rendered":"<p><strong>Poniedzia\u0142ek&nbsp; 24 czerwca <\/strong><\/p>\n<table width=\"0\">\n<tbody>\n<tr>\n<td width=\"76\">7.00<\/td>\n<td width=\"624\">1. +&nbsp; Stanis\u0142aw \u015alawski (3 rocz.)<\/p>\n<p>2. + Janina (24)<\/td>\n<\/tr>\n<tr>\n<td width=\"76\">18.00<\/td>\n<td width=\"624\">1. + Jan<\/p>\n<p>2. + Janina, Marian Kotula<\/p>\n<p><em>+ Zbigniew Filip (24) od rodz. Pa\u015bkiewicz\u00f3w- Tarnoszyn<\/em><\/p>\n<p><em>+ Stanis\u0142aw Trojan od kole\u017canek z Boguchwa\u0142y\u2013 Dom Ksi\u0119\u017cy Senior\u00f3w w Rzesz\u00f3w S\u0142ocina (DKS)<\/em><\/td>\n<\/tr>\n<\/tbody>\n<\/table>\n<p><strong>Wtorek&nbsp; 25 czerwca<\/strong><\/p>\n<table width=\"0\">\n<tbody>\n<tr>\n<td width=\"76\">7.00<\/td>\n<td width=\"624\">1. + Janina (25)<\/p>\n<p>2. + Pawe\u0142 Gorczyca od Patryka, Ewy, Magdaleny i Bartka<\/td>\n<\/tr>\n<tr>\n<td width=\"76\">18.00<\/td>\n<td width=\"624\">1. + O b\u0142og. Bo\u017ce dla Filipa w 18 urodziny<\/p>\n<p>2. + Tadeusz Szpiech (44 rocz.) od zony i syna<\/p>\n<p>3. + Janusz Najda od rodz. Konkoli z Por\u0105bek \u2013 ks. Pawe\u0142 poza parafi\u0105<\/p>\n<p><em>+ Zbigniew Filip (25) od Macieja Baran- Tarnoszyn<\/em><\/p>\n<p><em>+ Stanis\u0142aw trojan od rodziny G\u0142odowskich &#8211; DKS<\/em><\/td>\n<\/tr>\n<\/tbody>\n<\/table>\n<p>&nbsp;<strong>\u015aroda 26 czerwca<\/strong><\/p>\n<table width=\"0\">\n<tbody>\n<tr>\n<td width=\"76\">7.00<\/td>\n<td width=\"624\">1. + Bronis\u0142awa Gawron (rocz.); W\u0142adys\u0142aw, Zuzanna, Kazimierz, Antoni, Stanis\u0142aw Grzebyk<\/p>\n<p>2. +Jacek Jopek od Ireny z rodzin\u0105<\/td>\n<\/tr>\n<tr>\n<td width=\"76\">18.00<\/td>\n<td width=\"624\">1. + Janina (26)<\/p>\n<p>2. + Zbigniew Filip od syna Tomasza z rodzin\u0105<\/p>\n<p>3. + &nbsp;Stefan Rzeszutko od Bo\u017ceny i Stanis\u0142awa Pr\u0119dkich oraz Marii i Kazimierza Fic \u2013 zak. Mszy pogrzeb.<\/p>\n<p><em>+ Zbigniew Filip (26) od Grzegorza Baran- Tarnoszyn<\/em><\/p>\n<p><em>+ Stanis\u0142aw Trojan od Jolanty i Mariusza Senejko -DKS<\/em><\/td>\n<\/tr>\n<\/tbody>\n<\/table>\n<p><strong>Czwartek 27 &nbsp;czerwca<\/strong><\/p>\n<table width=\"0\">\n<tbody>\n<tr>\n<td width=\"76\">7.00<\/td>\n<td width=\"624\">1. + W\u0142adys\u0142aw, Katarzyna Lasota<\/p>\n<p>2. + Zofia Bana\u015b od Alicji i Andrzeja z rodzin\u0105<\/td>\n<\/tr>\n<tr>\n<td width=\"76\">18.00<\/td>\n<td width=\"624\">1. + Janina (27)<\/p>\n<p>2. + W\u0142adys\u0142aw Tobiasz (1 rocz.)<\/p>\n<p>3.+ &nbsp;Pawe\u0142 Gorczyca od Jana i Karoliny Winiarskich- zako\u0144czenie Mszy pogrzebowych<\/p>\n<p><em>+ Zbigniew Filip od chrze\u015bniaka Rados\u0142awa \u2013 Tarnoszyn<\/em><\/p>\n<p><em>+ Stanis\u0142aw Trojan od Daniela Starzaka &#8211; DKS<\/em><\/td>\n<\/tr>\n<\/tbody>\n<\/table>\n<p><strong>Pi\u0105tek&nbsp; 28 czerwca<\/strong><\/p>\n<table width=\"0\">\n<tbody>\n<tr>\n<td width=\"76\">7.00<\/td>\n<td width=\"624\">1. + Czes\u0142aw \u015alemp od \u017cony<\/td>\n<\/tr>\n<tr>\n<td width=\"76\">18.00<\/td>\n<td width=\"624\">1. + Janina (28)<\/p>\n<p>2. + Janusz Najda od rodziny Rachelskich i W\u0105sowskich<\/p>\n<p>3. + Janina Pa\u015bko od rodziny Jawork\u00f3w \u2013 ks. proboszcz poza parafi\u0105<\/p>\n<p>&nbsp;+<em> Zbigniew Filip (28) od Romana i Ewy Baran &#8211; Tarnoszyn<\/em><\/p>\n<p><em>+ Stanis\u0142aw Trojan od Pa\u015bkiewicz\u00f3w z Kwiatowej\u2013 DKS<\/em><\/td>\n<\/tr>\n<\/tbody>\n<\/table>\n<p><strong>Sobota 29 &nbsp;czerwca \u2013 \u015bwi\u0119tych Aposto\u0142\u00f3w Piotra i Paw\u0142a<\/strong><\/p>\n<table width=\"0\">\n<tbody>\n<tr>\n<td width=\"76\">7.00<\/td>\n<td width=\"624\">1. + Mieczys\u0142aw&nbsp; Solecki (1 rocz.)<\/p>\n<p>2. Eugeniusz Pa\u0142ka z r\u00f3\u017cy Zofii Pa\u0142ka \u2013 ks. prob. poza parafi\u0105<\/td>\n<\/tr>\n<tr>\n<td width=\"76\">9.00<\/td>\n<td width=\"624\">1. O b\u0142og. Bo\u017ce dla Piotra w 50 urodziny<\/p>\n<p><em>+ Zbigniew Filip (29) od kolegi Wie\u015bka Michalskiego z rodz.- Tarnoszyn<\/em><\/td>\n<\/tr>\n<tr>\n<td width=\"76\">18.00<\/td>\n<td width=\"624\">1&nbsp; + Janina (29)<\/p>\n<p><em>+ Stanis\u0142aw Trojan od rodz. \u015al\u0105czk\u00f3w &#8211; DKS<\/em><\/td>\n<\/tr>\n<\/tbody>\n<\/table>\n<p><strong>NIEDZIELA&nbsp; 30 czerwca<\/strong><\/p>\n<table width=\"0\">\n<tbody>\n<tr>\n<td width=\"76\">7.00<\/td>\n<td width=\"624\">1. O b\u0142og. Bo\u017ce i potrzebne \u0142aski dla s. Lucyny<\/td>\n<\/tr>\n<tr>\n<td width=\"76\">9.00<\/td>\n<td width=\"624\">1. + Tadeusz, J\u00f3zef, Wiktoria S\u0142owik<\/p>\n<p>2. + Jacek Jopek od kuzynki Krystyny \u2013 ks. proboszcz poza parafi\u0105<\/p>\n<p><em>+ Zbigniew Filip (30) od Bogdana \u015amigla z rodzin\u0105 \u2013 zako\u0144czenie Mszy gregoria\u0144skich &#8211; Tarnoszyn<\/em><\/td>\n<\/tr>\n<tr>\n<td width=\"76\">10.30<\/td>\n<td width=\"624\">1. + Janina Grzebyk (30) \u2013 zako\u0144czenie Mszy gregoria\u0144skich<\/td>\n<\/tr>\n<tr>\n<td width=\"76\">12.00<\/td>\n<td width=\"624\">1. Za parafian \u017cywych i zmar\u0142ych<\/td>\n<\/tr>\n<tr>\n<td width=\"76\">16.00<\/td>\n<td width=\"624\">1. + Janina Pr\u0119dka od c\u00f3rki z rodzin\u0105<\/td>\n<\/tr>\n<tr>\n<td width=\"76\">18.00<\/td>\n<td width=\"624\">1. + Roman Kawa\u015bnik<\/td>\n<\/tr>\n<\/tbody>\n<\/table>\n<p>Do u\u017cytku wewn\u0119trznego Parafii MB \u015anie\u017cnej w Rzeszowie!<\/p>\n","protected":false},"excerpt":{"rendered":"<p>&#8230;<\/p>\n","protected":false},"author":1,"featured_media":5337,"comment_status":"closed","ping_status":"open","sticky":false,"template":"","format":"standard","meta":{"ngg_post_thumbnail":0,"footnotes":""},"categories":[4],"tags":[],"class_list":["post-5815","post","type-post","status-publish","format-standard","has-post-thumbnail","hentry","category-intencje"],"_links":{"self":[{"href":"https:\/\/mbsniezna.rzeszow.pl\/index.php\/wp-json\/wp\/v2\/posts\/5815","targetHints":{"allow":["GET"]}}],"collection":[{"href":"https:\/\/mbsniezna.rzeszow.pl\/index.php\/wp-json\/wp\/v2\/posts"}],"about":[{"href":"https:\/\/mbsniezna.rzeszow.pl\/index.php\/wp-json\/wp\/v2\/types\/post"}],"author":[{"embeddable":true,"href":"https:\/\/mbsniezna.rzeszow.pl\/index.php\/wp-json\/wp\/v2\/users\/1"}],"replies":[{"embeddable":true,"href":"https:\/\/mbsniezna.rzeszow.pl\/index.php\/wp-json\/wp\/v2\/comments?post=5815"}],"version-history":[{"count":1,"href":"https:\/\/mbsniezna.rzeszow.pl\/index.php\/wp-json\/wp\/v2\/posts\/5815\/revisions"}],"predecessor-version":[{"id":5816,"href":"https:\/\/mbsniezna.rzeszow.pl\/index.php\/wp-json\/wp\/v2\/posts\/5815\/revisions\/5816"}],"wp:featuredmedia":[{"embeddable":true,"href":"https:\/\/mbsniezna.rzeszow.pl\/index.php\/wp-json\/wp\/v2\/media\/5337"}],"wp:attachment":[{"href":"https:\/\/mbsniezna.rzeszow.pl\/index.php\/wp-json\/wp\/v2\/media?parent=5815"}],"wp:term":[{"taxonomy":"category","embeddable":true,"href":"https:\/\/mbsniezna.rzeszow.pl\/index.php\/wp-json\/wp\/v2\/categories?post=5815"},{"taxonomy":"post_tag","embeddable":true,"href":"https:\/\/mbsniezna.rzeszow.pl\/index.php\/wp-json\/wp\/v2\/tags?post=5815"}],"curies":[{"name":"wp","href":"https:\/\/api.w.org\/{rel}","templated":true}]}}