{"id":5817,"date":"2019-06-24T13:00:13","date_gmt":"2019-06-24T11:00:13","guid":{"rendered":"https:\/\/mbsniezna.rzeszow.pl\/?p=5817"},"modified":"2019-06-24T13:00:13","modified_gmt":"2019-06-24T11:00:13","slug":"ogloszenia-na-xii-niedziele-zwykla-23-06-2019-r","status":"publish","type":"post","link":"https:\/\/mbsniezna.rzeszow.pl\/index.php\/2019\/06\/24\/ogloszenia-na-xii-niedziele-zwykla-23-06-2019-r\/","title":{"rendered":"Og\u0142oszenia na XII Niedziel\u0119 zwyk\u0142\u0105, 23.06.2019 r."},"content":{"rendered":"<p>OG\u0141OSZENIA \u2013 XII  NIEDZIELA ZWYK\u0141A<br \/>\n23  CZERWCA 2019 R.<\/p>\n<p>1.\tDzisiaj o 15.30 nabo\u017ce\u0144stwo do Bo\u017cego Serca i procesja eucharystyczna.<\/p>\n<p>2.\tTrwa Oktawa Bo\u017cego Cia\u0142a, po Mszy wieczornej procesja eucharystyczna, zapraszamy z ma\u0142ymi dzie\u0107mi do sypania kwiat\u00f3w i dzwonienia. Zapraszamy dzieci komunijne w strojach. Prosimy do \u015bwiecenia korony r\u00f3\u017ca\u0144cowe: w poniedzia\u0142ek \u2013 Marii Mr\u00f3z, wtorek \u2013 Marii Pa\u0142ka, \u015broda \u2013 El\u017cbiety G\u0142odowskiej, czwartek \u2013 Alicji Szura.<\/p>\n<p>3.\tJutro uroczysto\u015b\u0107 Narodzenia \u015bw. Jana Chrzciciela.<\/p>\n<p>4.\tW czwartek zako\u0144czenie oktawy: 17.15 adoracja i spowied\u017a, o 18.00 nabo\u017ce\u0144stwo do Serca Bo\u017cego i procesja eucharystyczna, nast\u0119pnie Msza \u015bw., a po niej po\u015bwi\u0119cenie wiank\u00f3w i b\u0142ogos\u0142awienie ma\u0142ych dzieci.<\/p>\n<p>5.\tW pi\u0105tek uroczysto\u015b\u0107 Naj\u015bwi\u0119tszego Serca Pana Jezusa \u2013 nie ma wstrzemi\u0119\u017aliwo\u015bci od pokarm\u00f3w mi\u0119snych.<\/p>\n<p>6.\tW sobot\u0119 uroczysto\u015b\u0107 \u015bw. Aposto\u0142\u00f3w Piotra i Paw\u0142a. Msze \u015bw. o 7.00, 9.00 i 18.00. Taca na utrzymanie Stolicy Apostolskiej, tzw. \u015bwi\u0119topietrze.<\/p>\n<p>7.\tW niedziel\u0119 r\u00f3\u017caniec r\u00f3\u017ca Zofii Pa\u0142ka, o 15.30 zako\u0144czenie nabo\u017ce\u0144stw do Bo\u017cego Serca.<\/p>\n<p>8.\tZapowiedzi: Ireneusz Sawu\u0142a \u2013 Katarzyna Solecka (zap. I);  D. Wi\u0105cek \u2013 D. Matu\u0142a (zap. II); A.  Ataman-M.  Gajdek, P.  Maci\u0105g-J. Szcz\u0119ch (zap. III).<\/p>\n<p>9.\tB\u00f3g zap\u0142a\u0107 za ofiary na sprz\u0105tanie ko\u015bcio\u0142a, w tym tygodniu z ul. Budziwojskiej prosimy rodziny: Ma\u0142gorzaty Tobiasz, Stanis\u0142awy Tobiasz, Adama Kozik, Anny Cupry\u015b, Danuty Krzto\u0144, Agaty Ryba, Renaty Ryba, Renaty Bator oraz z ul. \u015bw. Agnieszki  rodziny: Agnieszki Szwed, Renaty Krok, Ewy Chudzi\u0144skiej.<\/p>\n<p>10.\tW tym tygodniu rozpoczynamy odprawianie Mszy \u015bw. z pogrzeb\u00f3w za rok 2018 r. Zapraszamy na modlitw\u0119 za zmar\u0142ych krewnych i ofiarodawc\u00f3w intencji. Zapraszamy do ko\u015bcio\u0142a tak\u017ce wtedy gdy cz\u0119\u015b\u0107 intencji z konieczno\u015bci odprawiana jest poza parafi\u0105. Wtedy ta intencja zapowiadana jest tak\u017ce w naszym ko\u015bciele, a zmarli s\u0105 polecani w modlitwie powszechnej.<\/p>\n<p>11.\tW pi\u0105tek o godz. 3.00 rano wyjazd parafialnej pielgrzymki do Lwowa i na Podole. Pami\u0119tajmy o paszportach.<\/p>\n<p>12.\tW sobot\u0119 i niedziel\u0119 na stadionie przy ul. Studzianki 11 Dni Osiedla Budziw\u00f3j po\u0142\u0105czone z obchodami 35- lecia Klubu Sportowego Grunwald. Szczeg\u00f3\u0142y na plakacie.<\/p>\n<p>13.\tDzisiaj w Rzeszowie jest Dzie\u0144 Ma\u0142\u017ce\u0144stwa i Rodziny: o 14.00 Msza \u015bw. w ko\u015bciele \u015bw. Jadwigi, o 15.00 na ul. Rejtana Marsz dla \u017bycia i Rodziny, o 16.00 Piknik rodzinny w Parku papieskim przy katedrze<\/p>\n<p>14.\tDzisiaj w ca\u0142ej Polsce po ka\u017cdej Mszy \u015bw. s\u0105 \u015bpiewane \u201eSuplikacje\u201d jako zado\u015b\u0107uczynienie za blu\u017anierstwa przeciw Bogu i profanacj\u0119 obrazu Matki Bo\u017cej Cz\u0119stochowskiej.<\/p>\n","protected":false},"excerpt":{"rendered":"<p>&#8230;<\/p>\n","protected":false},"author":1,"featured_media":5488,"comment_status":"closed","ping_status":"open","sticky":false,"template":"","format":"standard","meta":{"ngg_post_thumbnail":0,"footnotes":""},"categories":[14],"tags":[],"class_list":["post-5817","post","type-post","status-publish","format-standard","has-post-thumbnail","hentry","category-ogloszenia_duszp"],"_links":{"self":[{"href":"https:\/\/mbsniezna.rzeszow.pl\/index.php\/wp-json\/wp\/v2\/posts\/5817","targetHints":{"allow":["GET"]}}],"collection":[{"href":"https:\/\/mbsniezna.rzeszow.pl\/index.php\/wp-json\/wp\/v2\/posts"}],"about":[{"href":"https:\/\/mbsniezna.rzeszow.pl\/index.php\/wp-json\/wp\/v2\/types\/post"}],"author":[{"embeddable":true,"href":"https:\/\/mbsniezna.rzeszow.pl\/index.php\/wp-json\/wp\/v2\/users\/1"}],"replies":[{"embeddable":true,"href":"https:\/\/mbsniezna.rzeszow.pl\/index.php\/wp-json\/wp\/v2\/comments?post=5817"}],"version-history":[{"count":1,"href":"https:\/\/mbsniezna.rzeszow.pl\/index.php\/wp-json\/wp\/v2\/posts\/5817\/revisions"}],"predecessor-version":[{"id":5818,"href":"https:\/\/mbsniezna.rzeszow.pl\/index.php\/wp-json\/wp\/v2\/posts\/5817\/revisions\/5818"}],"wp:featuredmedia":[{"embeddable":true,"href":"https:\/\/mbsniezna.rzeszow.pl\/index.php\/wp-json\/wp\/v2\/media\/5488"}],"wp:attachment":[{"href":"https:\/\/mbsniezna.rzeszow.pl\/index.php\/wp-json\/wp\/v2\/media?parent=5817"}],"wp:term":[{"taxonomy":"category","embeddable":true,"href":"https:\/\/mbsniezna.rzeszow.pl\/index.php\/wp-json\/wp\/v2\/categories?post=5817"},{"taxonomy":"post_tag","embeddable":true,"href":"https:\/\/mbsniezna.rzeszow.pl\/index.php\/wp-json\/wp\/v2\/tags?post=5817"}],"curies":[{"name":"wp","href":"https:\/\/api.w.org\/{rel}","templated":true}]}}