{"id":5828,"date":"2019-07-12T21:44:46","date_gmt":"2019-07-12T19:44:46","guid":{"rendered":"https:\/\/mbsniezna.rzeszow.pl\/?p=5828"},"modified":"2019-07-12T21:49:32","modified_gmt":"2019-07-12T19:49:32","slug":"intencje-mszalne-8-07-14-07-2019","status":"publish","type":"post","link":"https:\/\/mbsniezna.rzeszow.pl\/index.php\/2019\/07\/12\/intencje-mszalne-8-07-14-07-2019\/","title":{"rendered":"Intencje mszalne 8.07 \u2013 14.07.2019"},"content":{"rendered":"<p><strong>Poniedzia\u0142ek&nbsp; 8 lipca<\/strong><\/p>\n<table width=\"0\">\n<tbody>\n<tr>\n<td width=\"76\">7.00<\/td>\n<td width=\"624\">1. +&nbsp; Teresa Zimny od rodziny \u017bar\u00f3w i Pi\u0119ta<\/td>\n<\/tr>\n<tr>\n<td width=\"76\">18.00<\/td>\n<td width=\"624\">1. + Micha\u0142, Maria Lasota<\/p>\n<p>2. + Janina Pa\u015bko od brata Edwarda z rodzin\u0105<\/p>\n<p><em>+ Adam Cyran (8) \u2013 Dom Ksi\u0119\u017cy Senior\u00f3w w Rzesz\u00f3w S\u0142ocina (DKS)<\/em><\/td>\n<\/tr>\n<\/tbody>\n<\/table>\n<p><strong>Wtorek&nbsp; 9 lipca<\/strong><\/p>\n<table width=\"0\">\n<tbody>\n<tr>\n<td width=\"76\">7.00<\/td>\n<td width=\"624\">1. ++ dusze w czy\u015b\u0107cu cierpi\u0105ce<\/td>\n<\/tr>\n<tr>\n<td width=\"76\">18.00<\/td>\n<td width=\"624\">1. + Janina (5 rocz.), Antoni Mi\u0105sik<\/p>\n<p>2. + Jacek Jopek od \u017cony<\/p>\n<p>3. + Eugeniusz Pa\u0142ka od Teresy z rodzin\u0105 \u2013 ks. proboszcz poza parafi\u0105<\/p>\n<p><em>+ Adam Cyran (9) &nbsp;&#8211; DKS<\/em><\/td>\n<\/tr>\n<\/tbody>\n<\/table>\n<p>&nbsp;<strong>\u015aroda 10 lipca<\/strong><\/p>\n<table width=\"0\">\n<tbody>\n<tr>\n<td width=\"76\">7.00<\/td>\n<td width=\"624\">1. + Marian Pasko (3 rocz.)<\/td>\n<\/tr>\n<tr>\n<td width=\"76\">18.00<\/td>\n<td width=\"624\">1. + Les\u0142aw Matu\u0142a (2 rocz.)<\/p>\n<p>2. + Eugeniusz Pa\u0142ka od brata Stefana z rodzin\u0105<\/p>\n<p>3. + &nbsp;Janina Pr\u0119dka od Agaty Kad\u0142uczka z rodzin\u0105 \u2013 ks. proboszcz poza parafi\u0105<\/p>\n<p><em>+ Adam Cyran (10) -DKS<\/em><\/td>\n<\/tr>\n<\/tbody>\n<\/table>\n<p><strong>Czwartek 11 lipca<\/strong><\/p>\n<table width=\"0\">\n<tbody>\n<tr>\n<td width=\"76\">7.00<\/td>\n<td width=\"624\">1. W intencji uczestnik\u00f3w wyjazdu w Bieszczady i ich rodzin<\/td>\n<\/tr>\n<tr>\n<td width=\"76\">18.00<\/td>\n<td width=\"624\">1. + Edward, Helena Pa\u015bkiewicz<\/p>\n<p>2. + Janina Pr\u0119dka od Marty Bielec<\/p>\n<p>3.+ &nbsp;Zofia Bana\u015b od bratowej Genowefy \u2013 ks. proboszcz poza parafi\u0105<\/p>\n<p><em>+ Adam Cyran (11) &#8211; DKS<\/em><\/td>\n<\/tr>\n<\/tbody>\n<\/table>\n<p><strong>Pi\u0105tek&nbsp; 12 lipca<\/strong><\/p>\n<table width=\"0\">\n<tbody>\n<tr>\n<td width=\"76\">7.00<\/td>\n<td width=\"624\">1. + Danuta, Micha\u0142 Kalembkiewicz<\/td>\n<\/tr>\n<tr>\n<td width=\"76\">18.00<\/td>\n<td width=\"624\">1. + Edward \u015al\u0119czka (3 rocz.) od \u017cony<\/p>\n<p>2. + Eugeniusz Pa\u0142ka od siostry<\/p>\n<p>3.&nbsp; +Janina Pa\u015bko od Daniela \u2013 ks. proboszcz poza parafi\u0105<\/p>\n<p><em>+ Adam Cyran (12)\u2013 DKS<\/em><\/td>\n<\/tr>\n<\/tbody>\n<\/table>\n<p><strong>Sobota 13 lipca<\/strong><\/p>\n<table width=\"0\">\n<tbody>\n<tr>\n<td width=\"76\">7.00<\/td>\n<td width=\"624\">1. + Janina, Eugeniusz Kotula<\/td>\n<\/tr>\n<tr>\n<td width=\"76\">18.00<\/td>\n<td width=\"624\">1.&nbsp; Dzi\u0119kczynna od rodziny Dudek i o Bo\u017ce b\u0142og.<\/p>\n<p>2. + Jacek Jopek od siostry Marii z rodzin\u0105 \u2013 ks. proboszcz poza parafi\u0105<\/p>\n<p><em>+ Adam Cyran (13)- DKS&nbsp;&nbsp;&nbsp;&nbsp;&nbsp;&nbsp;&nbsp;&nbsp;&nbsp;&nbsp;&nbsp;&nbsp;&nbsp;&nbsp;&nbsp;&nbsp;&nbsp;&nbsp;&nbsp;&nbsp;&nbsp;&nbsp; <\/em><\/td>\n<\/tr>\n<\/tbody>\n<\/table>\n<p><strong>NIEDZIELA&nbsp; 14 lipca<\/strong><\/p>\n<table width=\"0\">\n<tbody>\n<tr>\n<td width=\"76\">7.00<\/td>\n<td width=\"624\">1. W intencji si\u00f3str z r\u00f3\u017cy Zofii Pa\u0142ka<\/td>\n<\/tr>\n<tr>\n<td width=\"76\">9.00<\/td>\n<td width=\"624\">1. + W\u0142adys\u0142awa, J\u00f3zef Chrzanowicz<\/p>\n<p><em>+ Adam Cyran (14) -DKS<\/em><\/td>\n<\/tr>\n<tr>\n<td width=\"76\">10.30<\/td>\n<td width=\"624\">1. + Jan<\/td>\n<\/tr>\n<tr>\n<td width=\"76\">12.00<\/td>\n<td width=\"624\">1. Za parafian \u017cywych i zmar\u0142ych<\/td>\n<\/tr>\n<tr>\n<td width=\"76\">16.00<\/td>\n<td width=\"624\">1. + Edward \u015al\u0119czka (3 rocz.) od c\u00f3rki Krystyny<\/td>\n<\/tr>\n<tr>\n<td width=\"76\">18.00<\/td>\n<td width=\"624\">1. + Edward Mendo\u0144 od&nbsp; syna Rafa\u0142a z rodzin\u0105(1 rocz.)<\/td>\n<\/tr>\n<\/tbody>\n<\/table>\n<p>&nbsp;<\/p>\n<p>Do u\u017cytku wewn\u0119trznego Parafii MB \u015anie\u017cnej w Rzeszowie!<\/p>\n","protected":false},"excerpt":{"rendered":"<p>&#8230;<\/p>\n","protected":false},"author":1,"featured_media":5487,"comment_status":"closed","ping_status":"open","sticky":false,"template":"","format":"standard","meta":{"ngg_post_thumbnail":0,"footnotes":""},"categories":[4],"tags":[],"class_list":["post-5828","post","type-post","status-publish","format-standard","has-post-thumbnail","hentry","category-intencje"],"_links":{"self":[{"href":"https:\/\/mbsniezna.rzeszow.pl\/index.php\/wp-json\/wp\/v2\/posts\/5828","targetHints":{"allow":["GET"]}}],"collection":[{"href":"https:\/\/mbsniezna.rzeszow.pl\/index.php\/wp-json\/wp\/v2\/posts"}],"about":[{"href":"https:\/\/mbsniezna.rzeszow.pl\/index.php\/wp-json\/wp\/v2\/types\/post"}],"author":[{"embeddable":true,"href":"https:\/\/mbsniezna.rzeszow.pl\/index.php\/wp-json\/wp\/v2\/users\/1"}],"replies":[{"embeddable":true,"href":"https:\/\/mbsniezna.rzeszow.pl\/index.php\/wp-json\/wp\/v2\/comments?post=5828"}],"version-history":[{"count":2,"href":"https:\/\/mbsniezna.rzeszow.pl\/index.php\/wp-json\/wp\/v2\/posts\/5828\/revisions"}],"predecessor-version":[{"id":5832,"href":"https:\/\/mbsniezna.rzeszow.pl\/index.php\/wp-json\/wp\/v2\/posts\/5828\/revisions\/5832"}],"wp:featuredmedia":[{"embeddable":true,"href":"https:\/\/mbsniezna.rzeszow.pl\/index.php\/wp-json\/wp\/v2\/media\/5487"}],"wp:attachment":[{"href":"https:\/\/mbsniezna.rzeszow.pl\/index.php\/wp-json\/wp\/v2\/media?parent=5828"}],"wp:term":[{"taxonomy":"category","embeddable":true,"href":"https:\/\/mbsniezna.rzeszow.pl\/index.php\/wp-json\/wp\/v2\/categories?post=5828"},{"taxonomy":"post_tag","embeddable":true,"href":"https:\/\/mbsniezna.rzeszow.pl\/index.php\/wp-json\/wp\/v2\/tags?post=5828"}],"curies":[{"name":"wp","href":"https:\/\/api.w.org\/{rel}","templated":true}]}}