{"id":5830,"date":"2019-07-12T21:48:13","date_gmt":"2019-07-12T19:48:13","guid":{"rendered":"https:\/\/mbsniezna.rzeszow.pl\/?p=5830"},"modified":"2019-07-12T21:48:13","modified_gmt":"2019-07-12T19:48:13","slug":"ogloszenia-na-xiv-niedziele-zwykla-07-07-2019-r","status":"publish","type":"post","link":"https:\/\/mbsniezna.rzeszow.pl\/index.php\/2019\/07\/12\/ogloszenia-na-xiv-niedziele-zwykla-07-07-2019-r\/","title":{"rendered":"Og\u0142oszenia na XIV Niedziel\u0119 zwyk\u0142\u0105, 07.07.2019 r."},"content":{"rendered":"<p>OG\u0141OSZENIA \u2013 XIV NIEDZIELA ZWYK\u0141A<br \/>\n7 LIPCA 2019 R.<\/p>\n<p>1.\tW poniedzia\u0142ek wspomnienie \u015bw. Jana z Dukli.<\/p>\n<p>2.\tWe wtorek nabo\u017ce\u0144stwo do \u015bw. Antoniego.<\/p>\n<p>3.\tW \u015brod\u0119 Nowenna do Matki Bo\u017cej.<\/p>\n<p>4.\tW czwartek \u015bwi\u0119to \u015bw. Benedykta \u2013 opata i patrona Europy, od 17.15 adoracja i mo\u017cliwo\u015b\u0107 spowiedzi.<\/p>\n<p>5.\tW pi\u0105tek wspomnienie \u015bw. Brunona z Kwerfurtu, nabo\u017ce\u0144stwo do Bo\u017cego Mi\u0142osierdzia.<\/p>\n<p>6.\tW sobot\u0119 wspomnienie \u015bw. pustelnik\u00f3w Andrzeja \u015awierada i Benedykta.<\/p>\n<p>7.\tW niedziel\u0119 r\u00f3\u017caniec r\u00f3\u017ca Doroty Nowosiad\u0142o.<\/p>\n<p>8.\tZapowiedzi: Konrad Lacroix &#8211; Ewa Klimczak i \u0141ukasz Kantor \u2013 Anna Solecka (zap. I); P. Cury\u0142o \u2013 M. Wa\u0142ek (zap. II); I. Sawu\u0142a \u2013 K. Solecka (zap. III).<\/p>\n<p>9.\tB\u00f3g zap\u0142a\u0107 za ofiary na sprz\u0105tanie ko\u015bcio\u0142a. W tym tygodniu z ul. Budziwojskiej prosimy rodziny: Ma\u0142gorzaty Wilga, Wioletty Ciele\u0144,  Zofii Janda, Haliny Szybka, Marii Pr\u0119dki, Agnieszki Jamrozek, Stanis\u0142awy Skoczylas oraz z ulicy Por\u0105bki rodziny: Janiny Ocieczek, Ireny Knutel i Danuty Pocz\u0105tek.<\/p>\n<p>10.\tTegoroczne dzi\u0119kczynienie za plony \u2013 do\u017cynki parafialne prze\u017cywa\u0107 b\u0119dziemy w niedziel\u0119 18 sierpnia na Mszy \u015bw. o godz. 12.00. Prosimy o przygotowanie wie\u0144c\u00f3w. Do\u017cynki diecezjalne w katedrze b\u0119d\u0105 w niedziel\u0119 25 sierpnia.<\/p>\n<p>11.\tWczoraj parafia podejmowa\u0142a ok. 400 pieszych pielgrzym\u00f3w z Przemy\u015bla do Cz\u0119stochowy. Serdecznie dzi\u0119kujemy wszystkim, kt\u00f3rzy przygotowywali to spotkanie oraz ofiarowali pielgrzymom napoje i ciasta. B\u00f3g zap\u0142a\u0107.<\/p>\n<p>12.\tNa stoliczku za \u0142awkami jest nowy numer darmowej gazety \u201eDobre nowiny\u201d (200 egz.). Zapraszamy do lektury.<\/p>\n<p>Do u\u017cytku wewn\u0119trznego Parafii MB \u015anie\u017cnej w Rzeszowie!<\/p>\n","protected":false},"excerpt":{"rendered":"<p>&#8230;<\/p>\n","protected":false},"author":1,"featured_media":5492,"comment_status":"closed","ping_status":"open","sticky":false,"template":"","format":"standard","meta":{"ngg_post_thumbnail":0,"footnotes":""},"categories":[14],"tags":[],"class_list":["post-5830","post","type-post","status-publish","format-standard","has-post-thumbnail","hentry","category-ogloszenia_duszp"],"_links":{"self":[{"href":"https:\/\/mbsniezna.rzeszow.pl\/index.php\/wp-json\/wp\/v2\/posts\/5830","targetHints":{"allow":["GET"]}}],"collection":[{"href":"https:\/\/mbsniezna.rzeszow.pl\/index.php\/wp-json\/wp\/v2\/posts"}],"about":[{"href":"https:\/\/mbsniezna.rzeszow.pl\/index.php\/wp-json\/wp\/v2\/types\/post"}],"author":[{"embeddable":true,"href":"https:\/\/mbsniezna.rzeszow.pl\/index.php\/wp-json\/wp\/v2\/users\/1"}],"replies":[{"embeddable":true,"href":"https:\/\/mbsniezna.rzeszow.pl\/index.php\/wp-json\/wp\/v2\/comments?post=5830"}],"version-history":[{"count":1,"href":"https:\/\/mbsniezna.rzeszow.pl\/index.php\/wp-json\/wp\/v2\/posts\/5830\/revisions"}],"predecessor-version":[{"id":5831,"href":"https:\/\/mbsniezna.rzeszow.pl\/index.php\/wp-json\/wp\/v2\/posts\/5830\/revisions\/5831"}],"wp:featuredmedia":[{"embeddable":true,"href":"https:\/\/mbsniezna.rzeszow.pl\/index.php\/wp-json\/wp\/v2\/media\/5492"}],"wp:attachment":[{"href":"https:\/\/mbsniezna.rzeszow.pl\/index.php\/wp-json\/wp\/v2\/media?parent=5830"}],"wp:term":[{"taxonomy":"category","embeddable":true,"href":"https:\/\/mbsniezna.rzeszow.pl\/index.php\/wp-json\/wp\/v2\/categories?post=5830"},{"taxonomy":"post_tag","embeddable":true,"href":"https:\/\/mbsniezna.rzeszow.pl\/index.php\/wp-json\/wp\/v2\/tags?post=5830"}],"curies":[{"name":"wp","href":"https:\/\/api.w.org\/{rel}","templated":true}]}}