{"id":5839,"date":"2019-07-21T19:10:55","date_gmt":"2019-07-21T17:10:55","guid":{"rendered":"https:\/\/mbsniezna.rzeszow.pl\/?p=5839"},"modified":"2019-07-21T19:11:00","modified_gmt":"2019-07-21T17:11:00","slug":"intencje-mszalne-22-07-28-07-2019","status":"publish","type":"post","link":"https:\/\/mbsniezna.rzeszow.pl\/index.php\/2019\/07\/21\/intencje-mszalne-22-07-28-07-2019\/","title":{"rendered":"Intencje mszalne 22.07 \u2013 28.07.2019"},"content":{"rendered":"<p><strong>Poniedzia\u0142ek&nbsp; 22 lipca<\/strong><\/p>\n<table width=\"0\">\n<tbody>\n<tr>\n<td width=\"76\">7.00<\/td>\n<td width=\"624\">1. W intencji uczestnik\u00f3w wyjazdu w Bieszczady i ich rodzin<\/p>\n<p>2. + Janina Pr\u0119dka od Marka Pa\u0142ka<\/td>\n<\/tr>\n<tr>\n<td width=\"76\">18.00<\/td>\n<td width=\"624\">1. + J\u00f3zef, Maria Ho\u0142dys<\/p>\n<p>2. + Zofia Bana\u015b od Heleny i Eugeniusza Szura \u2013 ks. Pawe\u0142 poza parafi\u0105<\/p>\n<p><em>+ Adam Cyran (22) \u2013 Dom Ksi\u0119\u017cy Senior\u00f3w w Rzesz\u00f3w S\u0142ocina (DKS)<\/em><\/td>\n<\/tr>\n<\/tbody>\n<\/table>\n<p><strong>Wtorek&nbsp; 23 lipca<\/strong><\/p>\n<table width=\"0\">\n<tbody>\n<tr>\n<td width=\"76\">7.00<\/td>\n<td width=\"624\">1. + Kazimierz, Stefania, Franciszek Trojnar<\/p>\n<p>2. + Jacek Jopek od kuzyna Marka z rodzin\u0105<\/td>\n<\/tr>\n<tr>\n<td width=\"76\">18.00<\/td>\n<td width=\"624\">1. + Stanis\u0142aw, Maria Grzebyk<\/p>\n<p>2. + Emil Borowiec od s\u0105siada Stanis\u0142awa \u2013 ks. Pawe\u0142 poza parafi\u0105<\/p>\n<p>3. O zdrowie i szcz\u0119\u015bliwa operacj\u0119 dla Stanis\u0142awy, +Anna (30 rocz.) z racji imienin<\/p>\n<p><em>+ Adam Cyran (23) &nbsp;&#8211; DKS<\/em><\/td>\n<\/tr>\n<\/tbody>\n<\/table>\n<p>&nbsp;<strong>\u015aroda 24 lipca<\/strong><\/p>\n<table width=\"0\">\n<tbody>\n<tr>\n<td width=\"76\">7.00<\/td>\n<td width=\"624\">1. + Marian, Maria, Janusz Piekie\u0142ek<\/p>\n<p>2. + Janina Pr\u0119dka od Haliny Jacek<\/td>\n<\/tr>\n<tr>\n<td width=\"76\">18.00<\/td>\n<td width=\"624\">1. + Honorata, Maria Pr\u0119dki<\/p>\n<p>2. + Eugeniusz Pa\u0142ka od Adama Kyc z rodzin\u0105<\/p>\n<p>3. + Zofia Najda od s\u0105siad\u00f3w z ul. Lotosowej \u2013 ks. Pawe\u0142 poza parafi\u0105<\/p>\n<p><em>+ Adam Cyran (24) -DKS<\/em><\/td>\n<\/tr>\n<\/tbody>\n<\/table>\n<p><strong>Czwartek 25 lipca<\/strong><\/p>\n<table width=\"0\">\n<tbody>\n<tr>\n<td width=\"76\">7.00<\/td>\n<td width=\"624\">1. + Anna Baran<\/p>\n<p>2. + Emil Borowiec od chrze\u015bniaka Aleksandra<\/td>\n<\/tr>\n<tr>\n<td width=\"76\">18.00<\/td>\n<td width=\"624\">1. + Krystyna Bomba od Ireny Koc\u00f3j z rodzin\u0105<\/p>\n<p>2. + Zofia Bana\u015b od chrze\u015bnicy Doroty<\/p>\n<p>3. + Eugeniusz Pa\u0142ka od \u017bmud\u00f3w i Paluch\u00f3w \u2013 ks. Pawe\u0142 poza parafi\u0105<\/p>\n<p><em>+ Adam Cyran (25) &#8211; DKS<\/em><\/td>\n<\/tr>\n<\/tbody>\n<\/table>\n<p><strong>Pi\u0105tek&nbsp; 26 lipca<\/strong><\/p>\n<table width=\"0\">\n<tbody>\n<tr>\n<td width=\"76\">7.00<\/td>\n<td width=\"624\">1. W intencji pielgrzym\u00f3w na Podole i ich rodzin<\/p>\n<p>2. + Janina Pr\u0119dka od Marzeny z rodzin\u0105<\/td>\n<\/tr>\n<tr>\n<td width=\"76\">18.00<\/td>\n<td width=\"624\">1. + Maria, Piotr Mita\u0142<\/p>\n<p>2. + Jacek Jopek od Zenka z rodzin\u0105 \u2013 ks. Pawe\u0142 poza parafi\u0105<\/p>\n<p><em>+ Adam Cyran (26)\u2013 DKS<\/em><\/td>\n<\/tr>\n<\/tbody>\n<\/table>\n<p><strong>Sobota 27 lipca<\/strong><\/p>\n<table width=\"0\">\n<tbody>\n<tr>\n<td width=\"76\">7.00<\/td>\n<td width=\"624\">1. O zdrowie i b\u0142og. Bo\u017ce&nbsp; dla Weroniki Przyby\u0142o<\/p>\n<p>2. + Zofia Najda od brata Stanis\u0142awa<\/td>\n<\/tr>\n<tr>\n<td width=\"76\">18.00<\/td>\n<td width=\"624\">1.&nbsp; Dzi\u0119kczynna i o Bo\u017ce b\u0142og. dla Grzegorza i El\u017cbiety w 20-lecie ma\u0142\u017ce\u0144stwa od syn\u00f3w<\/p>\n<p>2. + Janina Pa\u015bko od Marty i Fredka Skiba z rodz. \u2013 zako\u0144czenie Mszy pogrzebowych<\/p>\n<p><em>+ Adam Cyran (27)- DKS&nbsp;&nbsp;&nbsp;&nbsp;&nbsp;&nbsp;&nbsp;&nbsp;&nbsp;&nbsp;&nbsp;&nbsp;&nbsp;&nbsp;&nbsp;&nbsp;&nbsp;&nbsp;&nbsp;&nbsp;&nbsp;&nbsp;&nbsp;&nbsp;&nbsp;&nbsp;&nbsp;&nbsp;&nbsp;&nbsp;&nbsp;&nbsp;&nbsp;&nbsp; <\/em><\/td>\n<\/tr>\n<\/tbody>\n<\/table>\n<p><strong>NIEDZIELA&nbsp; 28 lipca<\/strong><\/p>\n<table width=\"0\">\n<tbody>\n<tr>\n<td width=\"76\">7.00<\/td>\n<td width=\"624\">1. + Czes\u0142aw \u015alemp od \u017cony<\/td>\n<\/tr>\n<tr>\n<td width=\"76\">9.00<\/td>\n<td width=\"624\">1. + Stefan Rzeszutko<\/p>\n<p><em>+ Adam Cyran (28) -DKS<\/em><\/td>\n<\/tr>\n<tr>\n<td width=\"76\">10.30<\/td>\n<td width=\"624\">1. + Anna, Stanis\u0142aw Dudek<\/td>\n<\/tr>\n<tr>\n<td width=\"76\">12.00<\/td>\n<td width=\"624\">1. Dzi\u0119kczynna i o Bo\u017ce b\u0142og. dla Agnieszki i Grzegorza w 20 rocz. \u015blubu<\/td>\n<\/tr>\n<tr>\n<td width=\"76\">16.00<\/td>\n<td width=\"624\">1. + Edward Mendo\u0144 od Gra\u017cyny i Benedykta Owierczuk<\/td>\n<\/tr>\n<tr>\n<td width=\"76\">18.00<\/td>\n<td width=\"624\">1. Za parafian \u017cywych i zmar\u0142ych<\/td>\n<\/tr>\n<\/tbody>\n<\/table>\n<p>Do u\u017cytku wewn\u0119trznego Parafii MB \u015anie\u017cnej w Rzeszowie!<\/p>\n<p>&nbsp;<\/p>\n<p>&nbsp;<\/p>\n","protected":false},"excerpt":{"rendered":"<p>&#8230;<\/p>\n","protected":false},"author":1,"featured_media":5481,"comment_status":"closed","ping_status":"open","sticky":false,"template":"","format":"standard","meta":{"ngg_post_thumbnail":0,"footnotes":""},"categories":[4],"tags":[],"class_list":["post-5839","post","type-post","status-publish","format-standard","has-post-thumbnail","hentry","category-intencje"],"_links":{"self":[{"href":"https:\/\/mbsniezna.rzeszow.pl\/index.php\/wp-json\/wp\/v2\/posts\/5839","targetHints":{"allow":["GET"]}}],"collection":[{"href":"https:\/\/mbsniezna.rzeszow.pl\/index.php\/wp-json\/wp\/v2\/posts"}],"about":[{"href":"https:\/\/mbsniezna.rzeszow.pl\/index.php\/wp-json\/wp\/v2\/types\/post"}],"author":[{"embeddable":true,"href":"https:\/\/mbsniezna.rzeszow.pl\/index.php\/wp-json\/wp\/v2\/users\/1"}],"replies":[{"embeddable":true,"href":"https:\/\/mbsniezna.rzeszow.pl\/index.php\/wp-json\/wp\/v2\/comments?post=5839"}],"version-history":[{"count":1,"href":"https:\/\/mbsniezna.rzeszow.pl\/index.php\/wp-json\/wp\/v2\/posts\/5839\/revisions"}],"predecessor-version":[{"id":5840,"href":"https:\/\/mbsniezna.rzeszow.pl\/index.php\/wp-json\/wp\/v2\/posts\/5839\/revisions\/5840"}],"wp:featuredmedia":[{"embeddable":true,"href":"https:\/\/mbsniezna.rzeszow.pl\/index.php\/wp-json\/wp\/v2\/media\/5481"}],"wp:attachment":[{"href":"https:\/\/mbsniezna.rzeszow.pl\/index.php\/wp-json\/wp\/v2\/media?parent=5839"}],"wp:term":[{"taxonomy":"category","embeddable":true,"href":"https:\/\/mbsniezna.rzeszow.pl\/index.php\/wp-json\/wp\/v2\/categories?post=5839"},{"taxonomy":"post_tag","embeddable":true,"href":"https:\/\/mbsniezna.rzeszow.pl\/index.php\/wp-json\/wp\/v2\/tags?post=5839"}],"curies":[{"name":"wp","href":"https:\/\/api.w.org\/{rel}","templated":true}]}}