{"id":5846,"date":"2019-07-28T20:20:52","date_gmt":"2019-07-28T18:20:52","guid":{"rendered":"https:\/\/mbsniezna.rzeszow.pl\/?p=5846"},"modified":"2019-07-28T20:20:52","modified_gmt":"2019-07-28T18:20:52","slug":"intencje-mszalne-29-07-4-08-2019-r","status":"publish","type":"post","link":"https:\/\/mbsniezna.rzeszow.pl\/index.php\/2019\/07\/28\/intencje-mszalne-29-07-4-08-2019-r\/","title":{"rendered":"Intencje mszalne 29.07 \u2013 4.08.2019 r."},"content":{"rendered":"<p><strong>Poniedzia\u0142ek&nbsp; 29 lipca<\/strong><\/p>\n<table width=\"0\">\n<tbody>\n<tr>\n<td width=\"76\">7.00<\/td>\n<td width=\"624\">1. W intencji Hanny i Damiana o dobre przygotowanie do ma\u0142\u017ce\u0144stwa i Bo\u017ce b\u0142og.<\/p>\n<p>2. + Jacek Jopek od matki chrzestnej<\/td>\n<\/tr>\n<tr>\n<td width=\"76\">18.00<\/td>\n<td width=\"624\">1. + Janusz (31 rocz.), Stanis\u0142aw Kotula<\/p>\n<p>2. + Eugeniusz Pa\u0142ka od rodziny Kotul\u00f3w<\/p>\n<p>3. + Eugeniusz Kukla od brata z rodzin\u0105<\/p>\n<p><em>+ Adam Cyran (29) \u2013 Dom Ksi\u0119\u017cy Senior\u00f3w w Rzesz\u00f3w S\u0142ocina (DKS)<\/em><\/td>\n<\/tr>\n<\/tbody>\n<\/table>\n<p><strong>Wtorek&nbsp; 30 lipca<\/strong><\/p>\n<table width=\"0\">\n<tbody>\n<tr>\n<td width=\"76\">7.00<\/td>\n<td width=\"624\">1. W intencji pielgrzym\u00f3w na Podole i ich rodzin<\/p>\n<p>2. + Aleksandra Kubicka od Ryszardy Borowiec z rodzin\u0105<\/td>\n<\/tr>\n<tr>\n<td width=\"76\">18.00<\/td>\n<td width=\"624\">1. + Stefania, Jan, Maria<\/p>\n<p>2. + Janina Pr\u0119dka od s\u0105siad\u00f3w Lasot\u00f3w z Por\u0105bek<\/p>\n<p>3. + Szczepan Chmiel od siostry z rodzin\u0105<\/p>\n<p>4. + Mieczys\u0142aw Solecki od siostry Zofii z rodzin\u0105<\/p>\n<p>5. + Jacek Jopek od Katarzyny i Damiana Jopek \u2013 ks. Pawe\u0142 poza parafi\u0105<\/p>\n<p><em>+ Adam Cyran (30) &nbsp;&#8211; DKS<\/em><\/td>\n<\/tr>\n<\/tbody>\n<\/table>\n<p>&nbsp;<strong>\u015aroda 31 lipca<\/strong><\/p>\n<table width=\"0\">\n<tbody>\n<tr>\n<td width=\"76\">7.00<\/td>\n<td width=\"624\">1. W intencji pielgrzym\u00f3w na Podole i ich rodzin<\/p>\n<p>2. + Emil Borowiec od S\u0142awomira Skowrona z rodzin\u0105<\/td>\n<\/tr>\n<tr>\n<td width=\"76\">18.00<\/td>\n<td width=\"624\">1. + J\u00f3zef Chotkowski (11 rocz.)<\/p>\n<p>2. + Zofia Bana\u015b od Ma\u0142gorzaty i Kazimierza Cioch z rodzin\u0105<\/p>\n<p>3. + Janina Pr\u0119dka od Marii i Kazimierza Budzisz<\/p>\n<p>4. + W\u0142adys\u0142aw Tobiasz od \u017cony<\/p>\n<p>5.. + Eugeniusz Pa\u0142ka od rodziny Ciebier\u00f3w \u2013 ks. Pawe\u0142 poza parafi\u0105<\/p>\n<p><em>+ Adam Cyran (24) -DKS<\/em><\/td>\n<\/tr>\n<\/tbody>\n<\/table>\n<p><strong>Czwartek 1 sierpnia<\/strong><\/p>\n<table width=\"0\">\n<tbody>\n<tr>\n<td width=\"76\">7.00<\/td>\n<td width=\"624\">1. ++ dusze w czy\u015b\u0107cu cierpi\u0105ce<\/td>\n<\/tr>\n<tr>\n<td width=\"76\">18.00<\/td>\n<td width=\"624\">1. + Eugeniusz Skoczylas, Stanis\u0142awa, Pawe\u0142 Mikrut<\/p>\n<p>2. + W\u0142odzimierz Mr\u00f3z (27 rocz.)<\/p>\n<p>3. + Zofia Najda od Stanis\u0142awy Tondera<\/p>\n<p>4. + Mieczys\u0142aw Solecki od siostry Zofii z rodzin\u0105<\/p>\n<p>5. + Janina Pr\u0119dka od chrzestnego Wies\u0142awa z rodzin\u0105 \u2013 ks. Pawe\u0142 poza parafi\u0105<\/td>\n<\/tr>\n<\/tbody>\n<\/table>\n<p><strong>Pi\u0105tek&nbsp; 2 sierpnia<\/strong><\/p>\n<table width=\"0\">\n<tbody>\n<tr>\n<td width=\"76\">7.00<\/td>\n<td width=\"624\">1. + Maria, Stanis\u0142aw Szczygie\u0142<\/p>\n<p>2. + Zofia Najda od rodziny Wilk\u00f3w<\/p>\n<p>3. + Szczepan Chmiel od siostry z rodzin\u0105<\/td>\n<\/tr>\n<tr>\n<td width=\"76\">18.00<\/td>\n<td width=\"624\">1. + Wies\u0142awa, Stanis\u0142aw Piekie\u0142ek, Gra\u017cyna Paluch<\/p>\n<p>2. + Emil Ko\u015bci\u00f3\u0142ek<\/p>\n<p>3. + Maciej (1 rocz.)<\/p>\n<p>4. + W\u0142adys\u0142aw Tobiasz od c\u00f3rki Reginy z rodzin\u0105<\/td>\n<\/tr>\n<\/tbody>\n<\/table>\n<p><strong>Sobota 3 sierpnia<\/strong><\/p>\n<table width=\"0\">\n<tbody>\n<tr>\n<td width=\"76\">7.00<\/td>\n<td width=\"624\">1. Dzi\u0119kczynno-b\u0142agalna w intencji Lucyny i J\u00f3zefa, i ich dzieci oraz ca\u0142ej rodziny<\/p>\n<p>2. + Aleksandra Kubicka od Dominika<\/td>\n<\/tr>\n<tr>\n<td width=\"76\">18.00<\/td>\n<td width=\"624\">1.&nbsp; + Maria Kawa od Janiny i Les\u0142awa Pi\u0119ta<\/p>\n<p>2.&nbsp; + Szczygie\u0142 Teresa (4 rocz.)<\/p>\n<p>3. + Szczepan Chmiel od syna z rodzin\u0105<\/p>\n<p>4. O zdrowie i b\u0142og. Bo\u017ce dla Agnieszki i Tomasza<em>&nbsp;&nbsp;&nbsp;&nbsp;&nbsp;&nbsp; <\/em><\/td>\n<\/tr>\n<\/tbody>\n<\/table>\n<p><strong>NIEDZIELA&nbsp; 4 SIERPNIA<\/strong><\/p>\n<table width=\"0\">\n<tbody>\n<tr>\n<td width=\"76\">7.00<\/td>\n<td width=\"624\">1. + Stefania, W\u0142adys\u0142aw, Agnieszka W\u0105\u015b<\/td>\n<\/tr>\n<tr>\n<td width=\"76\">9.00<\/td>\n<td width=\"624\">1. + Albina, Henryk, Leszek Weron<\/td>\n<\/tr>\n<tr>\n<td width=\"76\">10.30<\/td>\n<td width=\"624\">1. + Aleksander, Maria Baran<\/td>\n<\/tr>\n<tr>\n<td width=\"76\">12.00<\/td>\n<td width=\"624\">1. Za parafian \u017cywych i zmar\u0142ych<\/td>\n<\/tr>\n<tr>\n<td width=\"76\">16.00<\/td>\n<td width=\"624\">1. + Krystyna S\u0142owik (9 rocz.)<\/td>\n<\/tr>\n<tr>\n<td width=\"76\">18.00<\/td>\n<td width=\"624\">1. + Julia, J\u00f3zef Chmiel<\/td>\n<\/tr>\n<\/tbody>\n<\/table>\n<p>Do u\u017cytku wewn\u0119trznego Parafii MB \u015anie\u017cnej w Rzeszowie!<\/p>\n<p>&nbsp;<\/p>\n","protected":false},"excerpt":{"rendered":"<p>&#8230;<\/p>\n","protected":false},"author":1,"featured_media":5475,"comment_status":"closed","ping_status":"open","sticky":false,"template":"","format":"standard","meta":{"ngg_post_thumbnail":0,"footnotes":""},"categories":[4],"tags":[],"class_list":["post-5846","post","type-post","status-publish","format-standard","has-post-thumbnail","hentry","category-intencje"],"_links":{"self":[{"href":"https:\/\/mbsniezna.rzeszow.pl\/index.php\/wp-json\/wp\/v2\/posts\/5846","targetHints":{"allow":["GET"]}}],"collection":[{"href":"https:\/\/mbsniezna.rzeszow.pl\/index.php\/wp-json\/wp\/v2\/posts"}],"about":[{"href":"https:\/\/mbsniezna.rzeszow.pl\/index.php\/wp-json\/wp\/v2\/types\/post"}],"author":[{"embeddable":true,"href":"https:\/\/mbsniezna.rzeszow.pl\/index.php\/wp-json\/wp\/v2\/users\/1"}],"replies":[{"embeddable":true,"href":"https:\/\/mbsniezna.rzeszow.pl\/index.php\/wp-json\/wp\/v2\/comments?post=5846"}],"version-history":[{"count":1,"href":"https:\/\/mbsniezna.rzeszow.pl\/index.php\/wp-json\/wp\/v2\/posts\/5846\/revisions"}],"predecessor-version":[{"id":5847,"href":"https:\/\/mbsniezna.rzeszow.pl\/index.php\/wp-json\/wp\/v2\/posts\/5846\/revisions\/5847"}],"wp:featuredmedia":[{"embeddable":true,"href":"https:\/\/mbsniezna.rzeszow.pl\/index.php\/wp-json\/wp\/v2\/media\/5475"}],"wp:attachment":[{"href":"https:\/\/mbsniezna.rzeszow.pl\/index.php\/wp-json\/wp\/v2\/media?parent=5846"}],"wp:term":[{"taxonomy":"category","embeddable":true,"href":"https:\/\/mbsniezna.rzeszow.pl\/index.php\/wp-json\/wp\/v2\/categories?post=5846"},{"taxonomy":"post_tag","embeddable":true,"href":"https:\/\/mbsniezna.rzeszow.pl\/index.php\/wp-json\/wp\/v2\/tags?post=5846"}],"curies":[{"name":"wp","href":"https:\/\/api.w.org\/{rel}","templated":true}]}}