{"id":5848,"date":"2019-07-28T20:22:48","date_gmt":"2019-07-28T18:22:48","guid":{"rendered":"https:\/\/mbsniezna.rzeszow.pl\/?p=5848"},"modified":"2019-07-28T20:23:38","modified_gmt":"2019-07-28T18:23:38","slug":"ogloszenia-na-xvii-niedziele-zwykla-28-07-2019-r","status":"publish","type":"post","link":"https:\/\/mbsniezna.rzeszow.pl\/index.php\/2019\/07\/28\/ogloszenia-na-xvii-niedziele-zwykla-28-07-2019-r\/","title":{"rendered":"Og\u0142oszenia na XVII Niedziel\u0119 zwyk\u0142\u0105, 28.07.2019 r."},"content":{"rendered":"<p>OG\u0141OSZENIA \u2013 XVII NIEDZIELA ZWYK\u0141A<br \/>\n28 LIPCA 2019 ROKU<\/p>\n<p>1.\tTrwa Nowenna przygotowuj\u0105ca  nas duchowo do uroczysto\u015bci odpustowej  ku czci Matki Bo\u017cej \u015anie\u017cnej \u2013 g\u0142\u00f3wnej patronki parafii.<\/p>\n<p>2.\t1 sierpnia rocznica wybuchu Powstania Warszawskiego \u2013 modlimy si\u0119 za wszystkich poleg\u0142ych w obronie Ojczyzny. W miesi\u0105cu sierpniu, kt\u00f3ry wype\u0142niony jest wielkimi rocznicami narodowymi staramy si\u0119 dba\u0107 o trze\u017awo\u015b\u0107.<\/p>\n<p>3.\tI czwartek miesi\u0105ca \u2013 dzie\u0144 modlitwy Ko\u015bcio\u0142a o powo\u0142ania do s\u0142u\u017cby Bo\u017cej, od 17.15 adoracja i spowied\u017a.<\/p>\n<p>4.\tI pi\u0105tek miesi\u0105ca: o 6.30 spowied\u017a, o 8.30 wyjazd do chorych, od 16.30 spowied\u017a \u2013 Komunia o 17.00 i 17.30, 18.00 Msza \u015bw. i nabo\u017ce\u0144stwo do Bo\u017cego Serca.<\/p>\n<p>5.\tI sobota miesi\u0105ca \u2013 po Mszy \u015bw. Wieczornej r\u00f3\u017caniec fatimski.<\/p>\n<p>6.\tW niedziel\u0119 na ka\u017cdej Mszy \u015bw. aspersja i odnowienie przyrzecze\u0144 chrzcielnych, po prymarii zmiana tajemnic r\u00f3\u017ca\u0144cowych.<\/p>\n<p>7.\tZapowiedzi: Marcin Betlej \u2013 Monika Czeka\u0144ska (zap. I); Mateusz P\u0142odzie\u0144 \u2013 Agnieszka Branas (zap. II).<\/p>\n<p>8.\tB\u00f3g zap\u0142a\u0107 za ofiary na sprz\u0105tanie ko\u015bcio\u0142a, w tym tygodniu z ul. Poselskiej prosimy rodziny: Edwarda Dr\u0105\u017cek, Agnieszki Tondera, Adama Tondera, Stanis\u0142awy Tondera, Katarzyny Dr\u0105\u017cek, Renaty Dr\u0105\u017cek, Iwony Pa\u015bko, Krystyny Pa\u0142ka, Katarzyny \u0141yda, Barbary \u0141yda, Barbary J\u00f3zefczyk, Ewy Ci\u0105pa\u0142a, Dominiki Mucha.<\/p>\n<p>9.\tB\u00f3g zap\u0142a\u0107 za sk\u0142adk\u0119 inwestycyjn\u0105 z ubieg\u0142ej niedzieli, kt\u00f3ra wynios\u0142a 9 tys. z\u0142. Dzi\u0119kujemy za ofiary wp\u0142acane na konto.<\/p>\n<p>10.\tOdpust parafialny ku czci Matki Bo\u017cej \u015anie\u017cnej b\u0119dzie w poniedzia\u0142ek 5 sierpnia, a suma odpustowa o godz. 18.00. Ju\u017c dzisiaj prosimy o przygotowanie ma\u0142ych dziewczynek i ch\u0142opc\u00f3w do sypania kwiat\u00f3w i dzwonienia na procesji, panie z ch\u00f3ru i dziewczyny ze scholii prosimy do obraz\u00f3w, zapraszamy wszystkich ministrant\u00f3w i lektor\u00f3w. W ramach duchowego przygotowania do odpustu starajmy si\u0119 skorzysta\u0107 ze spowiedzi w I czwartek, w I pi\u0105tek i w I sobot\u0119.<\/p>\n<p>Do u\u017cytku wewn\u0119trznego Parafii MB \u015anie\u017cnej w Rzeszowie!<\/p>\n","protected":false},"excerpt":{"rendered":"<p>&#8230;<\/p>\n","protected":false},"author":1,"featured_media":5466,"comment_status":"closed","ping_status":"open","sticky":false,"template":"","format":"standard","meta":{"ngg_post_thumbnail":0,"footnotes":""},"categories":[14],"tags":[],"class_list":["post-5848","post","type-post","status-publish","format-standard","has-post-thumbnail","hentry","category-ogloszenia_duszp"],"_links":{"self":[{"href":"https:\/\/mbsniezna.rzeszow.pl\/index.php\/wp-json\/wp\/v2\/posts\/5848","targetHints":{"allow":["GET"]}}],"collection":[{"href":"https:\/\/mbsniezna.rzeszow.pl\/index.php\/wp-json\/wp\/v2\/posts"}],"about":[{"href":"https:\/\/mbsniezna.rzeszow.pl\/index.php\/wp-json\/wp\/v2\/types\/post"}],"author":[{"embeddable":true,"href":"https:\/\/mbsniezna.rzeszow.pl\/index.php\/wp-json\/wp\/v2\/users\/1"}],"replies":[{"embeddable":true,"href":"https:\/\/mbsniezna.rzeszow.pl\/index.php\/wp-json\/wp\/v2\/comments?post=5848"}],"version-history":[{"count":2,"href":"https:\/\/mbsniezna.rzeszow.pl\/index.php\/wp-json\/wp\/v2\/posts\/5848\/revisions"}],"predecessor-version":[{"id":5850,"href":"https:\/\/mbsniezna.rzeszow.pl\/index.php\/wp-json\/wp\/v2\/posts\/5848\/revisions\/5850"}],"wp:featuredmedia":[{"embeddable":true,"href":"https:\/\/mbsniezna.rzeszow.pl\/index.php\/wp-json\/wp\/v2\/media\/5466"}],"wp:attachment":[{"href":"https:\/\/mbsniezna.rzeszow.pl\/index.php\/wp-json\/wp\/v2\/media?parent=5848"}],"wp:term":[{"taxonomy":"category","embeddable":true,"href":"https:\/\/mbsniezna.rzeszow.pl\/index.php\/wp-json\/wp\/v2\/categories?post=5848"},{"taxonomy":"post_tag","embeddable":true,"href":"https:\/\/mbsniezna.rzeszow.pl\/index.php\/wp-json\/wp\/v2\/tags?post=5848"}],"curies":[{"name":"wp","href":"https:\/\/api.w.org\/{rel}","templated":true}]}}