{"id":5852,"date":"2019-08-04T21:47:19","date_gmt":"2019-08-04T19:47:19","guid":{"rendered":"https:\/\/mbsniezna.rzeszow.pl\/?p=5852"},"modified":"2019-08-04T21:48:18","modified_gmt":"2019-08-04T19:48:18","slug":"intencje-mszalne-5-08-11-08-2019-r","status":"publish","type":"post","link":"https:\/\/mbsniezna.rzeszow.pl\/index.php\/2019\/08\/04\/intencje-mszalne-5-08-11-08-2019-r\/","title":{"rendered":"Intencje mszalne 5.08 \u2013 11.08.2019 r."},"content":{"rendered":"<p><strong>Poniedzia\u0142ek&nbsp; 5 sierpnia &nbsp;&#8211; ODPUST MATKI BO\u017bEJ \u015aNIE\u017bNEJ<\/strong><\/p>\n<table width=\"0\">\n<tbody>\n<tr>\n<td width=\"76\">7.00<\/td>\n<td width=\"624\">1. O zdrowie<\/p>\n<p>2. + Albina Prokop (4 rocz.), Marian, Stanis\u0142aw<\/p>\n<p>3. + Eugeniusz Pa\u0142ka od Piotra z rodzin\u0105<\/td>\n<\/tr>\n<tr>\n<td width=\"76\">9.00<\/td>\n<td width=\"624\">1. W intencji \u017cywych i zmar\u0142ych si\u00f3str z r\u00f3\u017cy Olgi Kotula<\/td>\n<\/tr>\n<tr>\n<td width=\"76\">11.00<\/td>\n<td width=\"624\">1. + Anna, Tadeusz Domino<\/p>\n<p>2. + Aleksandra Kubicka od bratowej Eugenii<\/td>\n<\/tr>\n<tr>\n<td width=\"76\">18.00<\/td>\n<td width=\"624\">1. Za parafian \u017cywych i zmar\u0142ych<\/p>\n<p>2. + Jacek Jopek od Ewy i Dariusza Jopek z rodzin\u0105<\/p>\n<p>3. + Emil Borowiec od \u017cony Stanis\u0142awy<\/p>\n<p>4. + Janina Pr\u0119dka od Agnieszki Lodzi\u0144skiej \u2013 ks. Pawe\u0142 poza parafi\u0105<\/p>\n<p><em>+ Bronis\u0142aw Pa\u015bko od koleg\u00f3w z MPK \u2013 Dom Ksi\u0119\u017cy Senior\u00f3w (DKS)<\/em><\/td>\n<\/tr>\n<\/tbody>\n<\/table>\n<p><strong>Wtorek&nbsp; 6 sierpnia<\/strong><\/p>\n<table width=\"0\">\n<tbody>\n<tr>\n<td width=\"76\">7.00<\/td>\n<td width=\"624\">1. W intencji pielgrzym\u00f3w na Podole i ich rodzin<\/td>\n<\/tr>\n<tr>\n<td width=\"76\">18.00<\/td>\n<td width=\"624\">1. O b\u0142og. Bo\u017ce dla Weroniki w 18 urodziny<\/p>\n<p>2. + Mieczys\u0142aw Solecki od Komitetu Budowy Ko\u015bcio\u0142a i Rady Parafialnej \u2013 ks. Pawe\u0142 poza parafi\u0105<\/p>\n<p><em>+ Bronis\u0142aw Pa\u015bko od koleg\u00f3w z MPK &#8211; DKS<\/em><\/td>\n<\/tr>\n<\/tbody>\n<\/table>\n<p>&nbsp;<strong>\u015aroda 7 sierpnia<\/strong><\/p>\n<table width=\"0\">\n<tbody>\n<tr>\n<td width=\"76\">7.00<\/td>\n<td width=\"624\">1. ++ dusze w czy\u015b\u0107cu cierpi\u0105ce<\/td>\n<\/tr>\n<tr>\n<td width=\"76\">18.00<\/td>\n<td width=\"624\">1. + Stefania \u017bmuda<\/p>\n<p>2. + Aleksandra Kubicka od Zofii i Alfreda Janda \u2013 ks. Pawe\u0142 poza parafi\u0105<\/p>\n<p><em>+ Bronis\u0142aw Pa\u015bko od OSP D\u0119bina &#8211; DKS<\/em><\/td>\n<\/tr>\n<\/tbody>\n<\/table>\n<p><strong>Czwartek&nbsp; 8 sierpnia<\/strong><\/p>\n<table width=\"0\">\n<tbody>\n<tr>\n<td width=\"76\">7.00<\/td>\n<td width=\"624\">1. O zdrowie dla Jacka i ca\u0142ej rodziny<\/td>\n<\/tr>\n<tr>\n<td width=\"76\">18.00<\/td>\n<td width=\"624\">1. + O b\u0142og. Bo\u017ce dla Katarzyny i Marcina w 10 rocz. \u015blubu i o b\u0142og. dla dzieci Julii i Bartosza<\/p>\n<p><em>+ Bronis\u0142aw Pa\u015bko od koleg\u00f3w Bogumi\u0142a z pracy &#8211; DKS<\/em><\/td>\n<\/tr>\n<\/tbody>\n<\/table>\n<p><strong>Pi\u0105tek&nbsp; 9 sierpnia<\/strong><\/p>\n<table width=\"0\">\n<tbody>\n<tr>\n<td width=\"76\">7.00<\/td>\n<td width=\"624\">1. + Zofia Bana\u015b od Anny i Piotra Szura<\/td>\n<\/tr>\n<tr>\n<td width=\"76\">18.00<\/td>\n<td width=\"624\">1. O b\u0142og. Bo\u017ce dla Aleksandy w 18 urodziny<\/p>\n<p>2. + Janina Pr\u0119dka od Chrze\u015bniaka Stanis\u0142awa z rodz. \u2013 zako\u0144czenie Mszy pogrzebowych<\/p>\n<p><em>+ Bronis\u0142aw Pa\u015bko od koleg\u00f3w Bogumi\u0142a z pracy<\/em><\/td>\n<\/tr>\n<\/tbody>\n<\/table>\n<p><strong>Sobota 10 &nbsp;sierpnia<\/strong><\/p>\n<table width=\"0\">\n<tbody>\n<tr>\n<td width=\"76\">7.00<\/td>\n<td width=\"624\">1. + Helena, Anna, Piotr Mi\u0105sik<\/td>\n<\/tr>\n<tr>\n<td width=\"76\">18.00<\/td>\n<td width=\"624\">1.&nbsp; O zdrowie Moniki i Krzysztofa i o b\u0142og. Bo\u017ce dla ca\u0142ej rodziny<\/p>\n<p>2.&nbsp; +&nbsp; Jacek Jopek od Czes\u0142awa, Stefanii i Bogdana \u015alemp \u2013 zako\u0144czenie Mszy pogrzebowych<em>&nbsp; <\/em><\/p>\n<p><em>+ Bronis\u0142aw Pa\u015bko od OSP Rzesz\u00f3w-Budziw\u00f3j<\/em><\/td>\n<\/tr>\n<\/tbody>\n<\/table>\n<p><strong>NIEDZIELA&nbsp; 11 SIERPNIA<\/strong><\/p>\n<table width=\"0\">\n<tbody>\n<tr>\n<td width=\"76\">7.00<\/td>\n<td width=\"624\">1. + Adam Dudek i ++ z rodziny<\/td>\n<\/tr>\n<tr>\n<td width=\"76\">9.00<\/td>\n<td width=\"624\">1. O b\u0142og. Bo\u017ce dla Kornelii w 18 urodziny<\/p>\n<p><em>+ Bronis\u0142aw Pa\u015bko od rodziny Rzepk\u00f3w z Rac\u0142aw\u00f3wki<\/em><\/td>\n<\/tr>\n<tr>\n<td width=\"76\">10.30<\/td>\n<td width=\"624\">1. + Jan, Aniela Pa\u015bko<\/td>\n<\/tr>\n<tr>\n<td width=\"76\">12.00<\/td>\n<td width=\"624\">1. Za parafian \u017cywych i zmar\u0142ych<\/td>\n<\/tr>\n<tr>\n<td width=\"76\">16.00<\/td>\n<td width=\"624\">1. + Adam, Andrzej, Emil Sok\u00f3\u0142<\/td>\n<\/tr>\n<tr>\n<td width=\"76\">18.00<\/td>\n<td width=\"624\">1. + Henryk (19 rocz.), Genowefa Myrda<\/td>\n<\/tr>\n<\/tbody>\n<\/table>\n<p>Tylko do u\u017cytku wewn\u0119trznego Parafii MB \u015anie\u017cnej w Rzeszowie!<\/p>\n<p>&nbsp;<\/p>\n<p>&nbsp;<\/p>\n<p>&nbsp;<\/p>\n<p>&nbsp;<\/p>\n","protected":false},"excerpt":{"rendered":"<p>&#8230;<\/p>\n","protected":false},"author":1,"featured_media":5476,"comment_status":"closed","ping_status":"open","sticky":false,"template":"","format":"standard","meta":{"ngg_post_thumbnail":0,"footnotes":""},"categories":[4],"tags":[],"class_list":["post-5852","post","type-post","status-publish","format-standard","has-post-thumbnail","hentry","category-intencje"],"_links":{"self":[{"href":"https:\/\/mbsniezna.rzeszow.pl\/index.php\/wp-json\/wp\/v2\/posts\/5852","targetHints":{"allow":["GET"]}}],"collection":[{"href":"https:\/\/mbsniezna.rzeszow.pl\/index.php\/wp-json\/wp\/v2\/posts"}],"about":[{"href":"https:\/\/mbsniezna.rzeszow.pl\/index.php\/wp-json\/wp\/v2\/types\/post"}],"author":[{"embeddable":true,"href":"https:\/\/mbsniezna.rzeszow.pl\/index.php\/wp-json\/wp\/v2\/users\/1"}],"replies":[{"embeddable":true,"href":"https:\/\/mbsniezna.rzeszow.pl\/index.php\/wp-json\/wp\/v2\/comments?post=5852"}],"version-history":[{"count":2,"href":"https:\/\/mbsniezna.rzeszow.pl\/index.php\/wp-json\/wp\/v2\/posts\/5852\/revisions"}],"predecessor-version":[{"id":5854,"href":"https:\/\/mbsniezna.rzeszow.pl\/index.php\/wp-json\/wp\/v2\/posts\/5852\/revisions\/5854"}],"wp:featuredmedia":[{"embeddable":true,"href":"https:\/\/mbsniezna.rzeszow.pl\/index.php\/wp-json\/wp\/v2\/media\/5476"}],"wp:attachment":[{"href":"https:\/\/mbsniezna.rzeszow.pl\/index.php\/wp-json\/wp\/v2\/media?parent=5852"}],"wp:term":[{"taxonomy":"category","embeddable":true,"href":"https:\/\/mbsniezna.rzeszow.pl\/index.php\/wp-json\/wp\/v2\/categories?post=5852"},{"taxonomy":"post_tag","embeddable":true,"href":"https:\/\/mbsniezna.rzeszow.pl\/index.php\/wp-json\/wp\/v2\/tags?post=5852"}],"curies":[{"name":"wp","href":"https:\/\/api.w.org\/{rel}","templated":true}]}}