{"id":5855,"date":"2019-08-04T21:49:51","date_gmt":"2019-08-04T19:49:51","guid":{"rendered":"https:\/\/mbsniezna.rzeszow.pl\/?p=5855"},"modified":"2019-08-04T21:49:51","modified_gmt":"2019-08-04T19:49:51","slug":"ogloszenia-na-xviii-niedziele-zwykla-04-08-2019-r","status":"publish","type":"post","link":"https:\/\/mbsniezna.rzeszow.pl\/index.php\/2019\/08\/04\/ogloszenia-na-xviii-niedziele-zwykla-04-08-2019-r\/","title":{"rendered":"Og\u0142oszenia na XVIII Niedziel\u0119 zwyk\u0142\u0105, 04.08.2019 r."},"content":{"rendered":"<p>OG\u0141OSZENIA \u2013 XVIII NIEDZIELA ZWYK\u0141A<br \/>\n4 SIERPNIA 2019 R.<\/p>\n<p>1.\tJutro uroczysto\u015b\u0107 odpustowa ku czci Matki Bo\u017cej \u015anie\u017cnej \u2013 g\u0142\u00f3wnej patronki parafii \u2013 jest to dla nas dzie\u0144 \u015bwi\u0105teczny. Porz\u0105dek Mszy \u015bw. b\u0119dzie nast\u0119puj\u0105cy: 7.00 \u2013 prymaria z wystawieniem, 9.00 \u2013 z b\u0142ogos\u0142awie\u0144stwem rodzic\u00f3w oczekuj\u0105cych narodzin dziecka, 11.00 \u2013 z b\u0142ogos\u0142awie\u0144stwem ma\u0142ych dzieci do 2 roku \u017cycia, 18.00 suma odpustowa z procesj\u0105 eucharystyczn\u0105 \u2013 na kt\u00f3r\u0105 wszystkich serdecznie zapraszamy. Prosimy ma\u0142e dzieci do sypania kwiat\u00f3w i dzwonienia, panie z ch\u00f3ru i dziewczyny ze scholii do obraz\u00f3w, prosimy o przybycie ministrant\u00f3w i lektor\u00f3w. Kaznodziej\u0105 odpustowym b\u0119dzie ks. Piotr Gnat \u2013 dyrektor Szko\u0142y Nowej Ewangelizacji w Rzeszowie.<\/p>\n<p>2.\tUroczysto\u015b\u0107 odpustowa jest dniem uprzywilejowanym dla parafian, bo w\u0142a\u015bnie w tym dniu mog\u0105 oni zyska\u0107 odpust \u2013 darowanie kary czy\u015b\u0107cowej (zupe\u0142ne lub cz\u0119\u015bciowe). Odpust uzyskujemy na okre\u015blonych warunkach: spowied\u017a (je\u015bli jest taka potrzeba), Komunia \u015bw., dobrowolna modlitwa w intencjach, kt\u00f3re wyznaczy\u0142 Ojciec \u015awi\u0119ty oraz g\u0142\u0119bokie pragnienie zyskania odpustu i zerwania z grzechem. Jutro p\u00f3\u0142 godziny przed ka\u017cd\u0105 Msz\u0105 \u015bw. b\u0119dzie mo\u017cliwo\u015b\u0107 spowiedzi.<\/p>\n<p>3.\tWe wtorek \u015bwi\u0119to Przemienienia Pa\u0144skiego i nabo\u017ce\u0144stwo do \u015bw. Antoniego.<\/p>\n<p>4.\tW \u015brod\u0119 Nowenna do Matki Bo\u017cej.<\/p>\n<p>5.\tW czwartek \u015bw. Dominika \u2013 od 17.15 adoracja i mo\u017cliwo\u015b\u0107 spowiedzi.<\/p>\n<p>6.\tW pi\u0105tek \u015bw. Edyty Stein \u2013 nabo\u017ce\u0144stwo do Bo\u017cego mi\u0142osierdzia.<\/p>\n<p>7.\tW sobot\u0119 \u015bw. Wawrzy\u0144ca.<\/p>\n<p>8.\tW niedziel\u0119 r\u00f3\u017caniec r\u00f3\u017ca Olgi Kotula.<\/p>\n<p>9.\tZapowiedzi: Marcin Betlej \u2013 Monika Czeka\u0144ska (zap. II); Mateusz P\u0142odzie\u0144 \u2013 Agnieszka Branas (zap. III).<\/p>\n<p>10.\tB\u00f3g zap\u0142a\u0107 za ofiary na sprz\u0105tanie ko\u015bcio\u0142a, w tym tygodniu z ul. Poselskiej prosimy rodziny: Joanny Grodeckiej, Joanny Szala, Celiny Lubas, Anny Borowiec, Marii Grodeckiej, Bo\u017ceny Kawa, Ewy Grzebyk, Marii Borowiec, Lucyny G\u0142odowskiej, Adama Bednarz, Macieja Bednarz.<\/p>\n<p>Tylko do u\u017cytku wewn\u0119trznego Parafii MB \u015anie\u017cnej w Rzeszowie!<\/p>\n","protected":false},"excerpt":{"rendered":"<p>&#8230;<\/p>\n","protected":false},"author":1,"featured_media":5488,"comment_status":"closed","ping_status":"open","sticky":false,"template":"","format":"standard","meta":{"ngg_post_thumbnail":0,"footnotes":""},"categories":[14],"tags":[],"class_list":["post-5855","post","type-post","status-publish","format-standard","has-post-thumbnail","hentry","category-ogloszenia_duszp"],"_links":{"self":[{"href":"https:\/\/mbsniezna.rzeszow.pl\/index.php\/wp-json\/wp\/v2\/posts\/5855","targetHints":{"allow":["GET"]}}],"collection":[{"href":"https:\/\/mbsniezna.rzeszow.pl\/index.php\/wp-json\/wp\/v2\/posts"}],"about":[{"href":"https:\/\/mbsniezna.rzeszow.pl\/index.php\/wp-json\/wp\/v2\/types\/post"}],"author":[{"embeddable":true,"href":"https:\/\/mbsniezna.rzeszow.pl\/index.php\/wp-json\/wp\/v2\/users\/1"}],"replies":[{"embeddable":true,"href":"https:\/\/mbsniezna.rzeszow.pl\/index.php\/wp-json\/wp\/v2\/comments?post=5855"}],"version-history":[{"count":1,"href":"https:\/\/mbsniezna.rzeszow.pl\/index.php\/wp-json\/wp\/v2\/posts\/5855\/revisions"}],"predecessor-version":[{"id":5856,"href":"https:\/\/mbsniezna.rzeszow.pl\/index.php\/wp-json\/wp\/v2\/posts\/5855\/revisions\/5856"}],"wp:featuredmedia":[{"embeddable":true,"href":"https:\/\/mbsniezna.rzeszow.pl\/index.php\/wp-json\/wp\/v2\/media\/5488"}],"wp:attachment":[{"href":"https:\/\/mbsniezna.rzeszow.pl\/index.php\/wp-json\/wp\/v2\/media?parent=5855"}],"wp:term":[{"taxonomy":"category","embeddable":true,"href":"https:\/\/mbsniezna.rzeszow.pl\/index.php\/wp-json\/wp\/v2\/categories?post=5855"},{"taxonomy":"post_tag","embeddable":true,"href":"https:\/\/mbsniezna.rzeszow.pl\/index.php\/wp-json\/wp\/v2\/tags?post=5855"}],"curies":[{"name":"wp","href":"https:\/\/api.w.org\/{rel}","templated":true}]}}