{"id":5860,"date":"2019-08-11T10:52:28","date_gmt":"2019-08-11T08:52:28","guid":{"rendered":"https:\/\/mbsniezna.rzeszow.pl\/?p=5860"},"modified":"2019-08-11T10:52:28","modified_gmt":"2019-08-11T08:52:28","slug":"ogloszenia-na-xix-niedziele-zwykla-11-08-2019-r","status":"publish","type":"post","link":"https:\/\/mbsniezna.rzeszow.pl\/index.php\/2019\/08\/11\/ogloszenia-na-xix-niedziele-zwykla-11-08-2019-r\/","title":{"rendered":"Og\u0142oszenia na XIX Niedziel\u0119 zwyk\u0142\u0105, 11.08.2019 r."},"content":{"rendered":"<p>OG\u0141OSZENIA \u2013 XIX NIEDZIELA ZWYK\u0141A<br \/>\n11 SIERPNIA 2019 R.<\/p>\n<p>1.\tWe wtorek o 17.30 r\u00f3\u017caniec w intencji poszanowania \u017cycia ludzkiego \u2013 zapraszamy cz\u0142onk\u00f3w Duchowej Adopcji, nabo\u017ce\u0144stwo do \u015bw. Antoniego.<\/p>\n<p>2.\tWe \u015brod\u0119 wspomnienie \u015bw. Maksymiliana Kolbe, nowenna do Matki Bo\u017cej.<\/p>\n<p>3.\tW \u015brod\u0119  o 13.30 wyj\u015bcie pieszej pielgrzymki na odpust do Borku Starego. Suma odpustowa w Borku o 17.00. Zapraszamy do wsp\u00f3lnego pielgrzymowania. W tym roku przypada 100-lecie koronacji obrazu Matki Bo\u017cej Boreckiej. Powr\u00f3t we w\u0142asnym zakresie.<\/p>\n<p>4.\tW czwartek uroczysto\u015b\u0107 Wniebowzi\u0119cia NMP \u2013 Matki Bo\u017cej Zielnej. Porz\u0105dek Mszy \u015bw. jak w niedziel\u0119, na ka\u017cdej Mszy \u015bw. po\u015bwi\u0119cenie ziela. W tym dniu wspominamy tak\u017ce \u201eCud nad Wis\u0142\u0105\u201d z 1920 r., modlimy si\u0119 za Wojsko Polskie i  za Ojczyzn\u0119.<\/p>\n<p>5.\tW pi\u0105tek  nabo\u017ce\u0144stwo do Bo\u017cego Mi\u0142osierdzia i nabo\u017ce\u0144stwo przy relikwiach \u015bw. Jana Paw\u0142a II.<\/p>\n<p>6.\tW przysz\u0142\u0105 niedziel\u0119 na Mszy \u015bw. o 12.00 do\u017cynki parafialne \u2013 dzi\u0119kczynienie Bogu i rolnikom z tegoroczne plony. Z tydzie\u0144 prosimy o sk\u0142adk\u0119 na cele inwestycyjne. R\u00f3\u017caniec r\u00f3\u017ca Marii Mr\u00f3z.<\/p>\n<p>7.\tZapowiedzi: Marcin Betlej \u2013 Monika Czeka\u0144ska (zap. III).<\/p>\n<p>8.\tB\u00f3g zap\u0142a\u0107 za ofiary na sprz\u0105tanie ko\u015bcio\u0142a, w tym tygodniu z ul. Podle\u015bnej prosimy rodziny: Marioli Kozio\u0142kiewicz, Jana Koza, Katarzyny W\u00f3jcik, Zofii Kozik, Halina Bu\u017c, Edyty Siweckiej, Wioletty Wandas, Wioletty Makowiec, Gra\u017cyny Pasierb, Katarzyny Ho\u0142ody, Sylwii Wysockiej, Edyty Dawidziak, Wiolety Fornal.<\/p>\n<p>9.\t14 wrze\u015bnia br. w \u015awi\u0119to Podwy\u017cszenia Krzy\u017ca  we W\u0142oc\u0142awku odb\u0119dzie si\u0119 og\u00f3lnopolskie spotkanie modlitewne \u201ePolska pod Krzy\u017cem\u201d \u2013 jest to kontynuacja dw\u00f3ch poprzednich spotka\u0144 \u201eWielka Pokuta i \u201eR\u00f3\u017caniec do granic\u201d. Pragniemy zorganizowa\u0107 wyjazd z parafii na to spotkanie. Szczeg\u00f3\u0142y: wyjazd o 2.00 w nocy, koszt 100 z\u0142 (transport, ubezpieczenie, parkingi), zabieramy ze sob\u0105 suchy prowiant i napoje, konieczne jest sk\u0142adane krzese\u0142ko, powr\u00f3t w niedziel\u0119 nad ranem, zapisy ju\u017c od dzisiaj w zakrystii, zapraszamy ch\u0119tnych tak\u017ce spoza parafii. Zobacz: https:\/\/www.polskapodkrzyzem.pl\/<\/p>\n<p>Do u\u017cytku wewn\u0119trznego Parafii MB \u015anie\u017cnej w Rzeszowie!<\/p>\n","protected":false},"excerpt":{"rendered":"<p>&#8230;<\/p>\n","protected":false},"author":1,"featured_media":5467,"comment_status":"closed","ping_status":"open","sticky":false,"template":"","format":"standard","meta":{"ngg_post_thumbnail":0,"footnotes":""},"categories":[14],"tags":[],"class_list":["post-5860","post","type-post","status-publish","format-standard","has-post-thumbnail","hentry","category-ogloszenia_duszp"],"_links":{"self":[{"href":"https:\/\/mbsniezna.rzeszow.pl\/index.php\/wp-json\/wp\/v2\/posts\/5860","targetHints":{"allow":["GET"]}}],"collection":[{"href":"https:\/\/mbsniezna.rzeszow.pl\/index.php\/wp-json\/wp\/v2\/posts"}],"about":[{"href":"https:\/\/mbsniezna.rzeszow.pl\/index.php\/wp-json\/wp\/v2\/types\/post"}],"author":[{"embeddable":true,"href":"https:\/\/mbsniezna.rzeszow.pl\/index.php\/wp-json\/wp\/v2\/users\/1"}],"replies":[{"embeddable":true,"href":"https:\/\/mbsniezna.rzeszow.pl\/index.php\/wp-json\/wp\/v2\/comments?post=5860"}],"version-history":[{"count":1,"href":"https:\/\/mbsniezna.rzeszow.pl\/index.php\/wp-json\/wp\/v2\/posts\/5860\/revisions"}],"predecessor-version":[{"id":5861,"href":"https:\/\/mbsniezna.rzeszow.pl\/index.php\/wp-json\/wp\/v2\/posts\/5860\/revisions\/5861"}],"wp:featuredmedia":[{"embeddable":true,"href":"https:\/\/mbsniezna.rzeszow.pl\/index.php\/wp-json\/wp\/v2\/media\/5467"}],"wp:attachment":[{"href":"https:\/\/mbsniezna.rzeszow.pl\/index.php\/wp-json\/wp\/v2\/media?parent=5860"}],"wp:term":[{"taxonomy":"category","embeddable":true,"href":"https:\/\/mbsniezna.rzeszow.pl\/index.php\/wp-json\/wp\/v2\/categories?post=5860"},{"taxonomy":"post_tag","embeddable":true,"href":"https:\/\/mbsniezna.rzeszow.pl\/index.php\/wp-json\/wp\/v2\/tags?post=5860"}],"curies":[{"name":"wp","href":"https:\/\/api.w.org\/{rel}","templated":true}]}}