{"id":5864,"date":"2019-08-18T21:16:28","date_gmt":"2019-08-18T19:16:28","guid":{"rendered":"https:\/\/mbsniezna.rzeszow.pl\/?p=5864"},"modified":"2019-08-18T21:16:28","modified_gmt":"2019-08-18T19:16:28","slug":"ogloszenia-na-xx-niedziele-zwykla-18-08-2019-r","status":"publish","type":"post","link":"https:\/\/mbsniezna.rzeszow.pl\/index.php\/2019\/08\/18\/ogloszenia-na-xx-niedziele-zwykla-18-08-2019-r\/","title":{"rendered":"Og\u0142oszenia na XX Niedziel\u0119 zwyk\u0142\u0105, 18.08.2019 r."},"content":{"rendered":"<p>OG\u0141OSZENIA \u2013 XX NIEDZIELA ZWYK\u0141A<br \/>\n18 SIERPNIA 2019 R.<\/p>\n<p>1.\tDzisiaj przezywamy parafialne dzi\u0119kczynienie za plony. Zespo\u0142om \u201eBudziwojce\u201d i \u201eWeso\u0142e kumoszki\u201d bardzo serdecznie dzi\u0119kujemy za wykonane wie\u0144ce do\u017cynkowe. Dzi\u0119kujemy gospodarzom od  wie\u0144c\u00f3w. Zespo\u0142om i instrumentalistom dzi\u0119kujemy za \u015bpiew, muzyk\u0119 i stroje, kt\u00f3re razem tworz\u0105 klimat \u015bwi\u0119ta oraz s\u0105 znakiem naszej to\u017csamo\u015bci. Tak jak wypada z kolejki jeden z zespo\u0142\u00f3w prosimy o reprezentowanie naszej parafii na do\u017cynkach diecezjalnych w Parku Papieskim przy katedrze w przysz\u0142\u0105 niedziel\u0119 o godz. 11.00.<\/p>\n<p>2.\tWe wtorek nabo\u017ce\u0144stwo do \u015bw. Antoniego.<\/p>\n<p>3.\tWe \u015brod\u0119 Nowenna do Matki Bo\u017cej.<\/p>\n<p>4.\tW czwartek wspomnienie Matki Bo\u017cej Kr\u00f3lowej \u2013 od 17.15 adoracja i mo\u017cliwo\u015b\u0107 spowiedzi.<\/p>\n<p>5.\tW pi\u0105tek wspomnienie b\u0142. ks. W\u0142adys\u0142awa Findysza \u2013 kap\u0142ana z naszej diecezji, m\u0119czennika czas\u00f3w komunistycznych,  nabo\u017ce\u0144stwo do Bo\u017cego mi\u0142osierdzia.<\/p>\n<p>6.\tW sobot\u0119 \u015bw. Bart\u0142omieja Aposto\u0142a.<\/p>\n<p>7.\tW niedziele r\u00f3\u017caniec r\u00f3\u017ca Marii Mr\u00f3z.<\/p>\n<p>8.\tB\u00f3g zap\u0142a\u0107 za ofiary na sprz\u0105tanie ko\u015bcio\u0142a, w tym tygodniu z ul. Podle\u015bnej prosimy rodziny: Zofii Mac, Moniki Kowalskiej, Edwarda W\u00f3jcik, Eweliny Pocz\u0105tek, Ireny Czenczek, Doroty Czenczek, Ma\u0142gorzaty Ku\u015bnierz, Ma\u0142gorzaty Mita\u0142, Barbary G\u0142\u00f3d, Anny Bomba, Danuty Bomba, Barbary Rak.<\/p>\n<p>9.\tNa stoliczku jest nowy numer darmowej gazety \u201eChiT \u2013 Chrystus i Ty\u201d. Jest on po\u015bwi\u0119cony tematyce krzy\u017ca, jako forma przygotowania do og\u00f3lnopolskiego spotkania modlitewnego \u201ePolska pod Krzy\u017cem\u201d, kt\u00f3re odb\u0119dzie si\u0119 14 wrze\u015bnia br. G\u0142\u00f3wne spotkanie b\u0119dzie we W\u0142oc\u0142awku. Organizujemy wyjazd na to spotkanie, zapraszamy do udzia\u0142u. Przypominamy szczeg\u00f3\u0142y: wyjazd o 2.00 w nocy, koszt 100 z\u0142 (transport, ubezpieczenie, parkingi), zabieramy ze sob\u0105 suchy prowiant i napoje, konieczne jest sk\u0142adane krzese\u0142ko, powr\u00f3t w niedziel\u0119 nad ranem, zapisy ju\u017c od dzisiaj w zakrystii, zapraszamy ch\u0119tnych tak\u017ce spoza parafii. Zobacz: https:\/\/www.polskapodkrzyzem.pl\/.<\/p>\n<p>10.\tW przysz\u0142\u0105 niedziel\u0119 25 sierpnia od godz. 14.00 b\u0119dzie dzie\u0144 otwartej remizy OSP &#8211; Budziw\u00f3j dla dzieci \u2013 przewidziane s\u0105 liczne atrakcje dla najm\u0142odszych na zako\u0144czenie wakacji. Natomiast jubileusz 100-lecia OSP b\u0119dzie w sobot\u0119 31 sierpnia i rozpocznie si\u0119 Msz\u0105 \u015bw. o godz. 14.00.<\/p>\n<p>11.\tW tym tygodniu ko\u0144czy pos\u0142ug\u0119 duszpastersk\u0105 w naszej parafii ks. dr Pawe\u0142 Syno\u015b. Bardzo serdecznie dzi\u0119kujemy mu za gorliwe pos\u0142ugiwanie w konfesjonale i na ambonie, a tak\u017ce za serdeczn\u0105 postaw\u0119 wobec parafian i ksi\u0119\u017cy wsp\u00f3\u0142pracownik\u00f3w na plebanii \u2013 by\u0142o nam ze sob\u0105 dobrze. Dzi\u0119kuj\u0105c \u017cyczymy wielu \u0142ask Bo\u017cych w bardzo specjalistycznych dzia\u0142aniach zleconych przez Ksi\u0119dza Biskupa w diecezji, Kurii i w Seminarium Duchownym, a tak\u017ce w nowym miejscu zamieszkania i duszpasterskiego pos\u0142ugiwania w Malawie. Z wdzi\u0119czno\u015bci\u0105 i z \u017cyczliwo\u015bci\u0105 z serca wypowiadamy B\u00f3g zap\u0142a\u0107 i Szcz\u0119\u015b\u0107 Bo\u017ce. Pom\u00f3dlmy si\u0119 w intencji ks. Paw\u0142a: \u201ePod Twoja obron\u0119\u201d.<\/p>\n<p>Do u\u017cytku wewn\u0119trznego Parafii MB \u015anie\u017cnej w Rzeszowie!<\/p>\n","protected":false},"excerpt":{"rendered":"<p>&#8230;<\/p>\n","protected":false},"author":1,"featured_media":5469,"comment_status":"closed","ping_status":"open","sticky":false,"template":"","format":"standard","meta":{"ngg_post_thumbnail":0,"footnotes":""},"categories":[14],"tags":[],"class_list":["post-5864","post","type-post","status-publish","format-standard","has-post-thumbnail","hentry","category-ogloszenia_duszp"],"_links":{"self":[{"href":"https:\/\/mbsniezna.rzeszow.pl\/index.php\/wp-json\/wp\/v2\/posts\/5864","targetHints":{"allow":["GET"]}}],"collection":[{"href":"https:\/\/mbsniezna.rzeszow.pl\/index.php\/wp-json\/wp\/v2\/posts"}],"about":[{"href":"https:\/\/mbsniezna.rzeszow.pl\/index.php\/wp-json\/wp\/v2\/types\/post"}],"author":[{"embeddable":true,"href":"https:\/\/mbsniezna.rzeszow.pl\/index.php\/wp-json\/wp\/v2\/users\/1"}],"replies":[{"embeddable":true,"href":"https:\/\/mbsniezna.rzeszow.pl\/index.php\/wp-json\/wp\/v2\/comments?post=5864"}],"version-history":[{"count":1,"href":"https:\/\/mbsniezna.rzeszow.pl\/index.php\/wp-json\/wp\/v2\/posts\/5864\/revisions"}],"predecessor-version":[{"id":5865,"href":"https:\/\/mbsniezna.rzeszow.pl\/index.php\/wp-json\/wp\/v2\/posts\/5864\/revisions\/5865"}],"wp:featuredmedia":[{"embeddable":true,"href":"https:\/\/mbsniezna.rzeszow.pl\/index.php\/wp-json\/wp\/v2\/media\/5469"}],"wp:attachment":[{"href":"https:\/\/mbsniezna.rzeszow.pl\/index.php\/wp-json\/wp\/v2\/media?parent=5864"}],"wp:term":[{"taxonomy":"category","embeddable":true,"href":"https:\/\/mbsniezna.rzeszow.pl\/index.php\/wp-json\/wp\/v2\/categories?post=5864"},{"taxonomy":"post_tag","embeddable":true,"href":"https:\/\/mbsniezna.rzeszow.pl\/index.php\/wp-json\/wp\/v2\/tags?post=5864"}],"curies":[{"name":"wp","href":"https:\/\/api.w.org\/{rel}","templated":true}]}}