{"id":5869,"date":"2019-08-26T09:31:13","date_gmt":"2019-08-26T07:31:13","guid":{"rendered":"https:\/\/mbsniezna.rzeszow.pl\/?p=5869"},"modified":"2019-08-26T09:31:13","modified_gmt":"2019-08-26T07:31:13","slug":"intencje-mszalne-26-08-1-09-2019-r","status":"publish","type":"post","link":"https:\/\/mbsniezna.rzeszow.pl\/index.php\/2019\/08\/26\/intencje-mszalne-26-08-1-09-2019-r\/","title":{"rendered":"Intencje mszalne 26.08 \u2013 1.09.2019 r."},"content":{"rendered":"<p><strong>Poniedzia\u0142ek&nbsp; 26 sierpnia<\/strong><\/p>\n<table width=\"0\">\n<tbody>\n<tr>\n<td width=\"76\">7.00<\/td>\n<td width=\"624\">1. + Szczepan Chmiel od Janusza G\u0142odowskiego z rodzin\u0105<\/p>\n<p>2. + Aleksandra Kubicka od kuzynki Stachurskiej z rodzin\u0105<\/p>\n<p>3. + Mieczys\u0142aw Solecki od Janusza Grzebyka z rodz.<\/td>\n<\/tr>\n<tr>\n<td width=\"76\">18.00<\/td>\n<td width=\"624\">1. + Adam Piszcz od rodzic\u00f3w<\/p>\n<p>2. + Eugeniusz Pa\u0142ka od Iwony i Wojciecha z rodzin\u0105<\/p>\n<p>3. + Zofia Najda od wnuk\u00f3w Wiktorii, Igorka i Bartosza<\/p>\n<p><em>+ Piotr Borowiec od rodziny Lasot\u00f3w\u2013 Dom Ksi\u0119\u017cy Senior\u00f3w (DKS)<\/em><\/td>\n<\/tr>\n<\/tbody>\n<\/table>\n<p><strong>Wtorek&nbsp; 27 &nbsp;sierpnia<\/strong><\/p>\n<table width=\"0\">\n<tbody>\n<tr>\n<td width=\"76\">7.00<\/td>\n<td width=\"624\">1. + Zofia Najda od rodziny Ra\u0142owskich<\/p>\n<p>2. + Helena Konkol od rodziny P\u0142onka<\/p>\n<p>3. + Aleksandra Kubicka od kole\u017canek Lucyny i Krystyny z synem<\/td>\n<\/tr>\n<tr>\n<td width=\"76\">18.00<\/td>\n<td width=\"624\">1. W intencji pielgrzym\u00f3w na Podole i ich rodzin&nbsp;&nbsp;&nbsp;&nbsp;&nbsp;&nbsp;&nbsp;<\/p>\n<p>2. + Eugeniusz Kukla od synowej<\/p>\n<p>3. + Mieczys\u0142aw Solecki od s\u0105siad\u00f3w Piel\u00f3w<\/p>\n<p><em>+ Piotr Borowiec od Marii i Les\u0142awa G\u0142odowskich &#8211; DKS<\/em><\/td>\n<\/tr>\n<\/tbody>\n<\/table>\n<p>&nbsp;<strong>\u015aroda 28 sierpnia<\/strong><\/p>\n<table width=\"0\">\n<tbody>\n<tr>\n<td width=\"76\">7.00<\/td>\n<td width=\"624\">1. + Aleksandra Kubicka od Olgi i Jerzego Kotula<\/p>\n<p>2. + Eugeniusz Kukla od wnuka Konrada<\/p>\n<p>3. + Helena Konkol od kuzynek z Budziwoja<\/td>\n<\/tr>\n<tr>\n<td width=\"76\">18.00<\/td>\n<td width=\"624\">1. + Czes\u0142aw \u015alemp od zony<\/p>\n<p>2. + W\u0142adys\u0142aw Tobiasz od syna Piotra z rodzin\u0105<\/p>\n<p>3. + Edward Mendo\u0144 od OSP Budziw\u00f3j<\/p>\n<p><em>+ Piotr Borowiec od rodziny Szaro ze Strzy\u017cowa- DKS<\/em><\/td>\n<\/tr>\n<\/tbody>\n<\/table>\n<p><strong>Czwartek&nbsp; 29 sierpnia<\/strong><\/p>\n<table width=\"0\">\n<tbody>\n<tr>\n<td width=\"76\">7.00<\/td>\n<td width=\"624\">1. + Aleksandra Kubicka od Zofii i Stanis\u0142awa Ofiar\u00f3w<\/p>\n<p>2. + Szczepan Chmiel od ch\u00f3ru \u201eFontes\u201d<\/p>\n<p>3. + Eugeniusz Pa\u0142ka od J\u00f3zefa G\u0142odowskiego<\/td>\n<\/tr>\n<tr>\n<td width=\"76\">18.00<\/td>\n<td width=\"624\">1. + Pawe\u0142, Stanis\u0142awa Jopek<\/p>\n<p>2. + Mieczys\u0142aw Solecki od ch\u00f3ru \u201eFontes\u201d<\/p>\n<p>3. + Eugeniusz Kukla od wnuczki Patrycji<\/p>\n<p><em>+ Piotr Borowiec od rodziny Rozmus\u00f3w z Lecki- DKS<\/em><\/td>\n<\/tr>\n<\/tbody>\n<\/table>\n<p><strong>Pi\u0105tek&nbsp; 30 sierpnia<\/strong><\/p>\n<table width=\"0\">\n<tbody>\n<tr>\n<td width=\"76\">7.00<\/td>\n<td width=\"624\">1. + Eugeniusz Kukla od wnuczki Sylwii i Natalii<\/p>\n<p>2. + W\u0142adys\u0142aw Tobiasz od syna Piotra<\/p>\n<p>3. + Helena Konkol od kuzynek z Budziwoja<\/td>\n<\/tr>\n<tr>\n<td width=\"76\">18.00<\/td>\n<td width=\"624\">1. + J\u00f3zef Kom\u00f3rek (37 rocz.)<\/p>\n<p>2. + Eugeniusz pa\u0142ka od W\u0142adys\u0142awy G\u0142odowskiej z rodzin\u0105<\/p>\n<p>3. W intencjach sabiny i Marka w 23 rocznice \u015blubu<\/p>\n<p><em>+ Piotr Borowiec od rodziny Ustrzyckich z Lecki-DKS<\/em><\/td>\n<\/tr>\n<\/tbody>\n<\/table>\n<p><strong>Sobota 31 sierpnia<\/strong><\/p>\n<table width=\"0\">\n<tbody>\n<tr>\n<td width=\"76\">7.00<\/p>\n<p>&nbsp;<\/p>\n<p>14.00<\/td>\n<td width=\"624\">1. + Bronis\u0142awa, Antoni Kotula<\/p>\n<p>2. + Aleksandra Kubicka od Zofii G\u0142odowskiej z rodzin\u0105<\/p>\n<p>1. W intencji OSP Budziw\u00f3j w 100-lecie powstania jednostki<\/td>\n<\/tr>\n<tr>\n<td width=\"76\">18.00<\/td>\n<td width=\"624\">1.&nbsp; + Tadeusz Borowiec (9 rocz.)<\/p>\n<p>2.&nbsp; + Katarzyna ( 2 rocz.), Jan Kawa<\/p>\n<p>3.&nbsp; + Zofia Grzelak<\/p>\n<p><em>+ Piotr Borowiec od rodziny Kotul\u00f3w &#8211; DKS<\/em><\/td>\n<\/tr>\n<\/tbody>\n<\/table>\n<p><strong>NIEDZIELA 1 WRZE\u015aNIA<\/strong><\/p>\n<table width=\"0\">\n<tbody>\n<tr>\n<td width=\"76\">7.00<\/td>\n<td width=\"624\">1. W intencji nowej m\u0119skiej r\u00f3\u017cy r\u00f3\u017ca\u0144cowej Jacka Kotuli<\/p>\n<p>2. W intencji si\u00f3str z r\u00f3\u017cy Marii Pa\u0142ka<\/td>\n<\/tr>\n<tr>\n<td width=\"76\">9.00<\/td>\n<td width=\"624\">1. + Tadeusz Domino (1) rozpocz\u0119cie Mszy gregoria\u0144skich<\/p>\n<p>2. + Zygmunt Dara\u017c<\/p>\n<p><em>+ Bronis\u0142aw Pa\u015bko od Zofii Wilk &#8211; DKS<\/em><\/td>\n<\/tr>\n<tr>\n<td width=\"76\">10.30<\/td>\n<td width=\"624\">1. O b\u0142ogos\u0142awie\u0144stwo Bo\u017ce i m\u0105dro\u015b\u0107 \u017cyciow\u0105 dla Julii w 18 urodziny<\/td>\n<\/tr>\n<tr>\n<td width=\"76\">12.00<\/td>\n<td width=\"624\">1. Za parafian \u017cywych i zmar\u0142ych<\/td>\n<\/tr>\n<tr>\n<td width=\"76\">16.00<\/td>\n<td width=\"624\">1. W intencji Katarzyny i Maria w 15 rocz. \u015blubu<\/td>\n<\/tr>\n<tr>\n<td width=\"76\">18.00<\/td>\n<td width=\"624\">1. + Bronis\u0142aw Syno\u015b<\/td>\n<\/tr>\n<\/tbody>\n<\/table>\n<p>Do u\u017cytku wewn\u0119trznego Parafii MB \u015anie\u017cnej w Rzeszowie!<\/p>\n","protected":false},"excerpt":{"rendered":"<p>&#8230;<\/p>\n","protected":false},"author":1,"featured_media":5475,"comment_status":"closed","ping_status":"open","sticky":false,"template":"","format":"standard","meta":{"ngg_post_thumbnail":0,"footnotes":""},"categories":[4],"tags":[],"class_list":["post-5869","post","type-post","status-publish","format-standard","has-post-thumbnail","hentry","category-intencje"],"_links":{"self":[{"href":"https:\/\/mbsniezna.rzeszow.pl\/index.php\/wp-json\/wp\/v2\/posts\/5869","targetHints":{"allow":["GET"]}}],"collection":[{"href":"https:\/\/mbsniezna.rzeszow.pl\/index.php\/wp-json\/wp\/v2\/posts"}],"about":[{"href":"https:\/\/mbsniezna.rzeszow.pl\/index.php\/wp-json\/wp\/v2\/types\/post"}],"author":[{"embeddable":true,"href":"https:\/\/mbsniezna.rzeszow.pl\/index.php\/wp-json\/wp\/v2\/users\/1"}],"replies":[{"embeddable":true,"href":"https:\/\/mbsniezna.rzeszow.pl\/index.php\/wp-json\/wp\/v2\/comments?post=5869"}],"version-history":[{"count":1,"href":"https:\/\/mbsniezna.rzeszow.pl\/index.php\/wp-json\/wp\/v2\/posts\/5869\/revisions"}],"predecessor-version":[{"id":5870,"href":"https:\/\/mbsniezna.rzeszow.pl\/index.php\/wp-json\/wp\/v2\/posts\/5869\/revisions\/5870"}],"wp:featuredmedia":[{"embeddable":true,"href":"https:\/\/mbsniezna.rzeszow.pl\/index.php\/wp-json\/wp\/v2\/media\/5475"}],"wp:attachment":[{"href":"https:\/\/mbsniezna.rzeszow.pl\/index.php\/wp-json\/wp\/v2\/media?parent=5869"}],"wp:term":[{"taxonomy":"category","embeddable":true,"href":"https:\/\/mbsniezna.rzeszow.pl\/index.php\/wp-json\/wp\/v2\/categories?post=5869"},{"taxonomy":"post_tag","embeddable":true,"href":"https:\/\/mbsniezna.rzeszow.pl\/index.php\/wp-json\/wp\/v2\/tags?post=5869"}],"curies":[{"name":"wp","href":"https:\/\/api.w.org\/{rel}","templated":true}]}}