{"id":5873,"date":"2019-08-31T21:34:40","date_gmt":"2019-08-31T19:34:40","guid":{"rendered":"https:\/\/mbsniezna.rzeszow.pl\/?p=5873"},"modified":"2019-08-31T21:34:40","modified_gmt":"2019-08-31T19:34:40","slug":"intencje-mszalne-2-09-8-09-2019-r","status":"publish","type":"post","link":"https:\/\/mbsniezna.rzeszow.pl\/index.php\/2019\/08\/31\/intencje-mszalne-2-09-8-09-2019-r\/","title":{"rendered":"Intencje mszalne 2.09 \u2013 8.09.2019 r."},"content":{"rendered":"<p><strong>Poniedzia\u0142ek&nbsp; 2 wrze\u015bnia<\/strong><\/p>\n<table width=\"0\">\n<tbody>\n<tr>\n<td width=\"76\">7.00<\/p>\n<p>8.00<\/td>\n<td width=\"624\">1. + Aleksandra Kubicka od rodzin Pa\u0142ka i Wilga<\/p>\n<p>2. + Stanis\u0142aw Burz od rodziny Baran\u00f3w z Siedlisk<\/p>\n<p>1. W intencji uczni\u00f3w, dyrekcji, nauczycieli i rodzic\u00f3w<\/td>\n<\/tr>\n<tr>\n<td width=\"76\">18.00<\/td>\n<td width=\"624\">1. + Tadeusz Domino (2)<\/p>\n<p>2. + Dorota R\u00f3g; Katarzyna i Jan kawa<\/p>\n<p>3. + Andrzej Bilski, ++ z rodzin Bilskich i Zieli\u0144skich<\/p>\n<p>4. + Eugeniusz Pa\u0142ka od kuzyna Kazimierza z rodzin\u0105<\/p>\n<p><em>+ Bronis\u0142aw Pa\u015bko od Zofii Wilk\u2013 Dom Ksi\u0119\u017cy Senior\u00f3w (DKS)<\/em><\/td>\n<\/tr>\n<\/tbody>\n<\/table>\n<p><strong>Wtorek&nbsp; 3 wrze\u015bnia<\/strong><\/p>\n<table width=\"0\">\n<tbody>\n<tr>\n<td width=\"76\">7.00<\/td>\n<td width=\"624\">1. + Aleksandra Kubicka od kole\u017canek z pracy c\u00f3rki Wioli<\/p>\n<p>2. + Helena Konkol od Ireny \u015alemp z rodzin\u0105<\/p>\n<p>3. + Edward Mendo\u0144 od rodziny Krok<\/p>\n<p>4. + Teresa Kulikowska od rodziny T\u0119czar\u00f3w<\/td>\n<\/tr>\n<tr>\n<td width=\"76\">18.00<\/td>\n<td width=\"624\">1. + Tadeusz Domino (3)<\/p>\n<p>2. + Bronis\u0142aw (31 rocz), Julia (15 rocz.) Warzocha<\/p>\n<p>3. + Jan W\u0105s-Po\u0142oty\u0144ski, Stefan, Weronika, Zdzis\u0142aw Podulka<\/p>\n<p>4. + Zofia Najda od Janiny S\u0142owik z rodzin\u0105<\/p>\n<p><em>+ Bronis\u0142aw Pa\u015bko od Stanis\u0142awa Kozika- DKS<\/em><\/td>\n<\/tr>\n<\/tbody>\n<\/table>\n<p>&nbsp;<strong>\u015aroda 4 wrze\u015bnia<\/strong><\/p>\n<table width=\"0\">\n<tbody>\n<tr>\n<td width=\"76\">7.00<\/td>\n<td width=\"624\">1. + Aleksandra Kubicka od Joanny i Andrzeja Kubickich \u2013 zako\u0144czenie Mszy pogrzebowych<\/p>\n<p>2. + W\u0142adys\u0142aw Tobiasz od rodziny Grub\u00f3w<\/p>\n<p>3. + Jan Grad od koleg\u00f3w syna z Firmy Argus<\/td>\n<\/tr>\n<tr>\n<td width=\"76\">18.00<\/td>\n<td width=\"624\">1. + Tadeusz Domino (4)<\/p>\n<p>2. +&nbsp; Zofia, Ludwik Kubicki, Mieczys\u0142aw Trojan<\/p>\n<p>3. + Szczepan Chmiel od Adama i Anny Guga\u0142a z rodzin\u0105<\/p>\n<p>4. O zdrowie i b\u0142og. Bo\u017ce i opiek\u0119 Matki Bo\u017cej dla Stefani Lasota w 80 urodziny<\/p>\n<p><em>+ Bronis\u0142aw Pa\u015bko od Zbyszka- DKS<\/em><\/td>\n<\/tr>\n<\/tbody>\n<\/table>\n<p><strong>Czwartek&nbsp; 5 wrze\u015bnia<\/strong><\/p>\n<table width=\"0\">\n<tbody>\n<tr>\n<td width=\"76\">7.00<\/td>\n<td width=\"624\">1. ++ z rodziny Bobr\u00f3w i Kawa od Bronis\u0142awy Kawa<\/p>\n<p>2. + Mieczys\u0142aw Solecki od kuzyna Marka z rodzin\u0105<\/p>\n<p>3. + Szczepan Chmiel od Edwarda i Barbary Guga\u0142a z rodzin\u0105<\/p>\n<p>4. + Maciej W\u0119glarz od rodziny Mazur<\/td>\n<\/tr>\n<tr>\n<td width=\"76\">18.00<\/td>\n<td width=\"624\">1. + Tadeusz Domino (5)<\/p>\n<p>2. + Adam Skoczylas<\/p>\n<p>3. + Janina Adamczuk<\/p>\n<p>4. + Eugeniusz Kukla od Romana Kmiotek z rodz.<\/p>\n<p><em>+ Bronis\u0142aw Pa\u015bko od Eugenii Kotula z rodzin\u0105- DKS<\/em><\/td>\n<\/tr>\n<\/tbody>\n<\/table>\n<p><strong>Pi\u0105tek&nbsp; 6 wrze\u015bnia<\/strong><\/p>\n<table width=\"0\">\n<tbody>\n<tr>\n<td width=\"76\">7.00<\/td>\n<td width=\"624\">1. Wynagradzaj\u0105ca Sercu Bo\u017cemu z grzechy \u015bwiata od Czes\u0142awy Szwed<\/p>\n<p>2. + Zofia Najda od Lucyny Dudek z rodzin\u0105<\/p>\n<p>3. + Eugeniusz Kukla od swatowej<\/td>\n<\/tr>\n<tr>\n<td width=\"76\">18.00<\/td>\n<td width=\"624\">1. + Tadeusz Domino (6)<\/p>\n<p>2. + Teresa Zimny od rodzin Pi\u0119t\u00f3w i Dareckich<\/p>\n<p>3. + Jan Pasieka od syna<\/p>\n<p><em>+ Bronis\u0142aw Pa\u015bko od Marty i Zbigniewa-DKS<\/em><\/td>\n<\/tr>\n<\/tbody>\n<\/table>\n<p><strong>Sobota 7 wrze\u015bnia<\/strong><\/p>\n<table width=\"0\">\n<tbody>\n<tr>\n<td width=\"76\">7.00<\/td>\n<td width=\"624\">1. + Szczepan Chmiel od Zespo\u0142u Weso\u0142e Kumoszki<\/p>\n<p>2. + Zofia Najda od rodziny Pa\u015bkiewicz<\/p>\n<p>3. + W\u0142adys\u0142aw Tobiasz od rodziny Prokop\u00f3w<\/p>\n<p>4. + Helena Konkol od Domin\u00f3w spod Grunwaldu \u2013 zako\u0144czenie Mszy pogrzebowych<\/td>\n<\/tr>\n<tr>\n<td width=\"76\">18.00<\/td>\n<td width=\"624\">1.&nbsp; + Tadeusz Domino (7)<\/p>\n<p>2.&nbsp; + Miros\u0142aw Rachelski od brata Paw\u0142a z rodzin\u0105<\/p>\n<p>3.&nbsp; + Mieczys\u0142aw Solecki od kuzyna Augustyna z rodzin\u0105<\/p>\n<p>4. + Edward Mendo\u0144 od rodziny Stachyr\u00f3w<\/p>\n<p><em>+ Bronis\u0142aw Pa\u015bko od Aldony i Tomasza- DKS<\/em><\/td>\n<\/tr>\n<\/tbody>\n<\/table>\n<p><strong>NIEDZIELA 8 WRZE\u015aNIA<\/strong><\/p>\n<table width=\"0\">\n<tbody>\n<tr>\n<td width=\"76\">7.00<\/td>\n<td width=\"624\">1. + Anna, Bronis\u0142aw Krasowski<\/td>\n<\/tr>\n<tr>\n<td width=\"76\">9.00<\/td>\n<td width=\"624\">1. Dzi\u0119kczynna za plony od zespo\u0142u wie\u0144cowego z Kolonii<\/p>\n<p>2. + Helena Jacek (1 rocz.)<\/td>\n<\/tr>\n<tr>\n<td width=\"76\">10.30<\/td>\n<td width=\"624\">1. + Tadeusz Domino (8)<\/td>\n<\/tr>\n<tr>\n<td width=\"76\">12.00<\/td>\n<td width=\"624\">1. Za parafian \u017cywych i zmar\u0142ych<\/td>\n<\/tr>\n<tr>\n<td width=\"76\">16.00<\/td>\n<td width=\"624\">1. + Remigiusz Procyk (7 rocz.)<\/td>\n<\/tr>\n<tr>\n<td width=\"76\">18.00<\/td>\n<td width=\"624\">1. + Adam Cyran (1 rocz.)<\/td>\n<\/tr>\n<\/tbody>\n<\/table>\n<p>Do u\u017cytku wewn\u0119trznego Parafii MB \u015anie\u017cnej w Rzeszowie!<\/p>\n","protected":false},"excerpt":{"rendered":"<p>&#8230;<\/p>\n","protected":false},"author":1,"featured_media":5311,"comment_status":"closed","ping_status":"open","sticky":false,"template":"","format":"standard","meta":{"ngg_post_thumbnail":0,"footnotes":""},"categories":[4],"tags":[],"class_list":["post-5873","post","type-post","status-publish","format-standard","has-post-thumbnail","hentry","category-intencje"],"_links":{"self":[{"href":"https:\/\/mbsniezna.rzeszow.pl\/index.php\/wp-json\/wp\/v2\/posts\/5873","targetHints":{"allow":["GET"]}}],"collection":[{"href":"https:\/\/mbsniezna.rzeszow.pl\/index.php\/wp-json\/wp\/v2\/posts"}],"about":[{"href":"https:\/\/mbsniezna.rzeszow.pl\/index.php\/wp-json\/wp\/v2\/types\/post"}],"author":[{"embeddable":true,"href":"https:\/\/mbsniezna.rzeszow.pl\/index.php\/wp-json\/wp\/v2\/users\/1"}],"replies":[{"embeddable":true,"href":"https:\/\/mbsniezna.rzeszow.pl\/index.php\/wp-json\/wp\/v2\/comments?post=5873"}],"version-history":[{"count":1,"href":"https:\/\/mbsniezna.rzeszow.pl\/index.php\/wp-json\/wp\/v2\/posts\/5873\/revisions"}],"predecessor-version":[{"id":5874,"href":"https:\/\/mbsniezna.rzeszow.pl\/index.php\/wp-json\/wp\/v2\/posts\/5873\/revisions\/5874"}],"wp:featuredmedia":[{"embeddable":true,"href":"https:\/\/mbsniezna.rzeszow.pl\/index.php\/wp-json\/wp\/v2\/media\/5311"}],"wp:attachment":[{"href":"https:\/\/mbsniezna.rzeszow.pl\/index.php\/wp-json\/wp\/v2\/media?parent=5873"}],"wp:term":[{"taxonomy":"category","embeddable":true,"href":"https:\/\/mbsniezna.rzeszow.pl\/index.php\/wp-json\/wp\/v2\/categories?post=5873"},{"taxonomy":"post_tag","embeddable":true,"href":"https:\/\/mbsniezna.rzeszow.pl\/index.php\/wp-json\/wp\/v2\/tags?post=5873"}],"curies":[{"name":"wp","href":"https:\/\/api.w.org\/{rel}","templated":true}]}}