{"id":5875,"date":"2019-08-31T21:36:20","date_gmt":"2019-08-31T19:36:20","guid":{"rendered":"https:\/\/mbsniezna.rzeszow.pl\/?p=5875"},"modified":"2019-08-31T21:36:20","modified_gmt":"2019-08-31T19:36:20","slug":"ogloszenia-na-xxii-niedziele-zwykla-01-09-2019-r","status":"publish","type":"post","link":"https:\/\/mbsniezna.rzeszow.pl\/index.php\/2019\/08\/31\/ogloszenia-na-xxii-niedziele-zwykla-01-09-2019-r\/","title":{"rendered":"Og\u0142oszenia na XXII Niedziel\u0119 zwyk\u0142\u0105, 01.09.2019 r."},"content":{"rendered":"<p>OG\u0141OSZENIA \u2013 XXII NIEDZIELA ZWYK\u0141A<br \/>\n1 WRZE\u015aNIA 2019 R.<\/p>\n<p>1.\tDzisiaj  po prymarii zmiana tajemnic r\u00f3\u017ca\u0144cowych. Powsta\u0142a nowa r\u00f3\u017ca r\u00f3\u017ca\u0144cowa m\u0119\u017cczyzn, kt\u00f3rej zelatorem b\u0119dzie Jacek Kotula.<\/p>\n<p>2.\tDzisiaj przypada 80 rocznica wybuchu II wojny \u015bwiatowej. Niemcy i Rosjanie wymordowali miliony Polak\u00f3w, kraj nasz doprowadzili do totalnej ruiny. Polska straci\u0142a po\u0142ow\u0119 swego terytorium i zosta\u0142a oddana przez Zach\u00f3d na d\u0142ugie dziesi\u0119ciolecia pod okupacj\u0119 sowieck\u0105. Po Mszy \u015bpiewamy \u201eBo\u017ce co\u015b Polsk\u0119\u201d, o 14.00 w ca\u0142ym kraju bi\u0107 b\u0119d\u0105 dzwony.<\/p>\n<p>3.\tJutro o godz. 8.00 Msza \u015bw. na rozpocz\u0119cie nowego roku szkolnego. Zapraszamy uczni\u00f3w, dyrekcje, nauczycieli, wychowawc\u00f3w z Przedszkoli i Szko\u0142y Podstawowej oraz z M\u0142odzie\u017cowego O\u015brodka Socjoterapii i  rodzic\u00f3w.<\/p>\n<p>4.\tI czwartek miesi\u0105ca \u2013 modlitwy o powo\u0142ania do s\u0142u\u017cby Bo\u017cej, od 17.15 adoracja i spowied\u017a.<\/p>\n<p>5.\tW czwartek po Mszy \u015bw. w ko\u015bciele spotkanie kandydat\u00f3w do bierzmowania z kl. VIII i ich rodzic\u00f3w.  B\u0119dzie mo\u017cliwo\u015b\u0107 zapisania si\u0119 do bierzmowania, Formularze s\u0105 na stoliczku.<\/p>\n<p>6.\tI pi\u0105tek miesi\u0105ca: spowied\u017a o 6.30 i Msza \u015bw. o 7.00, o 8.30 wyjazd do chorych w domach; od 17.30 spowied\u017a, Komunia o 17.00  i 17.30, o 18.00 Msza \u015bw. i nabo\u017ce\u0144stwo do Bo\u017cego Serca.<\/p>\n<p>7.\tW pierwszy czwartek i pi\u0105tek zapraszamy do spowiedzi dzieci z kl. IV, kt\u00f3re po I Komunii obchodz\u0105 pierwsze pi\u0105tki oraz ich rodzic\u00f3w, a tak\u017ce uczni\u00f3w z kl. VII i VIII, kt\u00f3rzy przez comiesi\u0119czn\u0105 spowied\u017a przygotowuj\u0105 si\u0119 do przyj\u0119cia sakramentu bierzmowania.<\/p>\n<p>8.\tI sobota miesi\u0105ca \u2013 po Mszy wieczornej r\u00f3\u017caniec fatimski.<\/p>\n<p>9.\tOd przysz\u0142ej niedzieli Msza \u015bw. z udzia\u0142em dzieci b\u0119dzie o godz. 10.30. Zapraszamy rodzic\u00f3w z dzie\u0107mi od przedszkola do kl. III podstaw\u00f3wki.<\/p>\n<p>10.\tKs. Biskup Ordynariusz prosi, aby nasz dekanat wspomaga\u0142 budow\u0119 ko\u015bcio\u0142a b\u0142. W\u0142adys\u0142awa Findysza na osiedlu pomi\u0119dzy S\u0142ocin\u0105 a Chmielnikiem. Dlatego w przysz\u0142\u0105 niedziel\u0119 przyb\u0119dzie do nas proboszcz tej parafii ks. W\u0142adys\u0142aw Srebrny \u2013 by\u0142y wikariusz w Budziwoju, kt\u00f3ry b\u0119dzie g\u0142osi\u0142 S\u0142owo Bo\u017ce, a po Mszach \u015bw. przed ko\u015bcio\u0142em b\u0119dzie zbiera\u0142 ofiary na budow\u0119 \u015bwi\u0105tyni. Starajmy si\u0119 wesprze\u0107 to dzie\u0142o. R\u00f3\u017caniec w przysz\u0142\u0105 niedziel\u0119 r\u00f3\u017ca Marii Pa\u0142ka.<\/p>\n<p>11.\tB\u00f3g zap\u0142a\u0107 za ofiary na sprz\u0105tanie, w tym tygodniu z ul. Podle\u015bnej prosimy rodziny: Ewy Mi\u015bta, Bogus\u0142awy W\u0105s-Po\u0142oty\u0144skiej, Marii Kalandyk, El\u017cbiety Kruczek, Anny Pasek, Anny O\u017cy\u0142o, Stanis\u0142awy O\u017cy\u0142o, Lyubow Wac\u0142awek, Urszuli Kalandyk, Renaty Kopiec, Barbary Biestek.<\/p>\n<p>12.\tSpotkania m\u0142odzie\u017cowych grup duszpasterskich pod opieka ks. Micha\u0142a:<br \/>\na)\tw \u015brod\u0119 po Mszy wieczornej spotkanie wszystkich ministrant\u00f3w i lektor\u00f3w<br \/>\nb)\tw czwartek po Mszy wieczornej w salce spotkanie oazy m\u0142odszej klasy od IV do VI<br \/>\nc)\tw pi\u0105tek  po Mszy wieczornej w salce spotkanie oazy starszej od klasy VII wzwy\u017c<br \/>\nZapraszamy m\u0142odych. Prosimy rodzic\u00f3w, aby zach\u0119cili dzieci i m\u0142odzie\u017c do uczestnictwa.<\/p>\n<p>13.\tW sobot\u0119 o 14.30 pr\u00f3ba scholii, a po niej spotkanie integracyjne przy grillu. Zapraszamy scholanki, a tak\u017ce nowe dziewczyny do scholii od klasy IV wzwy\u017c.<\/p>\n<p>14.\tSpotkania  dla rodzic\u00f3w dzieci komunijnych: poniedzia\u0142ek 9 wrze\u015bnia \u2013 klasa IIIa, wtorek 10 wrze\u015bnia \u2013 klasa IIIb, \u015broda 11 wrze\u015bnia \u2013 IIIc. Spotkania b\u0119d\u0119 o 18.45 w salce pod ko\u015bcio\u0142em. Dzieci do I Komunii spoza naszej szko\u0142y prosimy zg\u0142osi\u0107 do ko\u0144ca wrze\u015bnia.<\/p>\n<p>15.\tTrwaj\u0105 zapisy na wyjazd w W\u0142oc\u0142awka w dniu 14 wrze\u015bnia na og\u00f3lnopolskie spotkanie modlitewne \u201ePolska pod krzy\u017cem\u201d. Zapraszamy do wyjazdu.<\/p>\n<p>16.\tNa stoliczku za \u0142awkami jest nowy numer darmowej gazety \u201eDobre nowiny\u201d (200 sztuk).<\/p>\n<p>17.\tW naszej parafii bardzo serdecznie witamy ks. kan. Stanis\u0142awa Curzytka \u2013 emeryta z archidiecezji przemyskiej, kt\u00f3ry zamieszka\u0142 u swoich krewnych. Ks. Stanis\u0142awowi, kt\u00f3ry b\u0119dzie podejmowa\u0142 pos\u0142ug\u0119 duszpasterska w naszej parafii \u017cyczymy wielu \u0142ask Bo\u017cych i du\u017co zdrowia.<\/p>\n<p>18.\tDzisiaj zbi\u00f3rka do puszek na ca\u0142oroczne do\u017cywianie 4 dzieci w naszej szkole.<\/p>\n<p>Do u\u017cytku wewn\u0119trznego Parafii MB \u015anie\u017cnej w Rzeszowie!<\/p>\n","protected":false},"excerpt":{"rendered":"<p>&#8230;<\/p>\n","protected":false},"author":1,"featured_media":5488,"comment_status":"closed","ping_status":"open","sticky":false,"template":"","format":"standard","meta":{"ngg_post_thumbnail":0,"footnotes":""},"categories":[5],"tags":[],"class_list":["post-5875","post","type-post","status-publish","format-standard","has-post-thumbnail","hentry","category-komunikaty"],"_links":{"self":[{"href":"https:\/\/mbsniezna.rzeszow.pl\/index.php\/wp-json\/wp\/v2\/posts\/5875","targetHints":{"allow":["GET"]}}],"collection":[{"href":"https:\/\/mbsniezna.rzeszow.pl\/index.php\/wp-json\/wp\/v2\/posts"}],"about":[{"href":"https:\/\/mbsniezna.rzeszow.pl\/index.php\/wp-json\/wp\/v2\/types\/post"}],"author":[{"embeddable":true,"href":"https:\/\/mbsniezna.rzeszow.pl\/index.php\/wp-json\/wp\/v2\/users\/1"}],"replies":[{"embeddable":true,"href":"https:\/\/mbsniezna.rzeszow.pl\/index.php\/wp-json\/wp\/v2\/comments?post=5875"}],"version-history":[{"count":1,"href":"https:\/\/mbsniezna.rzeszow.pl\/index.php\/wp-json\/wp\/v2\/posts\/5875\/revisions"}],"predecessor-version":[{"id":5876,"href":"https:\/\/mbsniezna.rzeszow.pl\/index.php\/wp-json\/wp\/v2\/posts\/5875\/revisions\/5876"}],"wp:featuredmedia":[{"embeddable":true,"href":"https:\/\/mbsniezna.rzeszow.pl\/index.php\/wp-json\/wp\/v2\/media\/5488"}],"wp:attachment":[{"href":"https:\/\/mbsniezna.rzeszow.pl\/index.php\/wp-json\/wp\/v2\/media?parent=5875"}],"wp:term":[{"taxonomy":"category","embeddable":true,"href":"https:\/\/mbsniezna.rzeszow.pl\/index.php\/wp-json\/wp\/v2\/categories?post=5875"},{"taxonomy":"post_tag","embeddable":true,"href":"https:\/\/mbsniezna.rzeszow.pl\/index.php\/wp-json\/wp\/v2\/tags?post=5875"}],"curies":[{"name":"wp","href":"https:\/\/api.w.org\/{rel}","templated":true}]}}