{"id":5878,"date":"2019-09-08T21:00:17","date_gmt":"2019-09-08T19:00:17","guid":{"rendered":"https:\/\/mbsniezna.rzeszow.pl\/?p=5878"},"modified":"2019-09-08T21:00:17","modified_gmt":"2019-09-08T19:00:17","slug":"5878","status":"publish","type":"post","link":"https:\/\/mbsniezna.rzeszow.pl\/index.php\/2019\/09\/08\/5878\/","title":{"rendered":""},"content":{"rendered":"<p>OG\u0141OSZENIA \u2013 XXIII NIEDZIELA ZWYK\u0141A<br \/>\n8 WRZE\u015aNIA 2019 R.<\/p>\n<p>1.\tJutro przypada na nasz\u0105 parafi\u0119 diecezjalny dzie\u0144 adoracyjny. Rano zapraszamy ludzi starszych i chorych: 8.30 spowied\u017a, 9.00 Msza \u015bw. z udzielaniem sakramentu chorych, b\u0142ogos\u0142awie\u0144stwo lourdzkie Naj\u015bwi\u0119tszym Sakramentem oraz zawierzenie si\u0119 Naj\u015bwi\u0119tszemu Sercu Pana Jezusa. Po po\u0142udniu adoracja od godz. 17.30. Zapraszamy.<\/p>\n<p>2.\tJutro jest pielgrzymka kandydat\u00f3w do bierzmowania z ca\u0142ego miasta Rzeszowa do ko\u015bcio\u0142a bernardyn\u00f3w. Pocz\u0105tek spotkania o 17.30 w ogrodach bernardy\u0144skich. Zach\u0119camy uczni\u00f3w klas VIII do udzia\u0142u w tym spotkaniu.<\/p>\n<p>3.\tWe wtorek nabo\u017ce\u0144stwo do \u015bw. Antoniego. Po Mszy \u015bw. spotkanie wszystkich ministrant\u00f3w.<\/p>\n<p>4.\tW \u015brod\u0119 Nowenna do Matki Bo\u017cej, zapraszamy czcicieli cudownego medalika.<\/p>\n<p>5.\tW czwartek od 17.15 adoracja i spowied\u017a.<\/p>\n<p>6.\tW czwartek uroczysto\u015b\u0107 Matki Bo\u017cej Rzeszowskiej, odpust u bernardyn\u00f3w \u2013 szczeg\u00f3\u0142y na plakacie. Po Mszy \u015bw. wieczornej spotkanie kandydat\u00f3w do bierzmowania z klas VIII  w ko\u015bciele. <\/p>\n<p>7.\tW pi\u0105tek nabo\u017ce\u0144stwo do Bo\u017cego mi\u0142osierdzia. O 16.30 spotkanie oazy m\u0142odszej, a po Mszy \u015bw. o 18.00 spotkanie oazy starszej.<\/p>\n<p>8.\tW sobot\u0119 prze\u017cywamy og\u00f3lnopolsk\u0105 modlitw\u0119 \u201ePolska pod Krzy\u017cem\u201d. O godz. 2.00 wyjazd autobusu z dolnego parkingu ko\u015bcielnego na spotkanie we W\u0142oc\u0142awku. Natomiast w naszym ko\u015bciele o godz. 20.00 b\u0119dzie czuwanie przy krzy\u017cu i adoracja krzy\u017ca \u2013 serdecznie zapraszamy.<\/p>\n<p>9.\tW przysz\u0142\u0105 niedziel\u0119 prosimy o comiesi\u0119czn\u0105 sk\u0142adk\u0119 inwestycyjn\u0105. R\u00f3\u017caniec r\u00f3\u017ca Marii Pa\u0142ka.<\/p>\n<p>10.\tZapowiedzi: \u0141ukasz Wla\u017a \u2013 Justyna Gli\u0144ska (zap. I).<\/p>\n<p>11.\tDzi\u0119kujemy za ofiary na sprz\u0105tanie ko\u015bcio\u0142a, w tym tygodniu prosimy: z ul. Podle\u015bnej \u2013 Ewy Matu\u0142a, Ewy Misiewicz, Teresy Krupa, Zofii Kap\u0142on, Ma\u0142gorzaty Gazda; z ul. Przylasek rodziny \u2013 Marii Sysolak i Stanis\u0142awy Zarzyny; z ul. Jarz\u0119binowej rodziny- Doroty Go\u015b, Wies\u0142awy Kukla, Romana Kmiotek, Marii \u015awider, Aliny Pr\u0119dki, Marii Kalandyk, Ma\u0142gorzaty Warzocha, Heleny Wac\u0142awek.<\/p>\n<p>12.\tW tym tygodniu b\u0119d\u0105 spotkania  dla rodzic\u00f3w dzieci komunijnych: poniedzia\u0142ek 9 wrze\u015bnia \u2013 klasa IIIa, wtorek 10 wrze\u015bnia \u2013 klasa IIIb, \u015broda 11 wrze\u015bnia \u2013 IIIc. Spotkania b\u0119d\u0119 o 18.45 w salce pod ko\u015bcio\u0142em.<\/p>\n<p>13.\tIstnieje mo\u017cliwo\u015b\u0107, aby dzieci z Budziwoja chodz\u0105ce do szk\u00f3\u0142 poza swoj\u0105 parafi\u0105 przyst\u0105pi\u0142y do I Komunii w naszym ko\u015bciele, podobnie i dzieci z naszych rodzin przebywaj\u0105ce na emigracji. Dzieci te nale\u017cy zg\u0142osi\u0107 do ko\u0144ca wrze\u015bnia u ks. Damiana. <\/p>\n<p>14.\tNa parkingu wystawiony jest kontener na makulatur\u0119. Prosimy o przynoszenie makulatury na misje.<\/p>\n<p>15.\tTrwa g\u0142osowanie na Rzeszowski Bud\u017cet Obywatelski. Je\u017celi si\u0119 zmobilizujemy i  zag\u0142osujemy w du\u017cej liczbie os\u00f3b to na nasze osiedle mo\u017ce trafi\u0107 705 tysi\u0119cy z\u0142otych na r\u00f3\u017cne inwestycje. Mo\u017cemy g\u0142osowa\u0107 przez Internet lub kom\u00f3rk\u0119 na stron\u0119 rbo.erzeszow.pl, wybieraj\u0105c 3 projekty. Na nasze osiedle zadania oznaczone s\u0105 numerami: 5, 76, 105. G\u0142osowa\u0107 mog\u0105 wszyscy, tak\u017ce dzieci. G\u0142osowanie trwa do 20 wrze\u015bnia. W przysz\u0142\u0105 niedziel\u0119 po Mszach \u015bw. przed ko\u015bcio\u0142em b\u0119d\u0105 stanowiska do g\u0142osowania i pomoc. Prosimy o przyniesienie telefon\u00f3w kom\u00f3rkowych.<\/p>\n<p>16.\tKs. W\u0142adys\u0142awowi Srebrnemu proboszczowi parafii b\u0142. ks. W\u0142adys\u0142awa Findysza serdecznie dzi\u0119kujemy za dzisiejsze s\u0142owo Bo\u017ce. Przed ko\u015bcio\u0142em cz\u0142onkowie Komitetu Budowy Ko\u015bcio\u0142a b\u0119d\u0105 zbiera\u0107 ofiary na budow\u0119 \u015bwi\u0105tyni. Oka\u017cmy si\u0119 hojni. B\u00f3g zap\u0142a\u0107!.<\/p>\n<p>Do u\u017cytku wewn\u0119trznego Parafii MB \u015anie\u017cnej w Rzeszowie!<\/p>\n","protected":false},"excerpt":{"rendered":"<p>&#8230;<\/p>\n","protected":false},"author":1,"featured_media":5466,"comment_status":"closed","ping_status":"open","sticky":false,"template":"","format":"standard","meta":{"ngg_post_thumbnail":0,"footnotes":""},"categories":[14],"tags":[],"class_list":["post-5878","post","type-post","status-publish","format-standard","has-post-thumbnail","hentry","category-ogloszenia_duszp"],"_links":{"self":[{"href":"https:\/\/mbsniezna.rzeszow.pl\/index.php\/wp-json\/wp\/v2\/posts\/5878","targetHints":{"allow":["GET"]}}],"collection":[{"href":"https:\/\/mbsniezna.rzeszow.pl\/index.php\/wp-json\/wp\/v2\/posts"}],"about":[{"href":"https:\/\/mbsniezna.rzeszow.pl\/index.php\/wp-json\/wp\/v2\/types\/post"}],"author":[{"embeddable":true,"href":"https:\/\/mbsniezna.rzeszow.pl\/index.php\/wp-json\/wp\/v2\/users\/1"}],"replies":[{"embeddable":true,"href":"https:\/\/mbsniezna.rzeszow.pl\/index.php\/wp-json\/wp\/v2\/comments?post=5878"}],"version-history":[{"count":1,"href":"https:\/\/mbsniezna.rzeszow.pl\/index.php\/wp-json\/wp\/v2\/posts\/5878\/revisions"}],"predecessor-version":[{"id":5879,"href":"https:\/\/mbsniezna.rzeszow.pl\/index.php\/wp-json\/wp\/v2\/posts\/5878\/revisions\/5879"}],"wp:featuredmedia":[{"embeddable":true,"href":"https:\/\/mbsniezna.rzeszow.pl\/index.php\/wp-json\/wp\/v2\/media\/5466"}],"wp:attachment":[{"href":"https:\/\/mbsniezna.rzeszow.pl\/index.php\/wp-json\/wp\/v2\/media?parent=5878"}],"wp:term":[{"taxonomy":"category","embeddable":true,"href":"https:\/\/mbsniezna.rzeszow.pl\/index.php\/wp-json\/wp\/v2\/categories?post=5878"},{"taxonomy":"post_tag","embeddable":true,"href":"https:\/\/mbsniezna.rzeszow.pl\/index.php\/wp-json\/wp\/v2\/tags?post=5878"}],"curies":[{"name":"wp","href":"https:\/\/api.w.org\/{rel}","templated":true}]}}