{"id":5883,"date":"2019-09-15T21:49:14","date_gmt":"2019-09-15T19:49:14","guid":{"rendered":"https:\/\/mbsniezna.rzeszow.pl\/?p=5883"},"modified":"2019-09-21T09:48:43","modified_gmt":"2019-09-21T07:48:43","slug":"ogloszenia-na-xxiv-niedziele-zwykla-15-09-2019-r","status":"publish","type":"post","link":"https:\/\/mbsniezna.rzeszow.pl\/index.php\/2019\/09\/15\/ogloszenia-na-xxiv-niedziele-zwykla-15-09-2019-r\/","title":{"rendered":"Og\u0142oszenia na XXIV Niedziel\u0119 zwyk\u0142\u0105, 15.09.2019 r."},"content":{"rendered":"<p>OG\u0141OSZENIA \u2013 XXIV NIEDZIELA ZWYK\u0141A<br \/>\n15 WRZE\u015aNIA 2019 R.<\/p>\n<p>1.\tW poniedzia\u0142ek po Mszy \u015bw. nabo\u017ce\u0144stwo przy relikwiach \u015bw. Jana Paw\u0142a II. <\/p>\n<p>2.\tWe wtorek o 17.30 r\u00f3\u017caniec o poszanowania \u017cycia.  Po Mszy spotkanie lektor\u00f3w.<\/p>\n<p>3.\tWe wtorek wspomnienie \u015bw. Zygmunta Szcz\u0119snego Feli\u0144skiego. Przedszkole Si\u00f3str b\u0119dzie obchodzi\u0107 swoje \u015bwi\u0119to patronalne oraz 15 rocznic\u0119 powstania przedszkola. Z tej okazji zapraszamy na Msz\u0119 \u015bw. na godz. 18,00 dzieci ucz\u0119szczaj\u0105ce do przedszkola wraz z rodzicami oraz absolwent\u00f3w kt\u00f3rzy na przestrzeni 15 lat ucz\u0119szczali do przedszkola. <\/p>\n<p>4.\tWe wtorek rocznica napa\u015bci Zwi\u0105zku Radzieckiego na Polsk\u0119 17 wrze\u015bnia 1939 r. Modli\u0107 si\u0119 b\u0119dziemy za wszystkich zes\u0142anych na Syberi\u0119 i tam pomordowanych, a tak\u017ce o Bo\u017ce b\u0142ogos\u0142awie\u0144stwo dla Ojczyzny.<\/p>\n<p>5.\tW \u015brod\u0119 wspomnienie \u015bw. Stanis\u0142awa Kostki \u2013 Nowenna do Matki Bo\u017cej.<\/p>\n<p>6.\tW \u015brod\u0119 po Mszy wieczornej pocz\u0105tek cyklu czterech katechez dla doros\u0142ych o rzeczach ostatecznych. Zapraszamy.<\/p>\n<p>7.\tW czwartek od 17.15 adoracja Naj\u015bwi\u0119tszego Sakramentu i spowied\u017a. Po Mszy wieczornej spotkanie kandydat\u00f3w do bierzmowania z klas VIII.<\/p>\n<p>8.\tW czwartki o 19.30 w salce odbywaj\u0105 si\u0119 pr\u00f3by \u017be\u0144skiego Ch\u00f3ru Parafialnego \u201eFontes\u201d. Zapraszamy do ch\u00f3ru nowe panie. Zapewne w parafii jest wiele pa\u0144 obdarzonych s\u0142uchem muzycznym i pi\u0119knym g\u0142osem. Serdecznie zapraszamy.<\/p>\n<p>9.\tW pi\u0105tek nabo\u017ce\u0144stwo do Bo\u017cego Mi\u0142osierdzia.<\/p>\n<p>10.\tW sobot\u0119 \u015bw. Mateusza Aposto\u0142a. Pr\u00f3ba scholii o godz. 16.00.<\/p>\n<p>11.\tW tygodniu przypada 39 rocznica \u015bmierci proboszcza budziwojskiego ks. Kazimierza \u017bydzika. Msza \u015bw. w jego intencji b\u0119dzie w przysz\u0142\u0105 niedziel\u0119 o godz. 12.00.<\/p>\n<p>12.\tW przysz\u0142\u0105 niedziel\u0119 zbi\u00f3rka do puszek na utrzymanie Katolickiego Radia \u201eVia\u201d. R\u00f3\u017caniec r\u00f3\u017ca Alicji Szura. B\u00f3g zap\u0142a\u0107 za dzisiejsz\u0105 sk\u0142adk\u0119 na cele inwestycyjne. W sierpniu z\u0142o\u017cono na ten cel 8 tysi\u0119cy z\u0142. B\u00f3g zap\u0142a\u0107 za ofiary wp\u0142acane na konto.<\/p>\n<p>13.\tPrzysz\u0142a niedziela dedykowana jest rodzinie, prze\u017cywana b\u0119dzie pod has\u0142em \u201eRodzina sanktuarium \u017cycia\u201d. Na ka\u017cdej Mszy \u015bw. b\u0119dzie odnowienie \u015blubowa\u0144 sakramentu ma\u0142\u017ce\u0144stwa oraz indywidualne b\u0142ogos\u0142awie\u0144stwo rodzin. Prosimy do ko\u015bcio\u0142a przychodzi\u0107 ma\u0142\u017ce\u0144stwami i rodzinami oraz tak zajmowa\u0107 miejsca w ko\u015bciele.<\/p>\n<p>14.\tOg\u0142oszenia dla oazy: spotkanie oazy m\u0142odszej w pi\u0105tek o 16.30, starszej po Mszy \u015bw. wieczornej. W sobot\u0119 spotkanie ca\u0142ej oazy przy grillu o 16.30.<\/p>\n<p>15.\tB\u00f3g zap\u0142a\u0107 za ofiary na sprz\u0105tanie ko\u015bcio\u0142a, w tym tygodniu z ul. Nadziei prosimy rodziny: Doroty Czarnota, Anny G\u0142odowskiej, El\u017cbiety Pa\u015bkiewicz, Katarzyny Pa\u015bkiewicz, Anny Rutka, Agnieszki Materna, Renaty Kuc, Doroty Kuc, Renaty Pa\u015bko, Haliny Rzeszutko, Renaty Rzeszutko, Heleny \u0141yskowskiej, El\u017cbiety Kotula.<\/p>\n<p>16.\tPielgrzymka do Cz\u0119stochowy b\u0119dzie 7 pa\u017adziernika. Zapisy od przysz\u0142ej niedzieli.<\/p>\n<p>17.\tDzi\u0119kujemy za makulatur\u0119. Jutro b\u0119dzie podstawiony nowy kontener.<\/p>\n<p>Do u\u017cytku wewn\u0119trznego Parafii MB \u015anie\u017cnej w Rzeszowie<\/p>\n","protected":false},"excerpt":{"rendered":"<p>&#8230;<\/p>\n","protected":false},"author":1,"featured_media":5491,"comment_status":"closed","ping_status":"open","sticky":false,"template":"","format":"standard","meta":{"ngg_post_thumbnail":0,"footnotes":""},"categories":[14],"tags":[],"class_list":["post-5883","post","type-post","status-publish","format-standard","has-post-thumbnail","hentry","category-ogloszenia_duszp"],"_links":{"self":[{"href":"https:\/\/mbsniezna.rzeszow.pl\/index.php\/wp-json\/wp\/v2\/posts\/5883","targetHints":{"allow":["GET"]}}],"collection":[{"href":"https:\/\/mbsniezna.rzeszow.pl\/index.php\/wp-json\/wp\/v2\/posts"}],"about":[{"href":"https:\/\/mbsniezna.rzeszow.pl\/index.php\/wp-json\/wp\/v2\/types\/post"}],"author":[{"embeddable":true,"href":"https:\/\/mbsniezna.rzeszow.pl\/index.php\/wp-json\/wp\/v2\/users\/1"}],"replies":[{"embeddable":true,"href":"https:\/\/mbsniezna.rzeszow.pl\/index.php\/wp-json\/wp\/v2\/comments?post=5883"}],"version-history":[{"count":1,"href":"https:\/\/mbsniezna.rzeszow.pl\/index.php\/wp-json\/wp\/v2\/posts\/5883\/revisions"}],"predecessor-version":[{"id":5884,"href":"https:\/\/mbsniezna.rzeszow.pl\/index.php\/wp-json\/wp\/v2\/posts\/5883\/revisions\/5884"}],"wp:featuredmedia":[{"embeddable":true,"href":"https:\/\/mbsniezna.rzeszow.pl\/index.php\/wp-json\/wp\/v2\/media\/5491"}],"wp:attachment":[{"href":"https:\/\/mbsniezna.rzeszow.pl\/index.php\/wp-json\/wp\/v2\/media?parent=5883"}],"wp:term":[{"taxonomy":"category","embeddable":true,"href":"https:\/\/mbsniezna.rzeszow.pl\/index.php\/wp-json\/wp\/v2\/categories?post=5883"},{"taxonomy":"post_tag","embeddable":true,"href":"https:\/\/mbsniezna.rzeszow.pl\/index.php\/wp-json\/wp\/v2\/tags?post=5883"}],"curies":[{"name":"wp","href":"https:\/\/api.w.org\/{rel}","templated":true}]}}