{"id":6129,"date":"2019-09-26T11:16:14","date_gmt":"2019-09-26T09:16:14","guid":{"rendered":"https:\/\/mbsniezna.rzeszow.pl\/?p=6129"},"modified":"2020-12-12T22:42:28","modified_gmt":"2020-12-12T21:42:28","slug":"ruch-swiatlo-zycie","status":"publish","type":"post","link":"https:\/\/mbsniezna.rzeszow.pl\/index.php\/2019\/09\/26\/ruch-swiatlo-zycie\/","title":{"rendered":"Ruch \u015awiat\u0142o-\u017bycie"},"content":{"rendered":"<h2 style=\"text-align: center;\"><strong><span style=\"color: #ff0000;\">Ruch \u015awiat\u0142o-\u017bycie w parafii MB \u015anie\u017cnej Rzeszowie<\/span><\/strong><a href=\"https:\/\/mbsniezna.rzeszow.pl\/wp-content\/uploads\/2019\/09\/631A443A-28B8-43BD-B42A-D740A702C64C_1_201_a-scaled.jpeg\"><img loading=\"lazy\" decoding=\"async\" class=\"aligncenter wp-image-7378 size-large\" src=\"https:\/\/mbsniezna.rzeszow.pl\/wp-content\/uploads\/2019\/09\/631A443A-28B8-43BD-B42A-D740A702C64C_1_201_a-1024x768.jpeg\" alt=\"\" width=\"1024\" height=\"768\" srcset=\"https:\/\/mbsniezna.rzeszow.pl\/wp-content\/uploads\/2019\/09\/631A443A-28B8-43BD-B42A-D740A702C64C_1_201_a-1024x768.jpeg 1024w, https:\/\/mbsniezna.rzeszow.pl\/wp-content\/uploads\/2019\/09\/631A443A-28B8-43BD-B42A-D740A702C64C_1_201_a-300x225.jpeg 300w, https:\/\/mbsniezna.rzeszow.pl\/wp-content\/uploads\/2019\/09\/631A443A-28B8-43BD-B42A-D740A702C64C_1_201_a-768x576.jpeg 768w, https:\/\/mbsniezna.rzeszow.pl\/wp-content\/uploads\/2019\/09\/631A443A-28B8-43BD-B42A-D740A702C64C_1_201_a-1536x1152.jpeg 1536w, https:\/\/mbsniezna.rzeszow.pl\/wp-content\/uploads\/2019\/09\/631A443A-28B8-43BD-B42A-D740A702C64C_1_201_a-2048x1536.jpeg 2048w, https:\/\/mbsniezna.rzeszow.pl\/wp-content\/uploads\/2019\/09\/631A443A-28B8-43BD-B42A-D740A702C64C_1_201_a-scaled.jpeg 1920w\" sizes=\"auto, (max-width: 1024px) 100vw, 1024px\" \/><\/a><\/h2>\n<h2 style=\"text-align: center;\"><a href=\"http:\/\/www.facebook.com\/OAZA.Rzeszow.Budziwoj\/?modal=admin_todo_tour\" target=\"_blank\" rel=\"noopener noreferrer\">#FB_OAZA_Budziw\u00f3j<\/a><\/h2>\n<h3 style=\"padding-left: 40px;\"><strong>Historia:<\/strong><\/h3>\n<p style=\"text-align: justify;\"><b>Oaza m\u0142odzie\u017cowa<\/b> jest wsp\u00f3lnot\u0105 gromadz\u0105c\u0105 ludzi m\u0142odych, g\u0142\u00f3wnie uczni\u00f3w gimnazjum, liceum i student\u00f3w, na cotygodniowych spotkaniach formacyjnych. To jedna z ga\u0142\u0119zi <b>Ruchu \u015awiat\u0142o-\u017bycie<\/b> \u2013 ruchu odnowy Ko\u015bcio\u0142a za\u0142o\u017conego przez s\u0142ug\u0119 Bo\u017cego ks. Franciszka Blachnickiego w po\u0142owie XX wieku. Na wz\u00f3r ojca Franciszka oazowicze stawiaj\u0105 sobie za cel trosk\u0119 o odnow\u0119 \u017cycia duchowego i parafialnego, zgodnie z postanowieniami Soboru Watyka\u0144skiego II \u2013 aby Ko\u015bci\u00f3\u0142 stawa\u0142 si\u0119 wsp\u00f3lnot\u0105 wsp\u00f3lnot, a ludzie, aktywnie w\u0142\u0105czaj\u0105c si\u0119 w \u017cycie parafii jako najmniejszej kom\u00f3rki Ko\u015bcio\u0142a, przyczyniali si\u0119 do duchowego wzrostu ca\u0142ej wsp\u00f3lnoty wierz\u0105cych. <b>Dlatego te\u017c d\u0105\u017c\u0105 szczeg\u00f3lnie do rozwijania osobistej relacji z Chrystusem<\/b>.<\/p>\n<p><a href=\"https:\/\/mbsniezna.rzeszow.pl\/wp-content\/uploads\/2019\/09\/IMG_0663-scaled.jpeg\"><img loading=\"lazy\" decoding=\"async\" class=\"aligncenter wp-image-7384 size-large\" src=\"https:\/\/mbsniezna.rzeszow.pl\/wp-content\/uploads\/2019\/09\/IMG_0663-1024x768.jpeg\" alt=\"\" width=\"1024\" height=\"768\" srcset=\"https:\/\/mbsniezna.rzeszow.pl\/wp-content\/uploads\/2019\/09\/IMG_0663-1024x768.jpeg 1024w, https:\/\/mbsniezna.rzeszow.pl\/wp-content\/uploads\/2019\/09\/IMG_0663-300x225.jpeg 300w, https:\/\/mbsniezna.rzeszow.pl\/wp-content\/uploads\/2019\/09\/IMG_0663-768x576.jpeg 768w, https:\/\/mbsniezna.rzeszow.pl\/wp-content\/uploads\/2019\/09\/IMG_0663-1536x1152.jpeg 1536w, https:\/\/mbsniezna.rzeszow.pl\/wp-content\/uploads\/2019\/09\/IMG_0663-2048x1536.jpeg 2048w, https:\/\/mbsniezna.rzeszow.pl\/wp-content\/uploads\/2019\/09\/IMG_0663-scaled.jpeg 1920w\" sizes=\"auto, (max-width: 1024px) 100vw, 1024px\" \/><\/a><\/p>\n<h3 style=\"padding-left: 40px;\"><strong>My\u015bl programowa Oazy:<\/strong><\/h3>\n<p style=\"text-align: justify;\">Podstawowym zadaniem wsp\u00f3lnoty Ruchu \u015awiat\u0142o-\u017bycie jest osi\u0105ganie dojrza\u0142o\u015bci chrze\u015bcija\u0144skiej przez jej cz\u0142onk\u00f3w. S\u0142u\u017cy temu bogata <b>formacja<\/b>, na kt\u00f3r\u0105 sk\u0142ada si\u0119 wiele form aktywno\u015bci, a przede wszystkim:<\/p>\n<ul>\n<li style=\"text-align: justify;\"><b><\/b>wsp\u00f3lnie prze\u017cywana <b>Eucharystia<\/b>;<\/li>\n<li style=\"text-align: justify;\"><b><\/b>regularne <b>spotkania formacyjne<\/b> w ma\u0142ej grupie, kt\u00f3rych celem jest pog\u0142\u0119bianie wiary i kszta\u0142towanie w\u0142a\u015bciwych postaw moralnych poprzez przygl\u0105danie si\u0119 \u017cyciu w \u015bwietle s\u0142\u00f3w Pisma \u015awi\u0119tego;<\/li>\n<li style=\"text-align: justify;\"><b><\/b><b>modlitwa wsp\u00f3lnotowa<\/b>;<\/li>\n<li style=\"text-align: justify;\"><b><\/b>uczestnictwo w <b>rekolekcjach prze\u017cyciowych<\/b>, kt\u00f3rych istot\u0105 jest do\u015bwiadczenie mi\u0142o\u015bci i blisko\u015bci Pana Boga w liturgii, we wsp\u00f3lnocie, na modlitwie i poprzez s\u0142owa Pisma \u015awi\u0119tego;<\/li>\n<li style=\"text-align: justify;\"><b><\/b>codzienna modlitwa osobista z Pismem \u015awi\u0119tym, zwana <b>Namiotem Spotkania<\/b>;<\/li>\n<li style=\"text-align: justify;\"><b><\/b><b>s\u0142u\u017cba<\/b> parafii.<\/li>\n<\/ul>\n<h3 style=\"padding-left: 40px;\"><strong><a href=\"https:\/\/mbsniezna.rzeszow.pl\/wp-content\/uploads\/2019\/09\/IMG_3659.jpeg\"><img loading=\"lazy\" decoding=\"async\" class=\"wp-image-6131 size-full aligncenter\" src=\"https:\/\/mbsniezna.rzeszow.pl\/wp-content\/uploads\/2019\/09\/IMG_3659-e1569782666707.jpeg\" alt=\"\" width=\"640\" height=\"481\"><\/a><\/strong><\/h3>\n<h3 style=\"padding-left: 40px;\"><strong>Znaki:<\/strong><\/h3>\n<p>Znakiem rozpoznawczym Ruchu jest tak zwana <b>foska<\/b>, czyli starochrze\u015bcija\u0144ski krzy\u017c, sk\u0142adaj\u0105cy si\u0119 z greckich liter, kt\u00f3re czytane z g\u00f3ry na d\u00f3\u0142 tworz\u0105 wyraz <b>\u015bwiat\u0142o<\/b>: \u03a6\u03a9\u03a3 (FOS), a&nbsp;czytane w poziome \u2013 <b>\u017cycie<\/b>: \u0396\u03a9\u0397 (DZOE); st\u0105d te\u017c nazwa tej wsp\u00f3lnoty: Ruch \u015awiat\u0142o-\u017bycie. W&nbsp;znaku tym zawiera si\u0119 bogata symbolika charyzmatu Ruchu \u015awiat\u0142o-\u017bycie. Polega on na tym, by jego cz\u0142onkowie poznawali \u015bwiat\u0142o Ewangelii Chrystusowej i wprowadzali je w \u017cycie. Wizyt\u00f3wk\u0105 ka\u017cdego roku formacyjnego s\u0105 symbole \u2013 has\u0142o, logo i piosenka, b\u0119d\u0105ce wyrazem tre\u015bci, kt\u00f3re ca\u0142y Ruch szczeg\u00f3lnie prze\u017cywa w trakcie formacji danego roku.<\/p>\n<p><a href=\"https:\/\/mbsniezna.rzeszow.pl\/wp-content\/uploads\/2019\/09\/oaza1.jpg\"><img loading=\"lazy\" decoding=\"async\" class=\"aligncenter wp-image-6188 size-full\" src=\"https:\/\/mbsniezna.rzeszow.pl\/wp-content\/uploads\/2019\/09\/oaza1.jpg\" alt=\"\" width=\"520\" height=\"226\" srcset=\"https:\/\/mbsniezna.rzeszow.pl\/wp-content\/uploads\/2019\/09\/oaza1.jpg 520w, https:\/\/mbsniezna.rzeszow.pl\/wp-content\/uploads\/2019\/09\/oaza1-300x130.jpg 300w\" sizes=\"auto, (max-width: 520px) 100vw, 520px\" \/><\/a><\/p>\n<h3 style=\"padding-left: 40px;\"><strong>Patroni:<\/strong><\/h3>\n<p style=\"text-align: justify;\">Patronk\u0105 Ruchu \u015awiat\u0142o-\u017bycie jest <b>Maryja<\/b> \u2013 Niepokalana Matka Ko\u015bcio\u0142a, kt\u00f3ra pokazuje nam \u017ar\u00f3d\u0142o \u017cycia \u2013 Chrystusa. Jej figura znajduje si\u0119 w Centrum Ruchu, w <b>Kro\u015bcienku<\/b> nad Dunajcem. Sercem Centrum i ca\u0142ego Ruchu jest kaplica <b>Chrystusa S\u0142ugi<\/b>. Formacja oazowa prowadzi uczestnik\u00f3w do <b>diakonii<\/b>. Ten grecki wyraz oznacza po prostu s\u0142u\u017cb\u0119. Cz\u0142onek Ruchu \u015awiat\u0142o-\u017bycie, kt\u00f3ry przeszed\u0142 ju\u017c swoj\u0105 formacj\u0119 podstawow\u0105, chce na\u015bladowa\u0107 Chrystusa S\u0142ug\u0119, wykorzystuj\u0105c swoje talenty, zdolno\u015bci i wiedz\u0119 w s\u0142u\u017cbie Ko\u015bcio\u0142owi. <b>Diakonia<\/b> to tak\u017ce grupa os\u00f3b dzia\u0142aj\u0105cych na rzecz w\u0142asnej wsp\u00f3lnoty i ca\u0142ego Ruchu.<\/p>\n<h2 style=\"text-align: center;\"><span style=\"color: #ff0000;\">Nasza OAZA w parafii!<\/span><\/h2>\n<p style=\"text-align: justify;\">Jako oaza naszej parafii spotkania rozpoczynamy <strong>w ka\u017cdy pi\u0105tek!&nbsp;<\/strong><\/p>\n<ul style=\"text-align: justify;\">\n<li>M\u0142odsza <strong>OAZA tzw. OAZA JUNIOR<\/strong> spotkanie ma <strong>o godz. 16.30 w salce parafialnej<\/strong>.<\/li>\n<li>Starsza <strong>OAZA tzw. OAZA HIGH SCHOOL<\/strong> spotkanie <strong>rozpoczyna Msz\u0105 \u015bw. o godz. 18.00<\/strong>, a potem przechodzi do salki parafialnej.<\/li>\n<\/ul>\n<p style=\"text-align: justify;\">Wsp\u00f3lnota liczy kilkana\u015bcie os\u00f3b. Moderatorem i opiekunem jest obecnie ksi\u0105dz Micha\u0142 Liput, kt\u00f3ry wraz z &nbsp;animatorami przewodzi nam na drodze formacji \u015awiat\u0142o-\u017bycie.&nbsp;&nbsp;&nbsp;&nbsp;&nbsp;&nbsp;&nbsp;&nbsp;&nbsp;&nbsp;&nbsp;<\/p>\n<p><a href=\"https:\/\/mbsniezna.rzeszow.pl\/wp-content\/uploads\/2019\/09\/ahDfYRr9RluK4RR1GgsCQ-e1569782832267.jpg\"><img loading=\"lazy\" decoding=\"async\" class=\"aligncenter wp-image-6189 \" src=\"https:\/\/mbsniezna.rzeszow.pl\/wp-content\/uploads\/2019\/09\/ahDfYRr9RluK4RR1GgsCQ-e1569782832267-768x1024.jpg\" alt=\"\" width=\"503\" height=\"671\" srcset=\"https:\/\/mbsniezna.rzeszow.pl\/wp-content\/uploads\/2019\/09\/ahDfYRr9RluK4RR1GgsCQ-e1569782832267-768x1024.jpg 768w, https:\/\/mbsniezna.rzeszow.pl\/wp-content\/uploads\/2019\/09\/ahDfYRr9RluK4RR1GgsCQ-e1569782832267-225x300.jpg 225w, https:\/\/mbsniezna.rzeszow.pl\/wp-content\/uploads\/2019\/09\/ahDfYRr9RluK4RR1GgsCQ-e1569782832267.jpg 1440w\" sizes=\"auto, (max-width: 503px) 100vw, 503px\" \/><\/a><\/p>\n<h3 style=\"text-align: center;\"><strong>Co robimy?<\/strong><\/h3>\n<ul>\n<li style=\"text-align: justify;\">Najwa\u017cniejsze s\u0105 dla nas dzia\u0142ania maj\u0105ce na celu kszta\u0142towanie osobistej relacji z Jezusem. Naszym priorytetem jest wi\u0119c realizowanie podstawowych punkt\u00f3w formacji oazowej, takich jak: udzia\u0142 w <strong>Eucharystii<\/strong>, uczestnictwo w&nbsp;pi\u0119tnastodniowych <strong>rekolekcjach<\/strong> wakacyjnych, w <strong>spotkaniach grupowych<\/strong>, <strong>modlitwa<\/strong> wsp\u00f3lnotowa i osobista.<\/li>\n<li style=\"text-align: justify;\">Opr\u00f3cz tego jednak robimy jeszcze bardzo wiele rzeczy \u2013 jako wsp\u00f3lnota parafialna i chrze\u015bcija\u0144ska oraz po prostu \u2013 jako grupa przyjaci\u00f3\u0142.<\/li>\n<li style=\"text-align: justify;\">Chodzimy na <strong>wycieczki<\/strong>, na <strong>pizz\u0119<\/strong>, je\u017adzimy na <strong>rowery<\/strong>, zapraszamy ciekawych <strong>go\u015bci<\/strong>, kt\u00f3rzy dziel\u0105 si\u0119 z nami wiedz\u0105 i do\u015bwiadczeniem Pana Boga i Ko\u015bcio\u0142a, organizujemy <strong>zabawy<\/strong>, weekendowe <strong>wyjazdy&nbsp;<\/strong>w&nbsp;g\u00f3ry lub inne pi\u0119kne miejsca, a we wszystkim jest z nami B\u00f3g.<\/li>\n<li style=\"text-align: justify;\">Jako \u017ce struktura Ruchu \u015awiat\u0142o-\u017bycie jest zbudowana na wz\u00f3r struktury Ko\u015bcio\u0142a, jeste\u015bmy tak\u017ce obecni w <strong>rejonie<\/strong>, kt\u00f3ry stanowi dekanat Tyczyn k. Rzeszowa \u2013 spotykamy si\u0119 z oazami innych parafii na <strong>Dniach Wsp\u00f3lnoty<\/strong>, wyjazdach czy turniejach sportowych.<\/li>\n<\/ul>\n<p><a href=\"https:\/\/mbsniezna.rzeszow.pl\/wp-content\/uploads\/2019\/09\/5-scaled.jpg\"><img loading=\"lazy\" decoding=\"async\" class=\"wp-image-7383 size-large\" src=\"https:\/\/mbsniezna.rzeszow.pl\/wp-content\/uploads\/2019\/09\/5-1024x576.jpg\" alt=\"\" width=\"1024\" height=\"576\" srcset=\"https:\/\/mbsniezna.rzeszow.pl\/wp-content\/uploads\/2019\/09\/5-1024x576.jpg 1024w, https:\/\/mbsniezna.rzeszow.pl\/wp-content\/uploads\/2019\/09\/5-300x169.jpg 300w, https:\/\/mbsniezna.rzeszow.pl\/wp-content\/uploads\/2019\/09\/5-768x432.jpg 768w, https:\/\/mbsniezna.rzeszow.pl\/wp-content\/uploads\/2019\/09\/5-1536x864.jpg 1536w, https:\/\/mbsniezna.rzeszow.pl\/wp-content\/uploads\/2019\/09\/5-2048x1152.jpg 2048w, https:\/\/mbsniezna.rzeszow.pl\/wp-content\/uploads\/2019\/09\/5-scaled.jpg 1920w\" sizes=\"auto, (max-width: 1024px) 100vw, 1024px\" \/><\/a><\/p>\n<h3 style=\"text-align: center;\"><strong>Zapraszamy!&nbsp;<br \/>\n<\/strong><strong>Uwierz, \u017ce warto!&nbsp;<\/strong><\/h3>\n","protected":false},"excerpt":{"rendered":"<p>&#8230;<\/p>\n","protected":false},"author":1,"featured_media":6130,"comment_status":"closed","ping_status":"open","sticky":false,"template":"","format":"standard","meta":{"ngg_post_thumbnail":0,"footnotes":""},"categories":[9,13,84],"tags":[],"class_list":["post-6129","post","type-post","status-publish","format-standard","has-post-thumbnail","hentry","category-duszpasterstwa","category-newsy","category-oaza"],"_links":{"self":[{"href":"https:\/\/mbsniezna.rzeszow.pl\/index.php\/wp-json\/wp\/v2\/posts\/6129","targetHints":{"allow":["GET"]}}],"collection":[{"href":"https:\/\/mbsniezna.rzeszow.pl\/index.php\/wp-json\/wp\/v2\/posts"}],"about":[{"href":"https:\/\/mbsniezna.rzeszow.pl\/index.php\/wp-json\/wp\/v2\/types\/post"}],"author":[{"embeddable":true,"href":"https:\/\/mbsniezna.rzeszow.pl\/index.php\/wp-json\/wp\/v2\/users\/1"}],"replies":[{"embeddable":true,"href":"https:\/\/mbsniezna.rzeszow.pl\/index.php\/wp-json\/wp\/v2\/comments?post=6129"}],"version-history":[{"count":13,"href":"https:\/\/mbsniezna.rzeszow.pl\/index.php\/wp-json\/wp\/v2\/posts\/6129\/revisions"}],"predecessor-version":[{"id":7387,"href":"https:\/\/mbsniezna.rzeszow.pl\/index.php\/wp-json\/wp\/v2\/posts\/6129\/revisions\/7387"}],"wp:featuredmedia":[{"embeddable":true,"href":"https:\/\/mbsniezna.rzeszow.pl\/index.php\/wp-json\/wp\/v2\/media\/6130"}],"wp:attachment":[{"href":"https:\/\/mbsniezna.rzeszow.pl\/index.php\/wp-json\/wp\/v2\/media?parent=6129"}],"wp:term":[{"taxonomy":"category","embeddable":true,"href":"https:\/\/mbsniezna.rzeszow.pl\/index.php\/wp-json\/wp\/v2\/categories?post=6129"},{"taxonomy":"post_tag","embeddable":true,"href":"https:\/\/mbsniezna.rzeszow.pl\/index.php\/wp-json\/wp\/v2\/tags?post=6129"}],"curies":[{"name":"wp","href":"https:\/\/api.w.org\/{rel}","templated":true}]}}