{"id":6170,"date":"2019-09-28T20:33:33","date_gmt":"2019-09-28T18:33:33","guid":{"rendered":"https:\/\/mbsniezna.rzeszow.pl\/?p=6170"},"modified":"2019-09-28T20:38:21","modified_gmt":"2019-09-28T18:38:21","slug":"ogloszenia-xxvi-niedziela-zwykla-29-wrzesnia-2019-r","status":"publish","type":"post","link":"https:\/\/mbsniezna.rzeszow.pl\/index.php\/2019\/09\/28\/ogloszenia-xxvi-niedziela-zwykla-29-wrzesnia-2019-r\/","title":{"rendered":"OG\u0141OSZENIA \u2013 XXVI NIEDZIELA ZWYK\u0141A 29 WRZE\u015aNIA 2019 R."},"content":{"rendered":"<ol>\n<li style=\"text-align: justify;\">Dzisiaj o 14.00 pogrzeb Aleksandry G\u0142odowskiej z ul. Kwiatowej.<\/li>\n<\/ol>\n<ol style=\"text-align: justify;\" start=\"2\">\n<li>W poniedzia\u0142ek po Mszy spotkanie kandydat\u00f3w na ministrant\u00f3w.<\/li>\n<\/ol>\n<ol style=\"text-align: justify;\" start=\"3\">\n<li>We wtorek po Mszy spotkanie lektor\u00f3w.<\/li>\n<\/ol>\n<ol style=\"text-align: justify;\" start=\"4\">\n<li>We wtorek rozpoczyna si\u0119 miesi\u0105c pa\u017adziernik. W ko\u015bciele jest to czas modlitwy r\u00f3\u017ca\u0144cowej, na kt\u00f3r\u0105 bardzo serdecznie zapraszamy doros\u0142ych, m\u0142odzie\u017c i dzieci.<\/li>\n<\/ol>\n<ol style=\"text-align: justify;\" start=\"5\">\n<li>W dni powszednie r\u00f3\u017caniec b\u0119dzie po Mszy \u015bw. wieczornej \u2013 w czwartki przed Msz\u0105 \u015bw., a w niedziele o 17.00.<span class=\"Apple-converted-space\">&nbsp;<\/span><\/li>\n<\/ol>\n<ol style=\"text-align: justify;\" start=\"6\">\n<li>Tegoroczne rozwa\u017cania r\u00f3\u017ca\u0144cowe po\u015bwi\u0119cone s\u0105 tematyce misyjnej. Dla dzieci m\u0142odszych b\u0119dzie konkurs na uczestnictwo z planszami i naklejkami.<\/li>\n<\/ol>\n<ol style=\"text-align: justify;\" start=\"7\">\n<li>Papie\u017c Franciszek miesi\u0105c pa\u017adziernik ustanowi\u0142 Nadzwyczajnym Miesi\u0105cem Misyjnym oraz zaprosi\u0142<span class=\"Apple-converted-space\">&nbsp; <\/span>ludzi Ko\u015bcio\u0142a do o\u017cywienia \u015bwiadomo\u015bci misyjnej i do pomocy misjom. Jako parafia chcemy wesprze\u0107 finansowo odbudow\u0119 ko\u015bcio\u0142a w polskiej wiosce Bia\u0142ystok na Syberii, kt\u00f3ry sp\u0142on\u0105\u0142 w 2017 r.- aktualnie Msze odprawiane s\u0105 pod go\u0142ym niebem \u2013 zdj\u0119cia na naszym FB. Na ten cel b\u0119dzie zbi\u00f3rka do puszek w przysz\u0142\u0105 niedziel\u0119, a ca\u0142y miesi\u0105c<span class=\"Apple-converted-space\">&nbsp; <\/span>mo\u017cna sk\u0142ada\u0107 ofiary do puszek w balaskach.<\/li>\n<\/ol>\n<ol style=\"text-align: justify;\" start=\"8\">\n<li>W \u015brod\u0119 po Mszy katecheza dla doros\u0142ych o rzeczach ostatecznych cz\u0142owieka.<\/li>\n<\/ol>\n<ol style=\"text-align: justify;\" start=\"9\">\n<li>I czwartek miesi\u0105ca od 17.15 adoracja i mo\u017cliwo\u015b\u0107 spowiedzi \u2013 zapraszamy uczni\u00f3w klas VII w ramach przygotowania do bierzmowania. Po Mszy \u015bw. nabo\u017ce\u0144stwo pokutne i spowied\u017a dla kandydat\u00f3w do bierzmowania z klas VIII.<\/li>\n<\/ol>\n<ol style=\"text-align: justify;\" start=\"10\">\n<li>I pi\u0105tek miesi\u0105ca: 6.30 spowied\u017a, 7.00 Msza \u015bw. i nabo\u017ce\u0144stwo do Bo\u017cego Serca, 8.30 wyjazd do chorych w Villa Seniora i po domach, 16.30 spowied\u017a,<span class=\"Apple-converted-space\">&nbsp; <\/span>Komunia o 17.00 i 17.30, o 18.00 Msza \u015bw. z nabo\u017ce\u0144stwem r\u00f3\u017ca\u0144cowym. O 16.30 spotkanie oazy m\u0142odszej, a po Mszy oazy starszej.<\/li>\n<\/ol>\n<ol style=\"text-align: justify;\" start=\"11\">\n<li>I sobota miesi\u0105ca \u2013 po Mszy wieczornej r\u00f3\u017caniec fatimski.<\/li>\n<\/ol>\n<ol style=\"text-align: justify;\" start=\"12\">\n<li>Kalendarz liturgiczny: w poniedzia\u0142ek \u015bw. Hieronima, we wtorek \u015bw. Teresy od Dzieci\u0105tka Jezus, w \u015brod\u0119 \u015awi\u0119tych Anio\u0142\u00f3w Str\u00f3\u017c\u00f3w, w pi\u0105tek \u015bw. Franciszka z Asy\u017cu, w sobot\u0119 \u015bw. Faustyny.<\/li>\n<\/ol>\n<ol style=\"text-align: justify;\" start=\"13\">\n<li>W przysz\u0142\u0105 niedziel\u0119 na ka\u017cdej Mszy \u015bw. aspersja i odnowienie przyrzecze\u0144 chrzcielnych, po prymarii zmiana tajemnic r\u00f3\u017ca\u0144cowych, r\u00f3\u017caniec o 17.00. Na Mszy z udzia\u0142em dzieci o 10.30 po\u015bwi\u0119cenie r\u00f3\u017ca\u0144c\u00f3w dzieciom komunijnym z klas III, kt\u00f3re zapraszamy wraz z rodzicami.<\/li>\n<\/ol>\n<ol style=\"text-align: justify;\" start=\"14\">\n<li>B\u00f3g zap\u0142a\u0107 za ofiary na sprz\u0105tanie, z ul. Sportowc\u00f3w prosimy rodziny: Moniki Kotarba, Anny Bochenek-Pi\u0119ta, Krystyny Bieniarz, Anny Kyc, Janiny Kyc, Alicji Witek, Zofii Burdasz, Czes\u0142awy Domo\u0144, Jolanty Wilk, Stanis\u0142awa Kozik, Renaty Gutkowskiej, Eugeniusza Nitka.<\/li>\n<\/ol>\n<ol style=\"text-align: justify;\" start=\"15\">\n<li>Na pielgrzymk\u0119 do Cz\u0119stochowy obydwa autobusy s\u0105 pe\u0142ne. Trwaj\u0105 zapisy na busa (24 osoby).<\/li>\n<\/ol>\n<ol style=\"text-align: justify;\" start=\"16\">\n<li>W czwartek 10 pa\u017adziernika po Mszy wieczornej spotkanie kandydat\u00f3w do bierzmowania z klas VII, kt\u00f3rych zapraszamy wraz z rodzicami.<\/li>\n<\/ol>\n<ol style=\"text-align: justify;\" start=\"17\">\n<li>W sobot\u0119 12 pa\u017adziernika organizujemy wyjazd w Bieszczady. Wyj\u015bcie z Rajskiego przez Studenne, Tworylne, nast\u0119pnie Krywe, Hulskie i zej\u015bcie w Zatwartnicy. Koszt 60 z\u0142, w tym przejazd, ubezpieczenie, obiado-kolacja (dwa dania), przewodnik. Zapisy od dzisiaj w zakrystii i u ks. Damiana. Zapraszamy.<\/li>\n<\/ol>\n<ol style=\"text-align: justify;\" start=\"18\">\n<li>Na stoliczku jest nowy numer darmowej gazety \u201eDobre nowiny\u201d. Zapraszamy do lektury.<\/li>\n<\/ol>\n<ol start=\"19\">\n<li style=\"text-align: justify;\">Bardzo serdecznie dzi\u0119kujemy cz\u0142onkom wsp\u00f3lnoty Cenacolo (zob. <a href=\"http:\/\/cenacolo.pl\/\">http:\/\/cenacolo.pl\/<\/a>) za wyg\u0142oszone \u015bwiadectwa. B\u00f3g zap\u0142a\u0107.<\/li>\n<\/ol>\n","protected":false},"excerpt":{"rendered":"<p>&#8230;<\/p>\n","protected":false},"author":1,"featured_media":6171,"comment_status":"closed","ping_status":"closed","sticky":false,"template":"","format":"standard","meta":{"ngg_post_thumbnail":0,"footnotes":""},"categories":[25,13,14],"tags":[],"class_list":["post-6170","post","type-post","status-publish","format-standard","has-post-thumbnail","hentry","category-news","category-newsy","category-ogloszenia_duszp"],"_links":{"self":[{"href":"https:\/\/mbsniezna.rzeszow.pl\/index.php\/wp-json\/wp\/v2\/posts\/6170","targetHints":{"allow":["GET"]}}],"collection":[{"href":"https:\/\/mbsniezna.rzeszow.pl\/index.php\/wp-json\/wp\/v2\/posts"}],"about":[{"href":"https:\/\/mbsniezna.rzeszow.pl\/index.php\/wp-json\/wp\/v2\/types\/post"}],"author":[{"embeddable":true,"href":"https:\/\/mbsniezna.rzeszow.pl\/index.php\/wp-json\/wp\/v2\/users\/1"}],"replies":[{"embeddable":true,"href":"https:\/\/mbsniezna.rzeszow.pl\/index.php\/wp-json\/wp\/v2\/comments?post=6170"}],"version-history":[{"count":1,"href":"https:\/\/mbsniezna.rzeszow.pl\/index.php\/wp-json\/wp\/v2\/posts\/6170\/revisions"}],"predecessor-version":[{"id":6172,"href":"https:\/\/mbsniezna.rzeszow.pl\/index.php\/wp-json\/wp\/v2\/posts\/6170\/revisions\/6172"}],"wp:featuredmedia":[{"embeddable":true,"href":"https:\/\/mbsniezna.rzeszow.pl\/index.php\/wp-json\/wp\/v2\/media\/6171"}],"wp:attachment":[{"href":"https:\/\/mbsniezna.rzeszow.pl\/index.php\/wp-json\/wp\/v2\/media?parent=6170"}],"wp:term":[{"taxonomy":"category","embeddable":true,"href":"https:\/\/mbsniezna.rzeszow.pl\/index.php\/wp-json\/wp\/v2\/categories?post=6170"},{"taxonomy":"post_tag","embeddable":true,"href":"https:\/\/mbsniezna.rzeszow.pl\/index.php\/wp-json\/wp\/v2\/tags?post=6170"}],"curies":[{"name":"wp","href":"https:\/\/api.w.org\/{rel}","templated":true}]}}