{"id":6174,"date":"2019-09-28T20:36:28","date_gmt":"2019-09-28T18:36:28","guid":{"rendered":"https:\/\/mbsniezna.rzeszow.pl\/?p=6174"},"modified":"2019-09-28T20:37:43","modified_gmt":"2019-09-28T18:37:43","slug":"intencje-mszalne-30-09-29-6-10-2019","status":"publish","type":"post","link":"https:\/\/mbsniezna.rzeszow.pl\/index.php\/2019\/09\/28\/intencje-mszalne-30-09-29-6-10-2019\/","title":{"rendered":"Intencje Mszalne 30.09-29-6.10.2019"},"content":{"rendered":"<p>Poniedzia\u0142ek: 30.09<\/p>\n<table cellspacing=\"0\" cellpadding=\"0\">\n<tbody>\n<tr>\n<td valign=\"middle\">7.00<\/td>\n<td valign=\"top\">1. + Mieczys\u0142aw Solecki od rodziny Skib\u00f3w<\/p>\n<p>2. + W\u0142adys\u0142aw Tobiasz od siostrze\u0144ca S\u0142awomira z rodzin\u0105<\/p>\n<p>3. + Edward Mendo\u0144 od Kazika Chruszcz z rodzin\u0105<\/td>\n<\/tr>\n<tr>\n<td valign=\"middle\">18.00<\/td>\n<td valign=\"top\">1. + Tadeusz Domino (30) zako\u0144czenie Mszy gregoria\u0144skich<\/p>\n<p>2. + Zofia Najda od rodziny Konkoli z Por\u0105bek \u2013 zako\u0144czenie Mszy pogrzebowych<\/p>\n<p>3. O b\u0142ogos\u0142awie\u0144stwo Bo\u017ce dla Karola w 18 urodziny<\/p>\n<p><i>+ J\u00f3zef Tobiasz od kuzynek Zofii i Marzeny ze Zg\u0142obnia (Hajfa)<\/i><\/p>\n<p><i>+ Jadwiga Dobek od koleg\u00f3w z pracy syna Andrzeja \u2013 Dom Ksi\u0119\u017cy Senior\u00f3w (DKS)<\/i><\/td>\n<\/tr>\n<\/tbody>\n<\/table>\n<p>Wtorek: 1.10<\/p>\n<table cellspacing=\"0\" cellpadding=\"0\">\n<tbody>\n<tr>\n<td valign=\"middle\">7.00<\/td>\n<td valign=\"top\">1. + Maciej W\u0119glarz od Zuzanny Mikrut z rodz.<\/p>\n<p>2. + Jan Grad od chrze\u015bniaka Adama z rodzin\u0105<\/p>\n<p>3. + Janina Dudek od c\u00f3rki Danuty Ro\u017ckiewicz<\/p>\n<p>4.<span class=\"Apple-converted-space\">&nbsp; <\/span>+ Helena Jacek od rodziny Nalep\u00f3w<\/td>\n<\/tr>\n<tr>\n<td valign=\"middle\">18.00<\/td>\n<td valign=\"top\">1 + Lucyna, Jan Kut (1) \u2013 rozpocz\u0119cie Mszy gregoria\u0144skich<\/p>\n<p>2. + Leonia Rze\u017anik (6rocz.)<\/p>\n<p>3. + Mieczys\u0142aw Solecki od rodziny Wilk\u00f3w<\/p>\n<p><i>+ Jadwiga Dobek od koleg\u00f3w z pracy syna Andrzeja \u2013 Dom Ksi\u0119\u017cy Senior\u00f3w (DKS)<\/i><\/td>\n<\/tr>\n<\/tbody>\n<\/table>\n<p>\u015aroda: 2.10<\/p>\n<table cellspacing=\"0\" cellpadding=\"0\">\n<tbody>\n<tr>\n<td valign=\"middle\">7.00<\/td>\n<td valign=\"top\">1. + Danuta Wierzcha\u0142ek<\/p>\n<p>2. + Helena Jacek<\/p>\n<p>3. + Adam Cyran od rodziny Pasierb<\/p>\n<p>4. + Janina Dudek od Zofii Janda<\/td>\n<\/tr>\n<tr>\n<td valign=\"middle\">18.00<\/td>\n<td valign=\"top\">1. + Lucyna, Jan Kut (2)<\/p>\n<p>2. + Maria, Boles\u0142aw Kyc<\/p>\n<p>3. + Edward Mendo\u0144 od rodziny Klimasz\u00f3w<\/p>\n<p><i>+ Jadwiga Dobek od koleg\u00f3w z pracy syna Andrzeja \u2013 Dom Ksi\u0119\u017cy Senior\u00f3w (DKS)<\/i><\/td>\n<\/tr>\n<\/tbody>\n<\/table>\n<p>Czwartek: 3.10<\/p>\n<table cellspacing=\"0\" cellpadding=\"0\">\n<tbody>\n<tr>\n<td valign=\"middle\">7.00<\/td>\n<td valign=\"top\">1. + S\u0142awomir Pa\u015bko od chrzestnej Mamy<\/p>\n<p>2. + Stanis\u0142awa Siciak od Janiny Kozik z rodzin\u0105<\/p>\n<p>3. + Tadeusz Domino od pracownik\u00f3w Firmy Inwest<\/p>\n<p>4. + Jan Grad od brata Edwarda z rodzin\u0105<\/td>\n<\/tr>\n<tr>\n<td valign=\"middle\">18.00<\/td>\n<td valign=\"top\">1. + Lucyna, Jan Kut (3)<\/p>\n<p>2. + Teresa Depa<\/p>\n<p>3. + Maciej W\u0119glarz od s\u0105siad\u00f3w Ciebier\u00f3w<span class=\"Apple-converted-space\">&nbsp;<\/span><\/p>\n<p><span class=\"Apple-converted-space\">&nbsp;<\/span><i>+ Jadwiga Dobek od koleg\u00f3w z pracy syna Andrzeja \u2013 Dom Ksi\u0119\u017cy Senior\u00f3w (DKS)<\/i> <span class=\"Apple-converted-space\">&nbsp; &nbsp; &nbsp; &nbsp; &nbsp; &nbsp; &nbsp; &nbsp; &nbsp; &nbsp; &nbsp; &nbsp; &nbsp; &nbsp; &nbsp; &nbsp; &nbsp; &nbsp; &nbsp; &nbsp; &nbsp; &nbsp; &nbsp; &nbsp; &nbsp; &nbsp; &nbsp; &nbsp; &nbsp;<\/span><\/td>\n<\/tr>\n<\/tbody>\n<\/table>\n<p>Pi\u0105tek: 4.10<\/p>\n<table cellspacing=\"0\" cellpadding=\"0\">\n<tbody>\n<tr>\n<td valign=\"middle\">7.00<\/td>\n<td valign=\"top\">1. ++ dusze w czy\u015b\u0107cu cierpi\u0105ce<\/p>\n<p>2. + Agnieszka Homik od rodzic\u00f3w<\/p>\n<p>3. + Maria Pa\u015bkiewicz od Marzeny Grzebyk z rodzin\u0105<\/td>\n<\/tr>\n<tr>\n<td valign=\"middle\">18.00<\/td>\n<td valign=\"top\">1. + Lucyna, Jan Kut (4)<\/p>\n<p>2. + Krystyna Pawluk<\/p>\n<p>3. + Jan Grad od \u017cony<\/p>\n<p><i>+ Jadwiga Dobek od m\u0119\u017ca i dzieci z rodzinami \u2013 Dom Ksi\u0119\u017cy Senior\u00f3w (DKS)<\/i><\/td>\n<\/tr>\n<\/tbody>\n<\/table>\n<p>Sobota: 5.10<\/p>\n<table cellspacing=\"0\" cellpadding=\"0\">\n<tbody>\n<tr>\n<td valign=\"middle\">7.00<\/td>\n<td valign=\"top\">1. + Janina Dudek od s\u0105siad\u00f3w<\/p>\n<p>2. + Helena Jacek od Marty Bielec z rodzin\u0105<\/td>\n<\/tr>\n<tr>\n<td valign=\"middle\">18.00<\/td>\n<td valign=\"top\">1. + Lucyna, Jan Kut (5)<\/p>\n<p>2. O szcz\u0119\u015bliwe rozwi\u0105zanie i potrzebne \u0142aski<\/p>\n<p>3. + Edward Mendo\u0144 od Teresy \u2013 ks. Micha\u0142 poza parafi\u0105<\/p>\n<p><i>+ Jadwiga Dobek od m\u0119\u017ca i dzieci z rodzinami \u2013 Dom Ksi\u0119\u017cy Senior\u00f3w (DKS)<\/i><\/td>\n<\/tr>\n<\/tbody>\n<\/table>\n<p>NIEDZIELA: 6.10<span class=\"Apple-converted-space\">&nbsp;<\/span><\/p>\n<table cellspacing=\"0\" cellpadding=\"0\">\n<tbody>\n<tr>\n<td valign=\"middle\">7.00<\/td>\n<td valign=\"top\">1. Z r\u00f3\u017cy El\u017cbiety G\u0142odowskiej \u2013 w intencji si\u00f3str i ich rodzin<\/p>\n<p>2. Z r\u00f3\u017cy Alicji Szura \u2013 w intencji Ojczyzny i o m\u0105dro\u015b\u0107 dla rz\u0105dz\u0105cych<\/td>\n<\/tr>\n<tr>\n<td valign=\"middle\">9.00<\/td>\n<td valign=\"top\">1. + Lucyna, Jan Kut (6)<\/p>\n<p>2. O b\u0142og. Bo\u017ce dla Izabeli i Jana w rocznice \u015blubu<\/p>\n<p><i>+ Jadwiga Dobek od m\u0119\u017ca i dzieci z rodzinami \u2013 Dom Ksi\u0119\u017cy Senior\u00f3w (DKS)<\/i><\/td>\n<\/tr>\n<tr>\n<td valign=\"middle\">10.30<\/td>\n<td valign=\"top\">3. + Zdzis\u0142aw Wac\u0142awek<\/td>\n<\/tr>\n<tr>\n<td valign=\"middle\">12.00<\/td>\n<td valign=\"top\">1. Za parafian \u017cywych i zmar\u0142ych<\/td>\n<\/tr>\n<tr>\n<td valign=\"middle\">16.00<\/td>\n<td valign=\"top\">1. + Klara Kifenbaker<\/td>\n<\/tr>\n<tr>\n<td valign=\"middle\">18.00<\/td>\n<td valign=\"top\">1. + Marian Drewniak (2rocz.), Aniela, Micha\u0142 Kotula<\/td>\n<\/tr>\n<\/tbody>\n<\/table>\n<p>&nbsp;<\/p>\n","protected":false},"excerpt":{"rendered":"<p>&#8230;<\/p>\n","protected":false},"author":1,"featured_media":4627,"comment_status":"closed","ping_status":"closed","sticky":false,"template":"","format":"standard","meta":{"ngg_post_thumbnail":0,"footnotes":""},"categories":[4,25,13],"tags":[],"class_list":["post-6174","post","type-post","status-publish","format-standard","has-post-thumbnail","hentry","category-intencje","category-news","category-newsy"],"_links":{"self":[{"href":"https:\/\/mbsniezna.rzeszow.pl\/index.php\/wp-json\/wp\/v2\/posts\/6174","targetHints":{"allow":["GET"]}}],"collection":[{"href":"https:\/\/mbsniezna.rzeszow.pl\/index.php\/wp-json\/wp\/v2\/posts"}],"about":[{"href":"https:\/\/mbsniezna.rzeszow.pl\/index.php\/wp-json\/wp\/v2\/types\/post"}],"author":[{"embeddable":true,"href":"https:\/\/mbsniezna.rzeszow.pl\/index.php\/wp-json\/wp\/v2\/users\/1"}],"replies":[{"embeddable":true,"href":"https:\/\/mbsniezna.rzeszow.pl\/index.php\/wp-json\/wp\/v2\/comments?post=6174"}],"version-history":[{"count":1,"href":"https:\/\/mbsniezna.rzeszow.pl\/index.php\/wp-json\/wp\/v2\/posts\/6174\/revisions"}],"predecessor-version":[{"id":6175,"href":"https:\/\/mbsniezna.rzeszow.pl\/index.php\/wp-json\/wp\/v2\/posts\/6174\/revisions\/6175"}],"wp:featuredmedia":[{"embeddable":true,"href":"https:\/\/mbsniezna.rzeszow.pl\/index.php\/wp-json\/wp\/v2\/media\/4627"}],"wp:attachment":[{"href":"https:\/\/mbsniezna.rzeszow.pl\/index.php\/wp-json\/wp\/v2\/media?parent=6174"}],"wp:term":[{"taxonomy":"category","embeddable":true,"href":"https:\/\/mbsniezna.rzeszow.pl\/index.php\/wp-json\/wp\/v2\/categories?post=6174"},{"taxonomy":"post_tag","embeddable":true,"href":"https:\/\/mbsniezna.rzeszow.pl\/index.php\/wp-json\/wp\/v2\/tags?post=6174"}],"curies":[{"name":"wp","href":"https:\/\/api.w.org\/{rel}","templated":true}]}}