{"id":6287,"date":"2019-10-01T16:34:30","date_gmt":"2019-10-01T14:34:30","guid":{"rendered":"https:\/\/mbsniezna.rzeszow.pl\/?p=6287"},"modified":"2019-10-19T23:58:34","modified_gmt":"2019-10-19T21:58:34","slug":"roze-rozancowe","status":"publish","type":"post","link":"https:\/\/mbsniezna.rzeszow.pl\/index.php\/2019\/10\/01\/roze-rozancowe\/","title":{"rendered":"R\u00f3\u017ce r\u00f3\u017ca\u0144cowe"},"content":{"rendered":"<h2><b>R\u00f3\u017ce r\u00f3\u017ca\u0144cowe w parafii<span class=\"Apple-converted-space\">&nbsp;<\/span><\/b><\/h2>\n<p><a href=\"https:\/\/mbsniezna.rzeszow.pl\/wp-content\/uploads\/2019\/10\/Salvatti-pl-logo-RR-bez-tla.png\"><img loading=\"lazy\" decoding=\"async\" class=\"size-medium wp-image-6430 aligncenter\" src=\"https:\/\/mbsniezna.rzeszow.pl\/wp-content\/uploads\/2019\/10\/Salvatti-pl-logo-RR-bez-tla-300x155.png\" alt=\"\" width=\"300\" height=\"155\" srcset=\"https:\/\/mbsniezna.rzeszow.pl\/wp-content\/uploads\/2019\/10\/Salvatti-pl-logo-RR-bez-tla-300x155.png 300w, https:\/\/mbsniezna.rzeszow.pl\/wp-content\/uploads\/2019\/10\/Salvatti-pl-logo-RR-bez-tla-768x397.png 768w, https:\/\/mbsniezna.rzeszow.pl\/wp-content\/uploads\/2019\/10\/Salvatti-pl-logo-RR-bez-tla-1024x529.png 1024w, https:\/\/mbsniezna.rzeszow.pl\/wp-content\/uploads\/2019\/10\/Salvatti-pl-logo-RR-bez-tla-732x377.png 732w, https:\/\/mbsniezna.rzeszow.pl\/wp-content\/uploads\/2019\/10\/Salvatti-pl-logo-RR-bez-tla-682x351.png 682w, https:\/\/mbsniezna.rzeszow.pl\/wp-content\/uploads\/2019\/10\/Salvatti-pl-logo-RR-bez-tla.png 1642w\" sizes=\"auto, (max-width: 300px) 100vw, 300px\" \/><\/a><\/p>\n<p style=\"text-align: justify;\">R\u00f3\u017ca r\u00f3\u017ca\u0144cowa jest modlitewn\u0105 wsp\u00f3lnot\u0105 20 os\u00f3b, z kt\u00f3rych ka\u017cda codziennie modli si\u0119 jedn\u0105 dziesi\u0105tk\u0105 R\u00f3\u017ca\u0144ca \u015awi\u0119tego wed\u0142ug przydzielonej tajemnicy \u2013 w ten spos\u00f3b codziennie odmawiany jest ca\u0142y r\u00f3\u017caniec. Istotne jest to, \u017ce wszyscy cz\u0142onkowie r\u00f3\u017cy modl\u0105 si\u0119 w tej samej intencji, zmienianej co miesi\u0105c.<\/p>\n<p style=\"text-align: justify;\">Rozwa\u017caj\u0105c bowiem tajemnice r\u00f3\u017ca\u0144cowe, patrzymy na misterium \u017cycia, m\u0119ki, \u015bmierci i zmartwychwstania Pana Jezusa oczyma Maryi, prze\u017cywamy je tak, jak Ona w swym matczynym sercu je prze\u017cywa\u0142a. Odmawiaj\u0105c R\u00f3\u017caniec, rozmawiamy z Maryj\u0105, powierzamy Jej ufnie wszystkie nasze troski i smutki, rado\u015bci i nadzieje.<span class=\"Apple-converted-space\">&nbsp;<\/span><\/p>\n<p style=\"text-align: justify;\">Prosimy o to, by pomaga\u0142a nam podejmowa\u0107 Bo\u017ce plany i by wyprasza\u0142a u Syna \u0142ask\u0119 potrzebn\u0105 do wiernego ich wype\u0142niania. Ona \u2013 radosna, bolej\u0105ca i chwalebna, zawsze u boku Syna \u2013 jest r\u00f3wnocze\u015bnie obecna po\u015br\u00f3d naszych codziennych spraw \u2013 m\u00f3wi\u0142 \u015bw. Jan Pawe\u0142&nbsp;II.<\/p>\n<h2 style=\"text-align: justify;\"><b>Historia \u017bywego R\u00f3\u017ca\u0144ca<\/b><\/h2>\n<p><a href=\"https:\/\/mbsniezna.rzeszow.pl\/wp-content\/uploads\/2019\/10\/131964_6Gcz_qba_6005_82.jpg\"><img loading=\"lazy\" decoding=\"async\" class=\"size-medium wp-image-6431 aligncenter\" src=\"https:\/\/mbsniezna.rzeszow.pl\/wp-content\/uploads\/2019\/10\/131964_6Gcz_qba_6005_82-300x200.jpg\" alt=\"\" width=\"300\" height=\"200\" srcset=\"https:\/\/mbsniezna.rzeszow.pl\/wp-content\/uploads\/2019\/10\/131964_6Gcz_qba_6005_82-300x200.jpg 300w, https:\/\/mbsniezna.rzeszow.pl\/wp-content\/uploads\/2019\/10\/131964_6Gcz_qba_6005_82.jpg 765w\" sizes=\"auto, (max-width: 300px) 100vw, 300px\" \/><\/a><\/p>\n<p style=\"text-align: justify;\">Od po\u0142owy XIX wieku najpopularniejsz\u0105 r\u00f3\u017ca\u0144cow\u0105 wsp\u00f3lnot\u0105 modlitewn\u0105 jest Stowarzyszenie \u017bywego R\u00f3\u017ca\u0144ca, za\u0142o\u017cone w roku 1826 przez Paulin\u0119 Jaricot w Lyonie. <i>\u201eNajwa\u017cniejsz\u0105\u2026 rzecz\u0105 i najtrudniejsz\u0105 jest uczyni\u0107 r\u00f3\u017caniec modlitw\u0105 wszystkich\u201d<\/i> \u2013 napisa\u0142a wtedy.<span class=\"Apple-converted-space\">&nbsp;<\/span><\/p>\n<p style=\"text-align: justify;\">Ka\u017cdy cz\u0142owiek mo\u017ce znale\u017a\u0107 w ci\u0105gu dnia kilka minut, aby odm\u00f3wi\u0107 dziesi\u0105tk\u0119 r\u00f3\u017ca\u0144ca, czyli jedn\u0105 tajemnic\u0119. Paulina Jaricot zacz\u0119\u0142a organizowa\u0107 pi\u0119tnastoosobowe grupy, nazwane p\u00f3\u017aniej \u017cywymi r\u00f3\u017cami. W\u00f3wczas r\u00f3\u017caniec mia\u0142 15 tajemnic.<span class=\"Apple-converted-space\">&nbsp;<\/span><\/p>\n<p style=\"text-align: justify;\">Dzi\u015b, jak wiemy, jest ich 20, za spraw\u0105 \u015bw. Jana Paw\u0142a&nbsp;II, kt\u00f3ry rozpoczynaj\u0105c 25. rok swojego pontyfikatu w li\u015bcie apostolskim \u201eR\u00f3\u017caniec Dziewicy Maryi\u201d wprowadzi\u0142 tajemnice \u015bwiat\u0142a, uwzgl\u0119dniaj\u0105ce lata publicznej dzia\u0142alno\u015bci Pana Jezusa.<\/p>\n<h2 style=\"text-align: justify;\"><b>Codzienno\u015b\u0107 r\u00f3\u017c r\u00f3\u017ca\u0144cowych<\/b><\/h2>\n<p style=\"text-align: justify;\">Cz\u0142onkowie r\u00f3\u017c staraj\u0105 si\u0119 \u017cy\u0107 wed\u0142ug Ewangelii, kt\u00f3ra jest fundamentem \u017cycia chrze\u015bcija\u0144skiego. Na pocz\u0105tku modlitwy r\u00f3\u017ca\u0144cowej prosz\u0105 o umocnienie wiary, nadziei i mi\u0142o\u015bci, gdy\u017c b\u0119d\u0105c w apostolstwie r\u00f3\u017ca\u0144cowym ci\u0105gle ucz\u0105 si\u0119 wierzy\u0107 w Boga i Bogu, ufa\u0107 w Jego dzie\u0142o zbawienia, a przede wszystkim Go kocha\u0107. \u017bywy R\u00f3\u017caniec, jak sama nazwa podaje, sk\u0142ada si\u0119 z \u017bYWYCH R\u00d3\u017b.<span class=\"Apple-converted-space\">&nbsp;<\/span><\/p>\n<p style=\"text-align: justify;\">Niekt\u00f3rzy ludzie obawiaj\u0105 si\u0119 w\u0142\u0105czenia w modlitw\u0119 r\u00f3\u017ca\u0144cow\u0105, gdy\u017c t\u0142umacz\u0105 si\u0119 brakiem organizacji albo zapomnieniem przez co \u2013 jak im si\u0119 wydaje \u2013 mog\u0105 zgrzeszy\u0107. Tymczasem zaniedbanie modlitwy r\u00f3\u017ca\u0144cowej nie poci\u0105ga za sob\u0105 zaci\u0105gni\u0119cia grzechu. Po prostu z powodu nieodm\u00f3wienia dziesi\u0105tek przez kt\u00f3rego\u015b z cz\u0142onk\u00f3w r\u00f3\u017cy ca\u0142a grupa wyprosi mniej \u0142ask.<\/p>\n<p style=\"text-align: justify;\">\u201e<i>Widz\u0105c, jak mi\u0142ym Bogu i Matce Naj\u015bwi\u0119tszej, a nam po\u017cytecznym nabo\u017ce\u0144stwem jest R\u00f3\u017caniec \u015awi\u0119ty, starajmy si\u0119 cho\u0107 jedn\u0105 cz\u0105stk\u0119 codziennie odm\u00f3wi\u0107. Koniecznie: Kto chce, a ka\u017cdy chcie\u0107 powinien, ten znajdzie czas na to\u201d<\/i> (b\u0142. Ignacy K\u0142opotowski).<\/p>\n<h2><a href=\"https:\/\/mbsniezna.rzeszow.pl\/wp-content\/uploads\/2019\/10\/07e97f4d-6896-4930-b888-9e4b98c58467.jpg\"><img loading=\"lazy\" decoding=\"async\" class=\"size-medium wp-image-6432 aligncenter\" src=\"https:\/\/mbsniezna.rzeszow.pl\/wp-content\/uploads\/2019\/10\/07e97f4d-6896-4930-b888-9e4b98c58467-300x164.jpg\" alt=\"\" width=\"300\" height=\"164\" srcset=\"https:\/\/mbsniezna.rzeszow.pl\/wp-content\/uploads\/2019\/10\/07e97f4d-6896-4930-b888-9e4b98c58467-300x164.jpg 300w, https:\/\/mbsniezna.rzeszow.pl\/wp-content\/uploads\/2019\/10\/07e97f4d-6896-4930-b888-9e4b98c58467.jpg 580w\" sizes=\"auto, (max-width: 300px) 100vw, 300px\" \/><\/a><\/h2>\n<h2 style=\"text-align: justify;\"><b>\u017bywy R\u00f3\u017caniec w parafii<\/b><\/h2>\n","protected":false},"excerpt":{"rendered":"<p>&#8230;<\/p>\n","protected":false},"author":1,"featured_media":6171,"comment_status":"closed","ping_status":"closed","sticky":false,"template":"","format":"standard","meta":{"ngg_post_thumbnail":0,"footnotes":""},"categories":[91],"tags":[],"class_list":["post-6287","post","type-post","status-publish","format-standard","has-post-thumbnail","hentry","category-dorosli"],"_links":{"self":[{"href":"https:\/\/mbsniezna.rzeszow.pl\/index.php\/wp-json\/wp\/v2\/posts\/6287","targetHints":{"allow":["GET"]}}],"collection":[{"href":"https:\/\/mbsniezna.rzeszow.pl\/index.php\/wp-json\/wp\/v2\/posts"}],"about":[{"href":"https:\/\/mbsniezna.rzeszow.pl\/index.php\/wp-json\/wp\/v2\/types\/post"}],"author":[{"embeddable":true,"href":"https:\/\/mbsniezna.rzeszow.pl\/index.php\/wp-json\/wp\/v2\/users\/1"}],"replies":[{"embeddable":true,"href":"https:\/\/mbsniezna.rzeszow.pl\/index.php\/wp-json\/wp\/v2\/comments?post=6287"}],"version-history":[{"count":3,"href":"https:\/\/mbsniezna.rzeszow.pl\/index.php\/wp-json\/wp\/v2\/posts\/6287\/revisions"}],"predecessor-version":[{"id":6444,"href":"https:\/\/mbsniezna.rzeszow.pl\/index.php\/wp-json\/wp\/v2\/posts\/6287\/revisions\/6444"}],"wp:featuredmedia":[{"embeddable":true,"href":"https:\/\/mbsniezna.rzeszow.pl\/index.php\/wp-json\/wp\/v2\/media\/6171"}],"wp:attachment":[{"href":"https:\/\/mbsniezna.rzeszow.pl\/index.php\/wp-json\/wp\/v2\/media?parent=6287"}],"wp:term":[{"taxonomy":"category","embeddable":true,"href":"https:\/\/mbsniezna.rzeszow.pl\/index.php\/wp-json\/wp\/v2\/categories?post=6287"},{"taxonomy":"post_tag","embeddable":true,"href":"https:\/\/mbsniezna.rzeszow.pl\/index.php\/wp-json\/wp\/v2\/tags?post=6287"}],"curies":[{"name":"wp","href":"https:\/\/api.w.org\/{rel}","templated":true}]}}