{"id":6337,"date":"2019-10-07T22:16:52","date_gmt":"2019-10-07T20:16:52","guid":{"rendered":"https:\/\/mbsniezna.rzeszow.pl\/?p=6337"},"modified":"2019-10-07T22:20:37","modified_gmt":"2019-10-07T20:20:37","slug":"6337","status":"publish","type":"post","link":"https:\/\/mbsniezna.rzeszow.pl\/index.php\/2019\/10\/07\/6337\/","title":{"rendered":"Pielgrzymka parafialna na Jasn\u0105 G\u00f3r\u0119 &#8211; 07.10.2019 r."},"content":{"rendered":"<p>Dnia 07.10. w dzie\u0144 MB R\u00f3\u017ca\u0144cowej udali\u015bmy si\u0119 do Cz\u0119stochowy w pielgrzymce dzi\u0119kuj\u0105c za miniony rok, ale prosz\u0105c o kolejne \u0142aski i b\u0142ogos\u0142awie\u0144stwo dla naszych rodzin i parafii. O godz. 11.00 pod przewodnictwem Prymasa Polski ks. abp Wojciecha Polaka przy o\u0142tarzu MB Cz\u0119stochowskiej prze\u017cywali\u015bmy Eucharystie, o 14.00 odprawili\u015bmy nabo\u017ce\u0144stwo Drogi Krzy\u017cowej na walach jasnog\u00f3rskich, a o 16.00 wsp\u00f3lnie z wieloma pielgrzymami odm\u00f3wili\u015bmy r\u00f3\u017caniec przed tronem Maryi.<br \/>\nBogu niech b\u0119d\u0105 dzi\u0119ki za ten dzie\u0144! ngg_shortcode_0_placeholder<\/p>\n","protected":false},"excerpt":{"rendered":"<p>&#8230;<\/p>\n","protected":false},"author":1,"featured_media":6363,"comment_status":"closed","ping_status":"open","sticky":false,"template":"","format":"standard","meta":{"ngg_post_thumbnail":0,"footnotes":""},"categories":[73,13],"tags":[],"class_list":["post-6337","post","type-post","status-publish","format-standard","has-post-thumbnail","hentry","category-galerie2019","category-newsy"],"_links":{"self":[{"href":"https:\/\/mbsniezna.rzeszow.pl\/index.php\/wp-json\/wp\/v2\/posts\/6337","targetHints":{"allow":["GET"]}}],"collection":[{"href":"https:\/\/mbsniezna.rzeszow.pl\/index.php\/wp-json\/wp\/v2\/posts"}],"about":[{"href":"https:\/\/mbsniezna.rzeszow.pl\/index.php\/wp-json\/wp\/v2\/types\/post"}],"author":[{"embeddable":true,"href":"https:\/\/mbsniezna.rzeszow.pl\/index.php\/wp-json\/wp\/v2\/users\/1"}],"replies":[{"embeddable":true,"href":"https:\/\/mbsniezna.rzeszow.pl\/index.php\/wp-json\/wp\/v2\/comments?post=6337"}],"version-history":[{"count":3,"href":"https:\/\/mbsniezna.rzeszow.pl\/index.php\/wp-json\/wp\/v2\/posts\/6337\/revisions"}],"predecessor-version":[{"id":6364,"href":"https:\/\/mbsniezna.rzeszow.pl\/index.php\/wp-json\/wp\/v2\/posts\/6337\/revisions\/6364"}],"wp:featuredmedia":[{"embeddable":true,"href":"https:\/\/mbsniezna.rzeszow.pl\/index.php\/wp-json\/wp\/v2\/media\/6363"}],"wp:attachment":[{"href":"https:\/\/mbsniezna.rzeszow.pl\/index.php\/wp-json\/wp\/v2\/media?parent=6337"}],"wp:term":[{"taxonomy":"category","embeddable":true,"href":"https:\/\/mbsniezna.rzeszow.pl\/index.php\/wp-json\/wp\/v2\/categories?post=6337"},{"taxonomy":"post_tag","embeddable":true,"href":"https:\/\/mbsniezna.rzeszow.pl\/index.php\/wp-json\/wp\/v2\/tags?post=6337"}],"curies":[{"name":"wp","href":"https:\/\/api.w.org\/{rel}","templated":true}]}}