{"id":6403,"date":"2019-10-19T22:09:52","date_gmt":"2019-10-19T20:09:52","guid":{"rendered":"https:\/\/mbsniezna.rzeszow.pl\/?p=6403"},"modified":"2019-10-19T22:09:52","modified_gmt":"2019-10-19T20:09:52","slug":"ogloszenia-xix-niedziela-zwykla","status":"publish","type":"post","link":"https:\/\/mbsniezna.rzeszow.pl\/index.php\/2019\/10\/19\/ogloszenia-xix-niedziela-zwykla\/","title":{"rendered":"OG\u0141OSZENIA \u2013 XIX NIEDZIELA ZWYK\u0141A"},"content":{"rendered":"<p>20 PA\u017bDZIERNIKA 2019 R.<\/p>\n<ol>\n<li>Dzisiaj Niedziela Misyjna, kt\u00f3ra rozpoczyna Tydzie\u0144 Misyjny. Nabo\u017ce\u0144stwo r\u00f3\u017ca\u0144cowe w intencji misji o 17.00. Na Mszy \u015bw. o godz. 9.00 8 dziewczynek zosta\u0142o przyj\u0119tych do scholii, za\u015b 84 dzieciom z klas I po\u015bwi\u0119cono plecaki i przybory szkolne oraz powierzono je opiece \u015awi\u0119tego Anio\u0142a Str\u00f3\u017ca<\/li>\n<\/ol>\n<ol start=\"2\">\n<li>W tygodniu r\u00f3\u017caniec po Mszy \u015bw., a w czwartek przed Msz\u0105 \u015bw.<\/li>\n<\/ol>\n<ol start=\"3\">\n<li>We wtorek wspomnienie \u015bw. Jana Paw\u0142a II \u2013 po nabo\u017ce\u0144stwie uczczenie jego relikwii. Spotkanie ministrant\u00f3w.<\/li>\n<\/ol>\n<ol start=\"4\">\n<li>W \u015brod\u0119 katecheza dla doros\u0142ych \u2013 wprowadzenie do sakrament\u00f3w \u015bw.<\/li>\n<\/ol>\n<ol start=\"5\">\n<li>We czwartek wspomnienie b\u0142. Ks. Jana Balickiego, od 17.15 adoracja i spowied\u017a. Po Mszy spotkanie kandydat\u00f3w do bierzmowania z klas VIII.<\/li>\n<\/ol>\n<ol start=\"6\">\n<li>W pi\u0105tek spotkania oazy: o 16.30 m\u0142odszej, po Mszy \u015bw. starszej.<\/li>\n<\/ol>\n<ol start=\"7\">\n<li>W sobot\u0119 o 7.00 wyjazd ministrant\u00f3w, lektor\u00f3w, oazy i scholii do sanktuarium b\u0142. Karoliny w Zabawie.<\/li>\n<\/ol>\n<ol start=\"8\">\n<li>R\u00f3\u017caniec w niedziel\u0119 r\u00f3\u017ca Teresy Basiura.<\/li>\n<\/ol>\n<ol start=\"9\">\n<li>Dzi\u0119kujemy tym wszystkim, kt\u00f3rzy podj\u0119li decyzj\u0119 o zaanga\u017cowaniu si\u0119 w newpastoral \u2013 grupy domowe. \u017byczymy owocnej pracy.<\/li>\n<\/ol>\n<ol start=\"10\">\n<li>Prosimy, aby ju\u017c w tym tygodniu rozpocz\u0105\u0107 sprz\u0105tanie cmentarza. Do blaszanych kontener\u00f3w prosimy znosi\u0107 wypalone znicze, wk\u0142ady, plastikowe kwiaty, za\u015b traw\u0119 i inne naturalne rzeczy sk\u0142adamy do kamiennego \u015bmietnika. Jest ju\u017c wystawiona kabina toaletowa \u2013 dbajmy o porz\u0105dek.<\/li>\n<\/ol>\n<ol start=\"11\">\n<li>Na stoliczku wy\u0142o\u017cone s\u0105 kartki na wypominki. Starajmy si\u0119 naszych bliskich zmar\u0142ych poleci\u0107 modlitwie Ko\u015bcio\u0142a. Przez modlitw\u0119 wypraszamy naszym zmar\u0142ym Bo\u017ce mi\u0142osierdzie i dopomagamy w wej\u015bciu do chwa\u0142y nieba. Wypominki sk\u0142adamy w kopertach na tac\u0119 lub przynosimy do zakrystii.<\/li>\n<\/ol>\n<ol start=\"12\">\n<li>B\u00f3g zap\u0142a\u0107 za ofiary na sprz\u0105tanie ko\u015bcio\u0142a, w tym tygodniu z ul. Studzianki prosimy rodziny: Bo\u017ceny Blicharz, Marii G\u0142odowskiej, Moniki Capi\u0144skiej, Anny Pa\u015bko, Jolanty Danilczuk, Edwardy Danilczuk, Renaty Domino, Karoliny Koch, Anny Pa\u015bko, Krystyny Wac\u0142awek, Lucyny Pa\u015bko.<\/li>\n<\/ol>\n","protected":false},"excerpt":{"rendered":"<p>&#8230;<\/p>\n","protected":false},"author":1,"featured_media":5473,"comment_status":"closed","ping_status":"open","sticky":false,"template":"","format":"standard","meta":{"ngg_post_thumbnail":0,"footnotes":""},"categories":[25,13,14],"tags":[],"class_list":["post-6403","post","type-post","status-publish","format-standard","has-post-thumbnail","hentry","category-news","category-newsy","category-ogloszenia_duszp"],"_links":{"self":[{"href":"https:\/\/mbsniezna.rzeszow.pl\/index.php\/wp-json\/wp\/v2\/posts\/6403","targetHints":{"allow":["GET"]}}],"collection":[{"href":"https:\/\/mbsniezna.rzeszow.pl\/index.php\/wp-json\/wp\/v2\/posts"}],"about":[{"href":"https:\/\/mbsniezna.rzeszow.pl\/index.php\/wp-json\/wp\/v2\/types\/post"}],"author":[{"embeddable":true,"href":"https:\/\/mbsniezna.rzeszow.pl\/index.php\/wp-json\/wp\/v2\/users\/1"}],"replies":[{"embeddable":true,"href":"https:\/\/mbsniezna.rzeszow.pl\/index.php\/wp-json\/wp\/v2\/comments?post=6403"}],"version-history":[{"count":2,"href":"https:\/\/mbsniezna.rzeszow.pl\/index.php\/wp-json\/wp\/v2\/posts\/6403\/revisions"}],"predecessor-version":[{"id":6405,"href":"https:\/\/mbsniezna.rzeszow.pl\/index.php\/wp-json\/wp\/v2\/posts\/6403\/revisions\/6405"}],"wp:featuredmedia":[{"embeddable":true,"href":"https:\/\/mbsniezna.rzeszow.pl\/index.php\/wp-json\/wp\/v2\/media\/5473"}],"wp:attachment":[{"href":"https:\/\/mbsniezna.rzeszow.pl\/index.php\/wp-json\/wp\/v2\/media?parent=6403"}],"wp:term":[{"taxonomy":"category","embeddable":true,"href":"https:\/\/mbsniezna.rzeszow.pl\/index.php\/wp-json\/wp\/v2\/categories?post=6403"},{"taxonomy":"post_tag","embeddable":true,"href":"https:\/\/mbsniezna.rzeszow.pl\/index.php\/wp-json\/wp\/v2\/tags?post=6403"}],"curies":[{"name":"wp","href":"https:\/\/api.w.org\/{rel}","templated":true}]}}