{"id":6406,"date":"2019-10-19T22:11:57","date_gmt":"2019-10-19T20:11:57","guid":{"rendered":"https:\/\/mbsniezna.rzeszow.pl\/?p=6406"},"modified":"2019-10-19T22:15:47","modified_gmt":"2019-10-19T20:15:47","slug":"intencje-mszalne-20-27-10-2019","status":"publish","type":"post","link":"https:\/\/mbsniezna.rzeszow.pl\/index.php\/2019\/10\/19\/intencje-mszalne-20-27-10-2019\/","title":{"rendered":"Intencje Mszalne 20-27.10.2019"},"content":{"rendered":"<p>Poniedzia\u0142ek: 21.10<\/p>\n<table cellspacing=\"0\" cellpadding=\"0\">\n<tbody>\n<tr>\n<td valign=\"middle\">7.00<\/td>\n<td valign=\"top\">1. + Lucyna, Jan Kut<span class=\"Apple-converted-space\">&nbsp; <\/span>(21)<\/p>\n<p>2. + W\u0142adys\u0142aw Tobiasz od c\u00f3rki Eli z rodzin\u0105<\/p>\n<p>2. W intencji uczestnik\u00f3w wyjazdu w Bieszczady i ich rodzin<\/td>\n<\/tr>\n<tr>\n<td valign=\"middle\">18.00<\/td>\n<td valign=\"top\">1. + Ks. W\u0142adys\u0142aw Rybka<\/p>\n<p>2. + Mieczys\u0142aw, Krystyna So\u0142ty\u0144ski<\/p>\n<p>3. + Aleksandra G\u0142odowska od personelu klinicznego oddzia\u0142u chirurgii szcz\u0119kowo-twarzowej<\/td>\n<\/tr>\n<\/tbody>\n<\/table>\n<p>Wtorek: 22.10<\/p>\n<table cellspacing=\"0\" cellpadding=\"0\">\n<tbody>\n<tr>\n<td valign=\"middle\">7.00<\/td>\n<td valign=\"top\">1. + Lucyna, Jan Kut (22)<\/p>\n<p>2. + Mieczys\u0142aw Solecki od Krystyny B\u0142o\u0144skiej z rodzin\u0105<\/p>\n<p>3. + Edward Mendo\u0144 od rodziny Lasot\u00f3w i Ch\u0142and\u00f3w<\/p>\n<p>4.<span class=\"Apple-converted-space\">&nbsp; <\/span>+ Janina Dudek od s\u0105siad\u00f3w Zawi\u0142o<\/td>\n<\/tr>\n<tr>\n<td valign=\"middle\">18.00<\/td>\n<td valign=\"top\">1. + Bronis\u0142awa Gutkowska (1 rocz.) od syna i c\u00f3rek<\/p>\n<p>2. + J\u00f3zefa Kuc (20 rocz.)<\/p>\n<p>3. + Maciej W\u0119glarz od Bo\u017ceny i Agnieszki z rodzinami<\/td>\n<\/tr>\n<\/tbody>\n<\/table>\n<p>\u015aroda: 23.10<\/p>\n<table cellspacing=\"0\" cellpadding=\"0\">\n<tbody>\n<tr>\n<td valign=\"middle\">7.00<\/td>\n<td valign=\"top\">1. + Lucyna, Jan Kut (23)<\/p>\n<p>2. W intencji pielgrzym\u00f3w do Cz\u0119stochowy z busa i ich rodzin<\/p>\n<p>3. + Janina Dudek od c\u00f3rki Danuty Ro\u017ckiewicz<\/p>\n<p>4. + Helena Jacek od rodziny Prokop\u00f3w<\/td>\n<\/tr>\n<tr>\n<td valign=\"middle\">18.00<\/td>\n<td valign=\"top\">1. + Antoni, Janina Mi\u0105sik<\/p>\n<p>2. + Karolina, Piotr Rybka<\/p>\n<p>3. + Edward Kud, Weronika, Wojciech Cwynar<\/td>\n<\/tr>\n<\/tbody>\n<\/table>\n<p>Czwartek: 24.10<\/p>\n<table cellspacing=\"0\" cellpadding=\"0\">\n<tbody>\n<tr>\n<td valign=\"middle\">7.00<\/td>\n<td valign=\"top\">1. + Lucyna, Jan Kut (24)<\/p>\n<p>2. W intencji pielgrzym\u00f3w do Cz\u0119stochowy i ich rodzin z autobusu nr 1<\/p>\n<p>3. + S\u0142awomir Pa\u015bko od rodziny Tabisz\u00f3w<\/td>\n<\/tr>\n<tr>\n<td valign=\"middle\">18.00<\/td>\n<td valign=\"top\">1. + Rudolf Trzuskot i ++ z rodziny Trzuskot\u00f3w od rodziny Wo\u017anic\u00f3w<\/p>\n<p>2. + Jan, Helena Dudek<\/p>\n<p>3. + Stanis\u0142aw Goszty\u0142a (22 rocz.)<span class=\"Apple-converted-space\">&nbsp; &nbsp; &nbsp; &nbsp; &nbsp; &nbsp; &nbsp; &nbsp; &nbsp; &nbsp; &nbsp; &nbsp; &nbsp; &nbsp; &nbsp; &nbsp; &nbsp; &nbsp; &nbsp; &nbsp; &nbsp; &nbsp; &nbsp; &nbsp; &nbsp; &nbsp; &nbsp; &nbsp;<\/span><\/td>\n<\/tr>\n<\/tbody>\n<\/table>\n<p>Pi\u0105tek: 25.10<\/p>\n<table cellspacing=\"0\" cellpadding=\"0\">\n<tbody>\n<tr>\n<td valign=\"middle\">7.00<\/td>\n<td valign=\"top\">1. + Lucyna, Jan Kut (25)<\/p>\n<p>2. + Stanis\u0142awa Siciak od bratanka Andrzeja z rodzin\u0105<\/p>\n<p>3. + Tadeusz Domino od siostry z rodzin\u0105<\/td>\n<\/tr>\n<tr>\n<td valign=\"middle\">18.00<\/td>\n<td valign=\"top\">1. + Edward, Les\u0142aw, Zofia Pa\u015bko<\/p>\n<p>2. + Maria, Tomasz G\u0142odowski<\/p>\n<p>3. + Aleksandra G\u0142odowska od personelu klinicznego oddzia\u0142u chirurgii szcz\u0119kowo-twarzowej<\/td>\n<\/tr>\n<\/tbody>\n<\/table>\n<p>Sobota: 26.10<\/p>\n<table cellspacing=\"0\" cellpadding=\"0\">\n<tbody>\n<tr>\n<td valign=\"middle\">7.00<\/td>\n<td valign=\"top\">1. + Lucyna, Jan Kut (26)<\/p>\n<p>2. + Agnieszka Homik od rodziny Konkol<\/td>\n<\/tr>\n<tr>\n<td valign=\"middle\">18.00<\/td>\n<td valign=\"top\">1. Dzi\u0119kczynna i o Bo\u017ce b\u0142og. dla Olgi i Jerzego Kotula w 50-lecie ma\u0142\u017ce\u0144stwa<\/p>\n<p>2. + Pawe\u0142 Huchla (2 rocz), Ryszard, Justyna, Tadeusz; ++ rodzice i te\u015bciowie<\/p>\n<p>3. + Mieczys\u0142aw Solecki od Mieczys\u0142awa Mazur z rodz. \u2013 ks. Micha\u0142 poza parafi\u0105<\/td>\n<\/tr>\n<\/tbody>\n<\/table>\n<p>NIEDZIELA: 27.10<span class=\"Apple-converted-space\">&nbsp;<\/span><\/p>\n<table cellspacing=\"0\" cellpadding=\"0\">\n<tbody>\n<tr>\n<td valign=\"middle\">7.00<\/td>\n<td valign=\"top\">1. + W\u0142adys\u0142aw Kot (3 rocz.)<\/p>\n<p>2. O zdrowie i b\u0142og. Bo\u017ce dla braci z r\u00f3\u017cy Eugeniusza Nitka<\/td>\n<\/tr>\n<tr>\n<td valign=\"middle\">9.00<\/td>\n<td valign=\"top\">1. + Maria Zimierowicz (5 rocz.)<\/p>\n<p>2.<span class=\"Apple-converted-space\">&nbsp; <\/span>+ Lucyna, Jan Kut (27)<\/td>\n<\/tr>\n<tr>\n<td valign=\"middle\">10.30<\/td>\n<td valign=\"top\">3. + Tadeusz S\u0142owik, J\u00f3zef, Wiktoria<\/td>\n<\/tr>\n<tr>\n<td valign=\"middle\">12.00<\/td>\n<td valign=\"top\">1. Za parafian \u017cywych i zmar\u0142ych<\/td>\n<\/tr>\n<tr>\n<td valign=\"middle\">16.00<\/td>\n<td valign=\"top\">1. O Bo\u017ce b\u0142og. dla Doroty i Witolda w 25-lecie \u015blubu<\/td>\n<\/tr>\n<tr>\n<td valign=\"middle\">18.00<\/td>\n<td valign=\"top\">1. + Bronis\u0142awa Gutkowska od syna Andrzeja z rodzin\u0105 \u2013 zako\u0144czenie Mszy pogrzebowych<\/td>\n<\/tr>\n<\/tbody>\n<\/table>\n","protected":false},"excerpt":{"rendered":"<p>&#8230;<\/p>\n","protected":false},"author":1,"featured_media":4627,"comment_status":"closed","ping_status":"open","sticky":false,"template":"","format":"standard","meta":{"ngg_post_thumbnail":0,"footnotes":""},"categories":[4,25,13],"tags":[],"class_list":["post-6406","post","type-post","status-publish","format-standard","has-post-thumbnail","hentry","category-intencje","category-news","category-newsy"],"_links":{"self":[{"href":"https:\/\/mbsniezna.rzeszow.pl\/index.php\/wp-json\/wp\/v2\/posts\/6406","targetHints":{"allow":["GET"]}}],"collection":[{"href":"https:\/\/mbsniezna.rzeszow.pl\/index.php\/wp-json\/wp\/v2\/posts"}],"about":[{"href":"https:\/\/mbsniezna.rzeszow.pl\/index.php\/wp-json\/wp\/v2\/types\/post"}],"author":[{"embeddable":true,"href":"https:\/\/mbsniezna.rzeszow.pl\/index.php\/wp-json\/wp\/v2\/users\/1"}],"replies":[{"embeddable":true,"href":"https:\/\/mbsniezna.rzeszow.pl\/index.php\/wp-json\/wp\/v2\/comments?post=6406"}],"version-history":[{"count":2,"href":"https:\/\/mbsniezna.rzeszow.pl\/index.php\/wp-json\/wp\/v2\/posts\/6406\/revisions"}],"predecessor-version":[{"id":6408,"href":"https:\/\/mbsniezna.rzeszow.pl\/index.php\/wp-json\/wp\/v2\/posts\/6406\/revisions\/6408"}],"wp:featuredmedia":[{"embeddable":true,"href":"https:\/\/mbsniezna.rzeszow.pl\/index.php\/wp-json\/wp\/v2\/media\/4627"}],"wp:attachment":[{"href":"https:\/\/mbsniezna.rzeszow.pl\/index.php\/wp-json\/wp\/v2\/media?parent=6406"}],"wp:term":[{"taxonomy":"category","embeddable":true,"href":"https:\/\/mbsniezna.rzeszow.pl\/index.php\/wp-json\/wp\/v2\/categories?post=6406"},{"taxonomy":"post_tag","embeddable":true,"href":"https:\/\/mbsniezna.rzeszow.pl\/index.php\/wp-json\/wp\/v2\/tags?post=6406"}],"curies":[{"name":"wp","href":"https:\/\/api.w.org\/{rel}","templated":true}]}}