{"id":6521,"date":"2019-10-28T08:22:47","date_gmt":"2019-10-28T07:22:47","guid":{"rendered":"https:\/\/mbsniezna.rzeszow.pl\/?p=6521"},"modified":"2019-11-02T23:36:21","modified_gmt":"2019-11-02T22:36:21","slug":"laureaci-w-miedzyszkolnym-konkursie-artystycznym-jan-pawel-przyjaciel-dzieci-i-mlodziezy","status":"publish","type":"post","link":"https:\/\/mbsniezna.rzeszow.pl\/index.php\/2019\/10\/28\/laureaci-w-miedzyszkolnym-konkursie-artystycznym-jan-pawel-przyjaciel-dzieci-i-mlodziezy\/","title":{"rendered":"Laureaci w Mi\u0119dzyszkolnym Konkursie Artystycznym \u201eJan Pawe\u0142  &#8211; Przyjaciel Dzieci i M\u0142odzie\u017cy\u201d"},"content":{"rendered":"<p style=\"text-align: justify;\"><strong>17 pa\u017adziernika 2019 r.<\/strong> w Szkole Podstawowej nr 11 w Rzeszowie oby\u0142o si\u0119 uroczyste podsumowanie XI edycji Mi\u0119dzyszkolnego Konkursu Artystycznego \u201e\u015awi\u0119ty Jan Pawe\u0142 II \u2013 Przyjaciel Dzieci i M\u0142odzie\u017cy\u201d. Konkurs zosta\u0142 obj\u0119ty patronatem radia Via i Radia Rzesz\u00f3w. Wzi\u0119\u0142y w nim udzia\u0142 rzeszowskie szko\u0142y podstawowe. Uczniowie naszej szko\u0142y tak\u017ce wzi\u0119li udzia\u0142 konkursie.<br \/>\nCieszymy si\u0119, poniewa\u017c, a\u017c 3 uczennice Szko\u0142y Podstawowej Nr 15 znalaz\u0142y si\u0119 w\u015br\u00f3d zwyci\u0119zc\u00f3w. W kategorii kl. 1-3, w kt\u00f3rej trzeba by\u0142o wykona\u0107 prac\u0119 plastyczn\u0105 przedstawiaj\u0105c\u0105 Papie\u017ca razem z dzie\u0107mi I miejsce zaj\u0119\u0142a Patrycja Ryba z kl. 2c. Wyr\u00f3\u017cnienia w konkursie otrzyma\u0142y Julia Owierczuk z kl. 2c i Paulina Pa\u015bko z kl. 3c. Uczennice wzi\u0119\u0142y udzia\u0142 w rozdaniu dyplom\u00f3w i nagr\u00f3d, Patrycja jako laureatka udziela\u0142a wywiadu do Radia Via, opowiadaj\u0105c o konkursie.<\/p>\nngg_shortcode_0_placeholder\n","protected":false},"excerpt":{"rendered":"<p>&#8230;<\/p>\n","protected":false},"author":1,"featured_media":6530,"comment_status":"closed","ping_status":"open","sticky":false,"template":"","format":"standard","meta":{"ngg_post_thumbnail":0,"footnotes":""},"categories":[73,13],"tags":[],"class_list":["post-6521","post","type-post","status-publish","format-standard","has-post-thumbnail","hentry","category-galerie2019","category-newsy"],"_links":{"self":[{"href":"https:\/\/mbsniezna.rzeszow.pl\/index.php\/wp-json\/wp\/v2\/posts\/6521","targetHints":{"allow":["GET"]}}],"collection":[{"href":"https:\/\/mbsniezna.rzeszow.pl\/index.php\/wp-json\/wp\/v2\/posts"}],"about":[{"href":"https:\/\/mbsniezna.rzeszow.pl\/index.php\/wp-json\/wp\/v2\/types\/post"}],"author":[{"embeddable":true,"href":"https:\/\/mbsniezna.rzeszow.pl\/index.php\/wp-json\/wp\/v2\/users\/1"}],"replies":[{"embeddable":true,"href":"https:\/\/mbsniezna.rzeszow.pl\/index.php\/wp-json\/wp\/v2\/comments?post=6521"}],"version-history":[{"count":1,"href":"https:\/\/mbsniezna.rzeszow.pl\/index.php\/wp-json\/wp\/v2\/posts\/6521\/revisions"}],"predecessor-version":[{"id":6531,"href":"https:\/\/mbsniezna.rzeszow.pl\/index.php\/wp-json\/wp\/v2\/posts\/6521\/revisions\/6531"}],"wp:featuredmedia":[{"embeddable":true,"href":"https:\/\/mbsniezna.rzeszow.pl\/index.php\/wp-json\/wp\/v2\/media\/6530"}],"wp:attachment":[{"href":"https:\/\/mbsniezna.rzeszow.pl\/index.php\/wp-json\/wp\/v2\/media?parent=6521"}],"wp:term":[{"taxonomy":"category","embeddable":true,"href":"https:\/\/mbsniezna.rzeszow.pl\/index.php\/wp-json\/wp\/v2\/categories?post=6521"},{"taxonomy":"post_tag","embeddable":true,"href":"https:\/\/mbsniezna.rzeszow.pl\/index.php\/wp-json\/wp\/v2\/tags?post=6521"}],"curies":[{"name":"wp","href":"https:\/\/api.w.org\/{rel}","templated":true}]}}