{"id":6536,"date":"2019-11-02T23:35:37","date_gmt":"2019-11-02T22:35:37","guid":{"rendered":"https:\/\/mbsniezna.rzeszow.pl\/?p=6536"},"modified":"2019-11-02T23:35:37","modified_gmt":"2019-11-02T22:35:37","slug":"ogloszenia-xxxi-niedziela-zwykla-3-listopada-2019-r","status":"publish","type":"post","link":"https:\/\/mbsniezna.rzeszow.pl\/index.php\/2019\/11\/02\/ogloszenia-xxxi-niedziela-zwykla-3-listopada-2019-r\/","title":{"rendered":"OG\u0141OSZENIA \u2013 XXXI NIEDZIELA ZWYK\u0141A  3 LISTOPADA 2019 R."},"content":{"rendered":"<ol>\n<li>Dzisiaj o 14.00 pogrzeb \u015bp. Jana G\u0142\u00f3d z ul. Ustronnej.<\/li>\n<li>Dzisiaj o 17.00 r\u00f3\u017caniec z wypominkami za zmar\u0142ych, w tygodniu wypominki po Mszy wieczornej.<\/li>\n<\/ol>\n<ol start=\"3\">\n<li>W listopadzie mo\u017cemy zyskiwa\u0107 odpusty za zmar\u0142ych: do 8 listopada odpust zupe\u0142ny, a do ko\u0144ca miesi\u0105ca odpust cz\u0105stkowy.<\/li>\n<\/ol>\n<ol start=\"4\">\n<li>W poniedzia\u0142ek wspomnienie \u015bw. Karola Boromeusza \u2013 zbi\u00f3rka kandydat\u00f3w na ministrant\u00f3w.<\/li>\n<\/ol>\n<ol start=\"5\">\n<li>We wtorek nabo\u017ce\u0144stwo do \u015bw. Antoniego \u2013 zbi\u00f3rka ministrant\u00f3w.<\/li>\n<\/ol>\n<ol start=\"6\">\n<li>W \u015brod\u0119 nowenna do Matki Bo\u017cej. Po Mszy w salce pod ko\u015bcio\u0142em katecheza dla doros\u0142ych: \u201dSakramenty s\u0105 dla ludzi\u201d.<\/li>\n<\/ol>\n<ol start=\"7\">\n<li>I czwartek miesi\u0105ca, od 17.15 adoracja i mo\u017cliwo\u015b\u0107 spowiedzi.<\/li>\n<\/ol>\n<ol start=\"8\">\n<li>W pi\u0105tek nabo\u017ce\u0144stwo do Bo\u017cego mi\u0142osierdzia. O 16.30 spotkanie oazy m\u0142odszej, a po Mszy oazy starszej.<\/li>\n<\/ol>\n<ol start=\"9\">\n<li>W sobot\u0119 \u015bwi\u0119to po\u015bwi\u0119cenia Bazyliki Lateranejskiej. O 16.00 pr\u00f3ba scholii.<\/li>\n<\/ol>\n<ol start=\"10\">\n<li>W niedziel\u0119 r\u00f3\u017caniec r\u00f3\u017ca Jacka Kotuli, na Mszy \u015bw. o 9.00 przyj\u0119cie nowych ministrant\u00f3w, po Mszy \u015bw. o 12.00 Ch\u00f3r \u201eFontes\u201d zaprezentuje kilka pie\u015bni patriotycznych z racji Narodowego \u015awi\u0119ta Niepodleg\u0142o\u015bci, o 17.00 r\u00f3\u017caniec z wypominkami za zmar\u0142ych.<\/li>\n<\/ol>\n<ol start=\"11\">\n<li>W przysz\u0142\u0105 niedziel\u0119 przypada Dzie\u0144 Solidarno\u015bci z Ko\u015bcio\u0142em Prze\u015bladowanym. B\u0119dzie zbi\u00f3rka do puszek na pomoc chrze\u015bcijanom w Sudanie Po\u0142udniowym.<\/li>\n<\/ol>\n<ol start=\"12\">\n<li>B\u00f3g zap\u0142a\u0107 za ofiary na sprz\u0105tanie ko\u015bcio\u0142a, w tym tygodniu z ul. Studzianki prosimy rodziny: Emila Domino, Urszuli Och\u0119dowskiej, Anny Pa\u015bkiewicz, Urszuli Dubiel, Marii Pa\u015bkiewicz, Kazimierza Piekie\u0142ek, Genowefy Aszkielaniec, Marii Dudek, Bo\u017ceny B\u0142o\u0144skiej, Ireny Fornal, Krystyny Piekarz.<\/li>\n<\/ol>\n<ol start=\"13\">\n<li>Prosimy, aby na cmentarzu wypalone znicze znosi\u0107 do kontener\u00f3w blaszanych. Traw\u0119 i inne naturalne odpady sk\u0142adamy do pojemnika kamiennego.<\/li>\n<\/ol>\n","protected":false},"excerpt":{"rendered":"<p>&#8230;<\/p>\n","protected":false},"author":1,"featured_media":5718,"comment_status":"closed","ping_status":"open","sticky":false,"template":"","format":"standard","meta":{"ngg_post_thumbnail":0,"footnotes":""},"categories":[25,13,3],"tags":[],"class_list":["post-6536","post","type-post","status-publish","format-standard","has-post-thumbnail","hentry","category-news","category-newsy","category-ogloszenia"],"_links":{"self":[{"href":"https:\/\/mbsniezna.rzeszow.pl\/index.php\/wp-json\/wp\/v2\/posts\/6536","targetHints":{"allow":["GET"]}}],"collection":[{"href":"https:\/\/mbsniezna.rzeszow.pl\/index.php\/wp-json\/wp\/v2\/posts"}],"about":[{"href":"https:\/\/mbsniezna.rzeszow.pl\/index.php\/wp-json\/wp\/v2\/types\/post"}],"author":[{"embeddable":true,"href":"https:\/\/mbsniezna.rzeszow.pl\/index.php\/wp-json\/wp\/v2\/users\/1"}],"replies":[{"embeddable":true,"href":"https:\/\/mbsniezna.rzeszow.pl\/index.php\/wp-json\/wp\/v2\/comments?post=6536"}],"version-history":[{"count":1,"href":"https:\/\/mbsniezna.rzeszow.pl\/index.php\/wp-json\/wp\/v2\/posts\/6536\/revisions"}],"predecessor-version":[{"id":6537,"href":"https:\/\/mbsniezna.rzeszow.pl\/index.php\/wp-json\/wp\/v2\/posts\/6536\/revisions\/6537"}],"wp:featuredmedia":[{"embeddable":true,"href":"https:\/\/mbsniezna.rzeszow.pl\/index.php\/wp-json\/wp\/v2\/media\/5718"}],"wp:attachment":[{"href":"https:\/\/mbsniezna.rzeszow.pl\/index.php\/wp-json\/wp\/v2\/media?parent=6536"}],"wp:term":[{"taxonomy":"category","embeddable":true,"href":"https:\/\/mbsniezna.rzeszow.pl\/index.php\/wp-json\/wp\/v2\/categories?post=6536"},{"taxonomy":"post_tag","embeddable":true,"href":"https:\/\/mbsniezna.rzeszow.pl\/index.php\/wp-json\/wp\/v2\/tags?post=6536"}],"curies":[{"name":"wp","href":"https:\/\/api.w.org\/{rel}","templated":true}]}}