{"id":6539,"date":"2019-11-09T20:54:48","date_gmt":"2019-11-09T19:54:48","guid":{"rendered":"https:\/\/mbsniezna.rzeszow.pl\/?p=6539"},"modified":"2019-11-09T20:54:48","modified_gmt":"2019-11-09T19:54:48","slug":"intencje-mszalne-11-17-11-2019","status":"publish","type":"post","link":"https:\/\/mbsniezna.rzeszow.pl\/index.php\/2019\/11\/09\/intencje-mszalne-11-17-11-2019\/","title":{"rendered":"Intencje Mszalne 11.-17.11.2019"},"content":{"rendered":"<p>Poniedzia\u0142ek: 11.11.<\/p>\n<table cellspacing=\"0\" cellpadding=\"0\">\n<tbody>\n<tr>\n<td valign=\"middle\">7.00<\/td>\n<td valign=\"top\">1. O Bo\u017ce b\u0142og. dla Michaliny i Stasia z okazji urodzin<\/p>\n<p>2. + Antoni Kalandyk od rodziny Go\u015b<\/td>\n<\/tr>\n<tr>\n<td valign=\"middle\">18.00<\/td>\n<td valign=\"top\">1. + Janina, Zbigniew G\u0142odowski<\/p>\n<p>2. + Agnieszka Homik (1 rocz.)<\/p>\n<p>3. + Stanis\u0142aw \u015alawski (11)<\/p>\n<p>4. + S\u0142awomir Pa\u015bko od kuzynki Agaty z rodzin\u0105<\/td>\n<\/tr>\n<\/tbody>\n<\/table>\n<p>Wtorek: 12.11<\/p>\n<table cellspacing=\"0\" cellpadding=\"0\">\n<tbody>\n<tr>\n<td valign=\"middle\">7.00<\/td>\n<td valign=\"top\">1. + Ks. Kazimierz \u017bydzik od uczestnik\u00f3w wyjazdu w Bieszczady<\/p>\n<p>2. + Julia, W\u0142adys\u0142aw, Eugeniusz, Krzysztof<\/p>\n<p>3. + S\u0142awomir Pa\u015bko od kuzyna Zenka z rodzin\u0105<\/p>\n<p>4. + Maciej W\u0119glarz od piel\u0119gniarek z kardiologii szpitala MSWUiA w Rzeszowie<\/td>\n<\/tr>\n<tr>\n<td valign=\"middle\">18.00<\/td>\n<td valign=\"top\">1. + Stanis\u0142aw \u015alawski (12)<\/p>\n<p>2. + Waleria, Adam Fyda<\/p>\n<p>3. + Edward Mendo\u0144 od Romana i Marii Chruszcz<\/p>\n<p>4. + Agnieszka Homik od syna chrzestnego Arka<\/td>\n<\/tr>\n<\/tbody>\n<\/table>\n<p>\u015aroda: 13.11<\/p>\n<table cellspacing=\"0\" cellpadding=\"0\">\n<tbody>\n<tr>\n<td valign=\"middle\">7.00<\/td>\n<td valign=\"top\">1. + Katarzyna, Franciszek, Stanis\u0142aw Trojan<\/p>\n<p>2.<span class=\"Apple-converted-space\">&nbsp; <\/span>+ Mieczys\u0142aw Solecki od kuzyna Bogdana z \u017con\u0105 Barbar\u0105<\/p>\n<p>3. + Janina Dudek od Ireny Koc\u00f3j z rodzin\u0105<\/p>\n<p>4. + Helena Jacek od syna Stanis\u0142awa z \u017con\u0105<\/td>\n<\/tr>\n<tr>\n<td valign=\"middle\">18.00<\/td>\n<td valign=\"top\">1. + Adam Garlak (1 rocz.)<\/p>\n<p>2. + Maria Pa\u015bkiewicz (1 rocz.)<\/p>\n<p>3.<span class=\"Apple-converted-space\">&nbsp; <\/span>+ Stanis\u0142aw \u015alawski (13)<\/p>\n<p>4. + Stanis\u0142awa Siciak od chrze\u015bnicy z m\u0119\u017cem i synami \u2013 zako\u0144czenie Mszy pogrzebowych<\/p>\n<p>5. + Tadeusz Domino od syna Janusza z rodzin\u0105<\/td>\n<\/tr>\n<\/tbody>\n<\/table>\n<p>Czwartek: 14.11<\/p>\n<table cellspacing=\"0\" cellpadding=\"0\">\n<tbody>\n<tr>\n<td valign=\"middle\">7.00<\/td>\n<td valign=\"top\">1. + Ks. Kazimierz Guzy od uczestnik\u00f3w wyjazdu w Bieszczady<\/p>\n<p>2. + Edward Mendo\u0144 od Janiny Chruszcz z rodzin\u0105<\/p>\n<p>3. + Agnieszka Homik od rodziny Konkol\u00f3w<\/p>\n<p>4. + Maria Pa\u015bkiewicz od Szczupiel\u00f3w z Siedlisk<\/td>\n<\/tr>\n<tr>\n<td valign=\"middle\">18.00<\/td>\n<td valign=\"top\">1. + Bogumi\u0142a Warzocha (10 rocz.)<\/p>\n<p>2. + Stanis\u0142aw \u015alawski (14)<span class=\"Apple-converted-space\">&nbsp;<\/span><\/p>\n<p>3. + Kamil Fornal od rodziny Szpiech<\/p>\n<p>4. + Bronis\u0142aw Pa\u015bko od \u017cony <span class=\"Apple-converted-space\">&nbsp; &nbsp; &nbsp; &nbsp; &nbsp; &nbsp; &nbsp; &nbsp; &nbsp; &nbsp; &nbsp; &nbsp; &nbsp; &nbsp; &nbsp; &nbsp; &nbsp; &nbsp; &nbsp; &nbsp; &nbsp;<\/span><\/td>\n<\/tr>\n<\/tbody>\n<\/table>\n<p>Pi\u0105tek: 15.11<\/p>\n<table cellspacing=\"0\" cellpadding=\"0\">\n<tbody>\n<tr>\n<td valign=\"middle\">7.00<\/td>\n<td valign=\"top\">1. + Maciej W\u0119glarz od Woj. Stacji Pogotowia Ratunkowego<\/p>\n<p>2. + W\u0142adys\u0142aw Dudek od syna W\u0142odzimierza<\/p>\n<p>3. + Maria Pa\u015bkiewicz od rodziny Rzeszutk\u00f3w<\/td>\n<\/tr>\n<tr>\n<td valign=\"middle\">18.00<\/td>\n<td valign=\"top\">1. + Stanis\u0142aw \u015alawski (15)<\/p>\n<p>2.<span class=\"Apple-converted-space\">&nbsp; <\/span>+ Mateusz Kalandyk (11 rocz.)<\/p>\n<p>3. + Mieczys\u0142aw Solecki o kuzyna Grzegorza z rodzin\u0105 \u2013 zako\u0144czenie Mszy pogrzebowych<\/p>\n<p>4. + Stanis\u0142aw \u017bmuda od c\u00f3rki Renaty<\/p>\n<p>5. + Kamil Fornal od rodziny Ha\u0142o\u0144<\/td>\n<\/tr>\n<\/tbody>\n<\/table>\n<p>Sobota: 16.11<\/p>\n<table cellspacing=\"0\" cellpadding=\"0\">\n<tbody>\n<tr>\n<td valign=\"middle\">7.00<\/td>\n<td valign=\"top\">1. + Janina Dudek od rodz. Pa\u0142ka i Wilga<\/p>\n<p>2.<span class=\"Apple-converted-space\">&nbsp; <\/span>+ Helena Jacek od Wnuk\u00f3w Jakuba, Bart\u0142omieja i Micha\u0142a<\/p>\n<p>3. + Agnieszka Homik od El\u017cbiety Pa\u0142ka z rodzin\u0105<\/td>\n<\/tr>\n<tr>\n<td valign=\"middle\">18.00<\/td>\n<td valign=\"top\">1. O Bo\u017ce b\u0142og. dla El\u017cbiety i Janusza w 15 rocz. \u015blubu<\/p>\n<p>2. + Marian Giba\u0142a (10 rocz.)<\/p>\n<p>3. + Stanis\u0142aw \u015alawski (16)<\/p>\n<p>4. + Bronis\u0142aw Pa\u015bko od c\u00f3rki El\u017cbiety z rodzin\u0105<\/p>\n<p>5. + Stanis\u0142aw \u017bmuda od c\u00f3rki Krystyny z rodzin\u0105<\/td>\n<\/tr>\n<\/tbody>\n<\/table>\n<p>NIEDZIELA: 17.11<\/p>\n<table cellspacing=\"0\" cellpadding=\"0\">\n<tbody>\n<tr>\n<td valign=\"middle\">7.00<\/td>\n<td valign=\"top\">1. ++ budowniczy i fundatorzy naszego ko\u015bcio\u0142a<\/p>\n<p>2. ++ polecani w tegorocznych wypominkach<\/p>\n<p>3. + Ludwik, Wiktoria Michalski<\/td>\n<\/tr>\n<tr>\n<td valign=\"middle\">9.00<\/td>\n<td valign=\"top\">1. +J\u00f3zef, Maria, Adam, Zdzis\u0142aw Ciebiera<\/p>\n<p>2.<span class=\"Apple-converted-space\">&nbsp; <\/span>+ Stanis\u0142aw \u015alawski (17)<\/td>\n<\/tr>\n<tr>\n<td valign=\"middle\">10.30<\/td>\n<td valign=\"top\">1. + Klaudiusz Goryl (8 rocz.)<\/td>\n<\/tr>\n<tr>\n<td valign=\"middle\">12.00<\/td>\n<td valign=\"top\">1. Za parafian \u017cywych i zmar\u0142ych<\/td>\n<\/tr>\n<tr>\n<td valign=\"middle\">16.00<\/td>\n<td valign=\"top\">1. + Stanis\u0142aw, Janusz Kotula<\/td>\n<\/tr>\n<tr>\n<td valign=\"middle\">18.00<\/td>\n<td valign=\"top\">1. + Adam Garlak (1rocz.)<\/td>\n<\/tr>\n<\/tbody>\n<\/table>\n","protected":false},"excerpt":{"rendered":"<p>&#8230;<\/p>\n","protected":false},"author":1,"featured_media":5484,"comment_status":"closed","ping_status":"open","sticky":false,"template":"","format":"standard","meta":{"ngg_post_thumbnail":0,"footnotes":""},"categories":[4,25,13],"tags":[],"class_list":["post-6539","post","type-post","status-publish","format-standard","has-post-thumbnail","hentry","category-intencje","category-news","category-newsy"],"_links":{"self":[{"href":"https:\/\/mbsniezna.rzeszow.pl\/index.php\/wp-json\/wp\/v2\/posts\/6539","targetHints":{"allow":["GET"]}}],"collection":[{"href":"https:\/\/mbsniezna.rzeszow.pl\/index.php\/wp-json\/wp\/v2\/posts"}],"about":[{"href":"https:\/\/mbsniezna.rzeszow.pl\/index.php\/wp-json\/wp\/v2\/types\/post"}],"author":[{"embeddable":true,"href":"https:\/\/mbsniezna.rzeszow.pl\/index.php\/wp-json\/wp\/v2\/users\/1"}],"replies":[{"embeddable":true,"href":"https:\/\/mbsniezna.rzeszow.pl\/index.php\/wp-json\/wp\/v2\/comments?post=6539"}],"version-history":[{"count":2,"href":"https:\/\/mbsniezna.rzeszow.pl\/index.php\/wp-json\/wp\/v2\/posts\/6539\/revisions"}],"predecessor-version":[{"id":6541,"href":"https:\/\/mbsniezna.rzeszow.pl\/index.php\/wp-json\/wp\/v2\/posts\/6539\/revisions\/6541"}],"wp:featuredmedia":[{"embeddable":true,"href":"https:\/\/mbsniezna.rzeszow.pl\/index.php\/wp-json\/wp\/v2\/media\/5484"}],"wp:attachment":[{"href":"https:\/\/mbsniezna.rzeszow.pl\/index.php\/wp-json\/wp\/v2\/media?parent=6539"}],"wp:term":[{"taxonomy":"category","embeddable":true,"href":"https:\/\/mbsniezna.rzeszow.pl\/index.php\/wp-json\/wp\/v2\/categories?post=6539"},{"taxonomy":"post_tag","embeddable":true,"href":"https:\/\/mbsniezna.rzeszow.pl\/index.php\/wp-json\/wp\/v2\/tags?post=6539"}],"curies":[{"name":"wp","href":"https:\/\/api.w.org\/{rel}","templated":true}]}}