{"id":6542,"date":"2019-11-09T20:57:37","date_gmt":"2019-11-09T19:57:37","guid":{"rendered":"https:\/\/mbsniezna.rzeszow.pl\/?p=6542"},"modified":"2019-11-09T20:57:37","modified_gmt":"2019-11-09T19:57:37","slug":"ogloszenia-xxxii-niedziela-zwykla","status":"publish","type":"post","link":"https:\/\/mbsniezna.rzeszow.pl\/index.php\/2019\/11\/09\/ogloszenia-xxxii-niedziela-zwykla\/","title":{"rendered":"OG\u0141OSZENIA \u2013 XXXII NIEDZIELA ZWYK\u0141A"},"content":{"rendered":"<p>10 LISTOPADA 2019 R.<\/p>\n<p>1. Dzisiaj o 9.00 przyj\u0119cie nowych ministrant\u00f3w, po Mszy o 12.00 koncert pie\u015bni patriotycznych w wykonaniu naszego ch\u00f3ru. Zbi\u00f3rka do puszek na pomoc chrze\u015bcijanom w Sudanie Po\u0142udniowym.<\/p>\n<p>2. W tygodniu wypominki po Mszy wieczornej \u2013 kartki z wypominkami mo\u017cemy sk\u0142ada\u0107 do ko\u0144ca listopada.<\/p>\n<p>3. Jutro wspomnienie \u015bw. Marcina Turs, \u015awi\u0119to Niepodleg\u0142o\u015bci \u2013 modlimy si\u0119 za Ojczyzn\u0119. Zapraszamy na Msz\u0119 o 18.00, a po niej b\u0119dzie przygotowana przez m\u0142odzie\u017c adoracja w intencji Ojczyzny.<\/p>\n<p>4. We wtorek wspomnienie \u015bw. Jozefata Koncewicz \u2013 nabo\u017ce\u0144stwo do \u015bw. Antoniego. Zbi\u00f3rka lektor\u00f3w.<\/p>\n<p>5. W \u015brod\u0119 wspomnienie Pierwszych Polskich M\u0119czennik\u00f3w \u2013 nabo\u017ce\u0144stwo do Matki Bo\u017cej. Po Mszy katecheza dla doros\u0142ych \u201eSakramenty s\u0105 dla ludzi\u201d.<\/p>\n<p>6. W czwartek od 17.15 adoracja Naj\u015bwi\u0119tszego Sakramentu, mo\u017cliwo\u015b\u0107 spowiedzi, modlitwy o powo\u0142ania do s\u0142u\u017cby Bo\u017cej. Po Mszy spotkanie kandydat\u00f3w do bierzmowania z klas VIII.<\/p>\n<p>7. W pi\u0105tek wspomnienie \u015bw. Alberta Wielkiego \u2013 nabo\u017ce\u0144stwo do Bo\u017cego Mi\u0142osierdzia. O 16.30 spotkanie oazy m\u0142odszej, po Mszy oazy starszej.<\/p>\n<p>8. W przysz\u0142\u0105 niedziel\u0119 prosimy o sk\u0142adk\u0119 na cele inwestycyjne. R\u00f3\u017caniec r\u00f3\u017ca Teresy Basiura.<\/p>\n<p>9. B\u00f3g zap\u0142a\u0107 za ofiary na sprz\u0105tanie ko\u015bcio\u0142a, w tym tygodniu z ul. Strzelc\u00f3w prosimy rodziny: Katarzyny Stelmach, Eweliny Tomczyk, Aleksandra Paluch, Natalii Czekaj, Agnieszki Fajkiel, Ewy Nowak, Marii Ga\u0142ka, Marzeny Fogt, Bernardetty Jopek, Marzeny Pa\u015bkiewicz, Danuty Pa\u015bkiewicz, Sabiny Rejman, Joanny Sobusiak.<\/p>\n<p>10. Za tydzie\u0144 za dobrowolna ofiar\u0105 b\u0119dzie mo\u017cna naby\u0107 ksi\u0105\u017ceczk\u0119 o tematyce duchowej pt. \u201eABC osobistego oddania si\u0119 Maryi\u201d.<\/p>\n<p>11. Aktualnie z powodu b\u0142ota nie ma mo\u017cliwo\u015bci wywozu \u015bmieci z cmentarza, prosimy na razie powstrzyma\u0107 si\u0119 ze znoszeniem, bo kub\u0142y s\u0105 pe\u0142ne. Gdyby jednak od wtorku czy \u015brody pojawi\u0142y si\u0119 kontenery przy g\u00f3rnym wje\u017adzie na cmentarz, to prosimy tam znosi\u0107. Pami\u0119tajmy o segregacji: wypalone znicze i wk\u0142ady dajemy do kontener\u00f3w blaszanych, a odpady naturalne do \u015bmietnika kamiennego, je\u015bli znosimy chryzantemy, to zdejmujemy doniczki i wraz z podstawkami sk\u0142adamy do kontener\u00f3w blaszanych.<\/p>\n","protected":false},"excerpt":{"rendered":"<p>&#8230;<\/p>\n","protected":false},"author":1,"featured_media":5472,"comment_status":"closed","ping_status":"open","sticky":false,"template":"","format":"standard","meta":{"ngg_post_thumbnail":0,"footnotes":""},"categories":[25,13,14],"tags":[],"class_list":["post-6542","post","type-post","status-publish","format-standard","has-post-thumbnail","hentry","category-news","category-newsy","category-ogloszenia_duszp"],"_links":{"self":[{"href":"https:\/\/mbsniezna.rzeszow.pl\/index.php\/wp-json\/wp\/v2\/posts\/6542","targetHints":{"allow":["GET"]}}],"collection":[{"href":"https:\/\/mbsniezna.rzeszow.pl\/index.php\/wp-json\/wp\/v2\/posts"}],"about":[{"href":"https:\/\/mbsniezna.rzeszow.pl\/index.php\/wp-json\/wp\/v2\/types\/post"}],"author":[{"embeddable":true,"href":"https:\/\/mbsniezna.rzeszow.pl\/index.php\/wp-json\/wp\/v2\/users\/1"}],"replies":[{"embeddable":true,"href":"https:\/\/mbsniezna.rzeszow.pl\/index.php\/wp-json\/wp\/v2\/comments?post=6542"}],"version-history":[{"count":1,"href":"https:\/\/mbsniezna.rzeszow.pl\/index.php\/wp-json\/wp\/v2\/posts\/6542\/revisions"}],"predecessor-version":[{"id":6543,"href":"https:\/\/mbsniezna.rzeszow.pl\/index.php\/wp-json\/wp\/v2\/posts\/6542\/revisions\/6543"}],"wp:featuredmedia":[{"embeddable":true,"href":"https:\/\/mbsniezna.rzeszow.pl\/index.php\/wp-json\/wp\/v2\/media\/5472"}],"wp:attachment":[{"href":"https:\/\/mbsniezna.rzeszow.pl\/index.php\/wp-json\/wp\/v2\/media?parent=6542"}],"wp:term":[{"taxonomy":"category","embeddable":true,"href":"https:\/\/mbsniezna.rzeszow.pl\/index.php\/wp-json\/wp\/v2\/categories?post=6542"},{"taxonomy":"post_tag","embeddable":true,"href":"https:\/\/mbsniezna.rzeszow.pl\/index.php\/wp-json\/wp\/v2\/tags?post=6542"}],"curies":[{"name":"wp","href":"https:\/\/api.w.org\/{rel}","templated":true}]}}