{"id":6545,"date":"2019-11-16T20:04:27","date_gmt":"2019-11-16T19:04:27","guid":{"rendered":"https:\/\/mbsniezna.rzeszow.pl\/?p=6545"},"modified":"2019-11-16T20:05:16","modified_gmt":"2019-11-16T19:05:16","slug":"intencje-mszalne-18-24-11-2019","status":"publish","type":"post","link":"https:\/\/mbsniezna.rzeszow.pl\/index.php\/2019\/11\/16\/intencje-mszalne-18-24-11-2019\/","title":{"rendered":"Intencje Mszalne 18.-24.11.2019"},"content":{"rendered":"<p>Poniedzia\u0142ek: 18.11.<\/p>\n<table cellspacing=\"0\" cellpadding=\"0\">\n<tbody>\n<tr>\n<td valign=\"middle\">7.00<\/td>\n<td valign=\"top\">1. + Stanis\u0142aw \u015alawski (18)<\/p>\n<p>2. + Edward Mendo\u0144 od Mariana i Anny Fornal<\/p>\n<p>3. + Janina Dudek od Krystyny Bieniasz z rodzin\u0105<\/td>\n<\/tr>\n<tr>\n<td valign=\"middle\">18.00<\/td>\n<td valign=\"top\">1. O zdrowie dla J\u00f3zefa<\/p>\n<p>2. + Bernadetta pasek, Genowefa, Eugeniusz Tondera<\/p>\n<p>3. + Maciej W\u0119glarz od Anny Jankiewicz i piel\u0119gniarek z anestezjologii i int. terapii \u2013 zak. Mszy pogrzebowych<\/p>\n<p>4. + Helena Jacek od chrze\u015bnicy Bo\u017ceny z rodzin\u0105<\/td>\n<\/tr>\n<\/tbody>\n<\/table>\n<p>Wtorek: 19.11<\/p>\n<table cellspacing=\"0\" cellpadding=\"0\">\n<tbody>\n<tr>\n<td valign=\"middle\">7.00<\/td>\n<td valign=\"top\">1. + Stanis\u0142aw \u015alawski (19)<\/p>\n<p>2. + Helena Jacek od J\u00f3zefa Koc\u00f3r<\/p>\n<p>3. + S\u0142awomir Pa\u015bko od Zofii i Adama Domin\u00f3w<\/p>\n<p>4. + Piotr Mi\u0105sik od ojca<\/td>\n<\/tr>\n<tr>\n<td valign=\"middle\">18.00<\/td>\n<td valign=\"top\">1. + Maria, W\u0142adys\u0142aw Ko\u015b\u0107<\/p>\n<p>2. + Longin Pi\u0119ta od syna Bronis\u0142awa z rodzin\u0105<\/p>\n<p>3. + Tadeusz Domino od chrzestnej Ma\u0142gorzaty<\/p>\n<p>4. + Zofia P\u0142onka od siostry Marii<\/td>\n<\/tr>\n<\/tbody>\n<\/table>\n<p>\u015aroda: 20.11<\/p>\n<table cellspacing=\"0\" cellpadding=\"0\">\n<tbody>\n<tr>\n<td valign=\"middle\">7.00<\/td>\n<td valign=\"top\">1. + Stanis\u0142aw \u015alawski (20)<\/p>\n<p>2. + Agnieszka Homik od Tomka z rodzin\u0105<\/p>\n<p>3. + Maria Pa\u015bkiewicz od Doroty i Roberta Pelc<\/p>\n<p>4. + Stanis\u0142aw \u017bmuda od Zofii Jacek<\/td>\n<\/tr>\n<tr>\n<td valign=\"middle\">18.00<\/td>\n<td valign=\"top\">1. + Katarzyna, Mieczys\u0142aw Sworze\u0144, Zofia Kempa<\/p>\n<p>2. + Anna Piekie\u0142ek od m\u0119\u017ca i syn\u00f3w<\/p>\n<p>3.<span class=\"Apple-converted-space\">&nbsp; <\/span>+ Kamil Fornal od Jana Bomby z rodzin\u0105<\/td>\n<\/tr>\n<\/tbody>\n<\/table>\n<p>Czwartek: 21.11<\/p>\n<table cellspacing=\"0\" cellpadding=\"0\">\n<tbody>\n<tr>\n<td valign=\"middle\">7.00<\/td>\n<td valign=\"top\">1. + Stanis\u0142aw \u015alawski (21)<\/p>\n<p>2. + Stanis\u0142aw \u017bmuda od rodziny S\u0142owik\u00f3w<\/p>\n<p>3. + Kamil Fornal od kole\u017canek z Szopena<\/td>\n<\/tr>\n<tr>\n<td valign=\"middle\">18.00<\/td>\n<td valign=\"top\">1. + El\u017cbieta P\u0105czek (2 rocz.), Maria, J\u00f3zef<\/p>\n<p>2. + Edward Dr\u00f3bka od syna Zdzis\u0142awa<\/p>\n<p>3. + J\u00f3zef Gutkowski od c\u00f3rki Danuty z m\u0119\u017cem <span class=\"Apple-converted-space\">&nbsp; &nbsp; &nbsp; &nbsp; &nbsp; &nbsp; &nbsp; &nbsp; &nbsp; &nbsp; &nbsp; &nbsp; &nbsp; &nbsp; &nbsp; &nbsp; &nbsp; &nbsp;<\/span><\/td>\n<\/tr>\n<\/tbody>\n<\/table>\n<p>Pi\u0105tek: 22.11<\/p>\n<table cellspacing=\"0\" cellpadding=\"0\">\n<tbody>\n<tr>\n<td valign=\"middle\">7.00<\/td>\n<td valign=\"top\">1. + Stanis\u0142aw \u015alawski (22)<\/p>\n<p>2. + Piotr Mi\u0105sik od ojca<\/td>\n<\/tr>\n<tr>\n<td valign=\"middle\">18.00<\/td>\n<td valign=\"top\">1. + Zofia G\u0142odowska, ++ Jopk\u00f3w i G\u0142odowskich<\/p>\n<p>2.<span class=\"Apple-converted-space\">&nbsp; <\/span>+ Zofia P\u0142onka od m\u0119\u017ca<\/p>\n<p>3. + Stanis\u0142aw Konkol od rodziny Tonder\u00f3w<\/p>\n<p>4. + Agnieszka Homik od Izabeli Kulig i jej mamy Zofii P\u0142onka \u2013 ks. Damian poza parafi\u0105<\/td>\n<\/tr>\n<\/tbody>\n<\/table>\n<p>Sobota: 23.11<\/p>\n<table cellspacing=\"0\" cellpadding=\"0\">\n<tbody>\n<tr>\n<td valign=\"middle\">7.00<\/td>\n<td valign=\"top\">1. + Stanis\u0142aw \u015alawski (23)<\/p>\n<p>2.<span class=\"Apple-converted-space\">&nbsp; <\/span>+ Teresa czapla od bratanicy Ewy z rodzin\u0105<\/p>\n<p>3. + Genowefa G\u0142odowska od c\u00f3rki i wnuk\u00f3w z rodzinami<\/td>\n<\/tr>\n<tr>\n<td valign=\"middle\">18.00<\/td>\n<td valign=\"top\">1. O szcz\u0119\u015bliwe rozwi\u0105zanie dla Eweliny<\/p>\n<p>2. + Czes\u0142awa Kotula od syna S\u0142awomira<\/p>\n<p>3. + Agnieszka Homik od kole\u017canek z Liceum Marzeny i Lidii \u2013 ks. Damian poza parafi\u0105<\/td>\n<\/tr>\n<\/tbody>\n<\/table>\n<p>NIEDZIELA: 24.11<\/p>\n<table cellspacing=\"0\" cellpadding=\"0\">\n<tbody>\n<tr>\n<td valign=\"middle\">7.00<\/td>\n<td valign=\"top\">1. ++ ksi\u0119\u017ca rodacy budziwojscy<\/p>\n<p>2. ++ polecani w tegorocznych wypominkach<\/p>\n<p>3. + Genowefa Blachura \u2013 siostra \u015bp. Ks. Kazimierza<\/p>\n<p>4. + Boles\u0142aw Michalski (rocz.)<\/td>\n<\/tr>\n<tr>\n<td valign=\"middle\">9.00<\/td>\n<td valign=\"top\">1. + Edward Kmiotek (17 rocz.), Helena, Kazimierz<\/p>\n<p>2.<span class=\"Apple-converted-space\">&nbsp; <\/span>+ Stanis\u0142aw \u015alawski (24)<\/td>\n<\/tr>\n<tr>\n<td valign=\"middle\">10.30<\/td>\n<td valign=\"top\">1. + Zofia (15 rocz.), Stanis\u0142aw Szczypek<\/td>\n<\/tr>\n<tr>\n<td valign=\"middle\">12.00<\/td>\n<td valign=\"top\">1. Za parafian \u017cywych i zmar\u0142ych<\/td>\n<\/tr>\n<tr>\n<td valign=\"middle\">16.00<\/td>\n<td valign=\"top\">1. + Stanis\u0142aw ba\u0142a, Stanis\u0142awa W\u0105sacz<\/td>\n<\/tr>\n<tr>\n<td valign=\"middle\">18.00<\/td>\n<td valign=\"top\">1. + Pawe\u0142 Ferenc (3 rocz.)<\/td>\n<\/tr>\n<\/tbody>\n<\/table>\n","protected":false},"excerpt":{"rendered":"<p>&#8230;<\/p>\n","protected":false},"author":1,"featured_media":5481,"comment_status":"closed","ping_status":"open","sticky":false,"template":"","format":"standard","meta":{"ngg_post_thumbnail":0,"footnotes":""},"categories":[4,25,13],"tags":[],"class_list":["post-6545","post","type-post","status-publish","format-standard","has-post-thumbnail","hentry","category-intencje","category-news","category-newsy"],"_links":{"self":[{"href":"https:\/\/mbsniezna.rzeszow.pl\/index.php\/wp-json\/wp\/v2\/posts\/6545","targetHints":{"allow":["GET"]}}],"collection":[{"href":"https:\/\/mbsniezna.rzeszow.pl\/index.php\/wp-json\/wp\/v2\/posts"}],"about":[{"href":"https:\/\/mbsniezna.rzeszow.pl\/index.php\/wp-json\/wp\/v2\/types\/post"}],"author":[{"embeddable":true,"href":"https:\/\/mbsniezna.rzeszow.pl\/index.php\/wp-json\/wp\/v2\/users\/1"}],"replies":[{"embeddable":true,"href":"https:\/\/mbsniezna.rzeszow.pl\/index.php\/wp-json\/wp\/v2\/comments?post=6545"}],"version-history":[{"count":1,"href":"https:\/\/mbsniezna.rzeszow.pl\/index.php\/wp-json\/wp\/v2\/posts\/6545\/revisions"}],"predecessor-version":[{"id":6546,"href":"https:\/\/mbsniezna.rzeszow.pl\/index.php\/wp-json\/wp\/v2\/posts\/6545\/revisions\/6546"}],"wp:featuredmedia":[{"embeddable":true,"href":"https:\/\/mbsniezna.rzeszow.pl\/index.php\/wp-json\/wp\/v2\/media\/5481"}],"wp:attachment":[{"href":"https:\/\/mbsniezna.rzeszow.pl\/index.php\/wp-json\/wp\/v2\/media?parent=6545"}],"wp:term":[{"taxonomy":"category","embeddable":true,"href":"https:\/\/mbsniezna.rzeszow.pl\/index.php\/wp-json\/wp\/v2\/categories?post=6545"},{"taxonomy":"post_tag","embeddable":true,"href":"https:\/\/mbsniezna.rzeszow.pl\/index.php\/wp-json\/wp\/v2\/tags?post=6545"}],"curies":[{"name":"wp","href":"https:\/\/api.w.org\/{rel}","templated":true}]}}