{"id":6547,"date":"2019-11-16T20:06:55","date_gmt":"2019-11-16T19:06:55","guid":{"rendered":"https:\/\/mbsniezna.rzeszow.pl\/?p=6547"},"modified":"2019-11-16T20:06:55","modified_gmt":"2019-11-16T19:06:55","slug":"ogloszenia-xxxiii-niedziela-zwykla-2","status":"publish","type":"post","link":"https:\/\/mbsniezna.rzeszow.pl\/index.php\/2019\/11\/16\/ogloszenia-xxxiii-niedziela-zwykla-2\/","title":{"rendered":"OG\u0141OSZENIA \u2013 XXXIII NIEDZIELA ZWYK\u0141A"},"content":{"rendered":"<p>17 LISTOPADA 2019 R.<\/p>\n<ol>\n<li>Dzisiaj prze\u017cywamy \u015awiatowy Dzie\u0144 Ubogiego \u2013 dzi\u0119kujemy m\u0142odzie\u017cy ze Szkolnego Ko\u0142a Caritas za przygotowanie liturgii Mszy \u015bw. o 9.00, o 17.00 r\u00f3\u017caniec za zmar\u0142ych z wypominkami, w tygodniu wypominki po Mszy wieczornej.<\/li>\n<\/ol>\n<ol start=\"2\">\n<li>Jutro wspomnienie b\u0142. Karoliny K\u00f3zka \u2013 m\u0119czennicy i patronki diecezji rzeszowskiej.<\/li>\n<\/ol>\n<ol start=\"3\">\n<li>We wtorek nabo\u017ce\u0144stwo do \u015bw. Antoniego. Spotkanie ministrant\u00f3w.<\/li>\n<\/ol>\n<ol start=\"4\">\n<li>W \u015brod\u0119 wspomnienie \u015bw. Rafa\u0142a Kalinowskiego &#8211; nowenna do Matki Bo\u017cej. Katecheza dla doros\u0142ych.<\/li>\n<\/ol>\n<ol start=\"5\">\n<li>W czwartek wspomnienie ofiarowania Matki Bo\u017cej, od 17.15 adoracja i mo\u017cliwo\u015b\u0107 spowiedzi.<\/li>\n<\/ol>\n<ol start=\"6\">\n<li>W pi\u0105tek \u015bw. Cecylii \u2013 nabo\u017ce\u0144stwo do Bo\u017cego mi\u0142osierdzia. O 16.30 spotkanie oazy m\u0142odszej, po Mszy starszej.<\/li>\n<\/ol>\n<ol start=\"7\">\n<li>W sobot\u0119 o 9.00 na hali w Tyczynie dekanalny turniej ministrant\u00f3w. Rodzic\u00f3w prosimy, aby podpisali formularze ze zgod\u0105.<\/li>\n<\/ol>\n<ol start=\"8\">\n<li>Tak\u017ce w sobot\u0119 dla parafialnych grup duszpasterskich: ministranci, lektorzy, schola, oaza i szkolna Caritas<span class=\"Apple-converted-space\">&nbsp; <\/span>w godzinach od 16.00 do 20.00 b\u0119dzie<span class=\"Apple-converted-space\">&nbsp; <\/span>zabawa andrzejkowa w \u201eD\u0119bin\u00f3wce\u201d. Zapraszamy dzieci i m\u0142odzie\u017c. Rodzic\u00f3w prosimy o podpisanie formularzy ze zgod\u0105 i o odebranie dzieci.<\/li>\n<\/ol>\n<ol start=\"9\">\n<li>W niedziel\u0119 uroczysto\u015b\u0107 Jezusa Chrystusa Kr\u00f3la Wszech\u015bwiata.<\/li>\n<\/ol>\n<ol start=\"10\">\n<li>B\u00f3g zap\u0142a\u0107 za ofiary na sprz\u0105tanie ko\u015bcio\u0142a, w tym tygodniu z ul. Strzelc\u00f3w prosimy rodziny: Wcis\u0142o Barbary, Olimpii Chlebica, Barbary Gruszczyk, Krystyny Skoczylas, Niny So\u0142tys, Iwony Krawiec, Danuty Pawlus, Bo\u017ceny Reichel, Moniki Czopik, Lilli Szcz\u0119ch, Cecylii Pasierb, Bo\u017ceny Pr\u0119dki, Joanny Pr\u0119dki, Danuty Pr\u0119dki.<\/li>\n<\/ol>\n<ol start=\"11\">\n<li>Spotkania dla rodzic\u00f3w kandydat\u00f3w do bierzmowania z klas VIII: w poniedzia\u0142ek 25 listopada klasa VIIIa i we wtorek 26 listopada klasa VIIIb, rodzice kandydat\u00f3w poza naszej szko\u0142y mog\u0105 przyj\u015b\u0107 dowolnie w poniedzia\u0142ek lub wtorek. Spotkanie o 19.00 w salce pod ko\u015bcio\u0142em. Zapraszamy.<\/li>\n<\/ol>\n<ol start=\"12\">\n<li>W przedsionku ko\u015bcio\u0142a za dobrowoln\u0105 ofiar\u0119 mo\u017cna naby\u0107 ksi\u0105\u017ceczk\u0119 \u201eABC osobistego oddania si\u0119 Maryi\u201d.<\/li>\n<\/ol>\n","protected":false},"excerpt":{"rendered":"<p>&#8230;<\/p>\n","protected":false},"author":1,"featured_media":5466,"comment_status":"closed","ping_status":"open","sticky":false,"template":"","format":"standard","meta":{"ngg_post_thumbnail":0,"footnotes":""},"categories":[25,13,14],"tags":[],"class_list":["post-6547","post","type-post","status-publish","format-standard","has-post-thumbnail","hentry","category-news","category-newsy","category-ogloszenia_duszp"],"_links":{"self":[{"href":"https:\/\/mbsniezna.rzeszow.pl\/index.php\/wp-json\/wp\/v2\/posts\/6547","targetHints":{"allow":["GET"]}}],"collection":[{"href":"https:\/\/mbsniezna.rzeszow.pl\/index.php\/wp-json\/wp\/v2\/posts"}],"about":[{"href":"https:\/\/mbsniezna.rzeszow.pl\/index.php\/wp-json\/wp\/v2\/types\/post"}],"author":[{"embeddable":true,"href":"https:\/\/mbsniezna.rzeszow.pl\/index.php\/wp-json\/wp\/v2\/users\/1"}],"replies":[{"embeddable":true,"href":"https:\/\/mbsniezna.rzeszow.pl\/index.php\/wp-json\/wp\/v2\/comments?post=6547"}],"version-history":[{"count":1,"href":"https:\/\/mbsniezna.rzeszow.pl\/index.php\/wp-json\/wp\/v2\/posts\/6547\/revisions"}],"predecessor-version":[{"id":6548,"href":"https:\/\/mbsniezna.rzeszow.pl\/index.php\/wp-json\/wp\/v2\/posts\/6547\/revisions\/6548"}],"wp:featuredmedia":[{"embeddable":true,"href":"https:\/\/mbsniezna.rzeszow.pl\/index.php\/wp-json\/wp\/v2\/media\/5466"}],"wp:attachment":[{"href":"https:\/\/mbsniezna.rzeszow.pl\/index.php\/wp-json\/wp\/v2\/media?parent=6547"}],"wp:term":[{"taxonomy":"category","embeddable":true,"href":"https:\/\/mbsniezna.rzeszow.pl\/index.php\/wp-json\/wp\/v2\/categories?post=6547"},{"taxonomy":"post_tag","embeddable":true,"href":"https:\/\/mbsniezna.rzeszow.pl\/index.php\/wp-json\/wp\/v2\/tags?post=6547"}],"curies":[{"name":"wp","href":"https:\/\/api.w.org\/{rel}","templated":true}]}}