{"id":6564,"date":"2019-11-23T23:14:44","date_gmt":"2019-11-23T22:14:44","guid":{"rendered":"https:\/\/mbsniezna.rzeszow.pl\/?p=6564"},"modified":"2019-11-23T23:15:52","modified_gmt":"2019-11-23T22:15:52","slug":"intencje-mszalne-23-11-1-12-2019","status":"publish","type":"post","link":"https:\/\/mbsniezna.rzeszow.pl\/index.php\/2019\/11\/23\/intencje-mszalne-23-11-1-12-2019\/","title":{"rendered":"UROCZYSTO\u015aC CHRYSTUSA KR\u00d3LA \u2013 OG\u0141OSZENIA"},"content":{"rendered":"<p>24 LISTOPADA 2019 R.<\/p>\n<ol>\n<li>Dzisiaj o 17.00 r\u00f3\u017caniec za zmar\u0142ych z wypominkami, w tygodniu wypominki po Mszy porannej i wieczornej.<\/li>\n<\/ol>\n<ol start=\"2\">\n<li>W poniedzia\u0142ek, wtorek i \u015brod\u0119 Triduum do Matki Bo\u017cej od Cudownego Medalika. Medalik b\u0119dzie rozdawany we \u015brod\u0119.<\/li>\n<\/ol>\n<ol start=\"3\">\n<li>Spotkania rodzic\u00f3w kandydat\u00f3w do bierzmowania: w poniedzia\u0142ek rodzic\u00f3w uczni\u00f3w z klasy VIIIa, we wtorek<span class=\"Apple-converted-space\">&nbsp; <\/span>rodzic\u00f3w uczni\u00f3w w klasy VIIIb \u2013 rodzice uczni\u00f3w spoza naszej szko\u0142y dowolnie w poniedzia\u0142ek lub we wtorek.<\/li>\n<\/ol>\n<ol start=\"4\">\n<li>We wtorek zbi\u00f3rka lektor\u00f3w i ministrant\u00f3w.<\/li>\n<\/ol>\n<ol start=\"5\">\n<li>W \u015brod\u0119 po Mszy katecheza dla doros\u0142ych.<\/li>\n<\/ol>\n<ol start=\"6\">\n<li>W czwartek adoracja od 17.15 i mo\u017cliwo\u015b\u0107 spowiedzi. Spotkanie kandydat\u00f3w do bierzmowania z klasy VIII.<\/li>\n<\/ol>\n<ol start=\"7\">\n<li>W pi\u0105tek pocz\u0105tek Nowenny przed Uroczysto\u015bci\u0105 Niepokalanego Pocz\u0119cia NMP. Spotkania oazy starszej i m\u0142odszej.<\/li>\n<\/ol>\n<ol start=\"8\">\n<li>W sobot\u0119 wspomnienie \u015bw. Andrzeja Aposto\u0142a. Pr\u00f3ba scholii.<\/li>\n<\/ol>\n<ol start=\"9\">\n<li>W przysz\u0142\u0105 niedziel\u0119 rozpoczyna si\u0119 czas Adwentu, w kt\u00f3rym mamy si\u0119 duchowo przygotowywa\u0107 na przyj\u0119cie Pana Jezusa w czasie \u015awiat Bo\u017cego Narodzenia oraz w czasie jego powt\u00f3rnego. Roraty b\u0119d\u0105 wieczorem o godz. 18.00, na kt\u00f3re zapraszamy doros\u0142ych i dzieci. Prosimy, aby dzieciom zakupi\u0107 lampiony.<\/li>\n<\/ol>\n<ol start=\"10\">\n<li>W przysz\u0142\u0105 niedziel\u0119 aspersja i odnowienie przyrzecze\u0144 chrzcielnych. Na prymarii po\u015bwi\u0119cimy op\u0142atki. B\u0119dzie je mo\u017cna nabywa\u0107 w zakrystii \u2013 dobrowolna ofiara przeznaczona jest na ogrzewanie ko\u015bcio\u0142a. Po prymarii zmiana tajemnic r\u00f3\u017ca\u0144cowych.<\/li>\n<\/ol>\n<ol start=\"11\">\n<li>W przysz\u0142\u0105 niedziel\u0119 b\u0119d\u0105 rozprowadzane tak\u017ce \u015bwiece \u201eWigilijnego Dzie\u0142a Pomocy Dzieciom\u201d.<\/li>\n<\/ol>\n<ol start=\"12\">\n<li>W przysz\u0142\u0105 niedziel\u0119 przypada 10 rocznica \u015bmierci ks. proboszcza Kazimierza Guzego \u2013 Msza \u015bw. w jego intencji po przewodnictwem ks. Bpa Kazimierza G\u00f3rnego b\u0119dzie o godz. 12.00. Serdecznie zapraszamy.<\/li>\n<\/ol>\n<ol start=\"13\">\n<li>W przysz\u0142\u0105 niedziel\u0119 w Domu Kultury \u201eBudziw\u00f3j\u201d o godz. 17.30 b\u0119dzie przedstawienie pt. \u201eId\u0119<span class=\"Apple-converted-space\">&nbsp; <\/span>\u015bladami Kr\u00f3la Kr\u00f3l\u00f3w\u201d \u2013 po\u015bwi\u0119cone Rozalii Celak\u00f3wnej. Szczeg\u00f3\u0142y na plakacie i na parafialnym FB. Zapraszamy.<\/li>\n<\/ol>\n<ol start=\"14\">\n<li>B\u00f3g zap\u0142a\u0107 za ofiary na sprz\u0105tanie ko\u015bcio\u0142a. W tym tygodniu z ul. Strzelc\u00f3w prosimy rodziny: Mart Puc, Joanny Wi\u015bniewskiej, Karoliny Krzan, Katarzyny Chudzik, Eweliny Zadworny, Beaty Leszczyk, El\u017cbiety Legierskiej, Alicji Nizio\u0142, Teresy Kiwa\u0142a, Joanny Witko, Katarzyny Techma\u0144skiej.<\/li>\n<\/ol>\n<ol start=\"15\">\n<li>B\u00f3g zap\u0142a\u0107 za sk\u0142adk\u0119 inwestycyjn\u0105 z ubieg\u0142ej niedzieli, kt\u00f3ra wynios\u0142a 10 tys. z\u0142.<span class=\"Apple-converted-space\">&nbsp; <\/span>Sk\u0142adka w pa\u017adzierniku wynios\u0142a 8 tysi\u0119cy z\u0142.<\/li>\n<\/ol>\n<ol start=\"16\">\n<li>Na ma\u0142ym stoliczku jest nowy numer darmowej gazety \u201eChiT \u2013 Chrystus i Ty\u201d. Numer po\u015bwi\u0119cony jest Eucharystii. Zapraszamy do lektury.<\/li>\n<\/ol>\n<ol start=\"17\">\n<li>Miasto Rzesz\u00f3w organizuje szkolenia na temat: \u201eZdrowe powietrze jest lepsze. Wymiana \u017ar\u00f3de\u0142 ciep\u0142a \u2013 dotacje ze \u015brodk\u00f3w Unii Europejskiej\u201d. Szczeg\u00f3\u0142y na plakacie na parafialnym FB.<\/li>\n<\/ol>\n","protected":false},"excerpt":{"rendered":"<p>&#8230;<\/p>\n","protected":false},"author":1,"featured_media":5485,"comment_status":"closed","ping_status":"open","sticky":false,"template":"","format":"standard","meta":{"ngg_post_thumbnail":0,"footnotes":""},"categories":[25,13,3],"tags":[],"class_list":["post-6564","post","type-post","status-publish","format-standard","has-post-thumbnail","hentry","category-news","category-newsy","category-ogloszenia"],"_links":{"self":[{"href":"https:\/\/mbsniezna.rzeszow.pl\/index.php\/wp-json\/wp\/v2\/posts\/6564","targetHints":{"allow":["GET"]}}],"collection":[{"href":"https:\/\/mbsniezna.rzeszow.pl\/index.php\/wp-json\/wp\/v2\/posts"}],"about":[{"href":"https:\/\/mbsniezna.rzeszow.pl\/index.php\/wp-json\/wp\/v2\/types\/post"}],"author":[{"embeddable":true,"href":"https:\/\/mbsniezna.rzeszow.pl\/index.php\/wp-json\/wp\/v2\/users\/1"}],"replies":[{"embeddable":true,"href":"https:\/\/mbsniezna.rzeszow.pl\/index.php\/wp-json\/wp\/v2\/comments?post=6564"}],"version-history":[{"count":3,"href":"https:\/\/mbsniezna.rzeszow.pl\/index.php\/wp-json\/wp\/v2\/posts\/6564\/revisions"}],"predecessor-version":[{"id":6567,"href":"https:\/\/mbsniezna.rzeszow.pl\/index.php\/wp-json\/wp\/v2\/posts\/6564\/revisions\/6567"}],"wp:featuredmedia":[{"embeddable":true,"href":"https:\/\/mbsniezna.rzeszow.pl\/index.php\/wp-json\/wp\/v2\/media\/5485"}],"wp:attachment":[{"href":"https:\/\/mbsniezna.rzeszow.pl\/index.php\/wp-json\/wp\/v2\/media?parent=6564"}],"wp:term":[{"taxonomy":"category","embeddable":true,"href":"https:\/\/mbsniezna.rzeszow.pl\/index.php\/wp-json\/wp\/v2\/categories?post=6564"},{"taxonomy":"post_tag","embeddable":true,"href":"https:\/\/mbsniezna.rzeszow.pl\/index.php\/wp-json\/wp\/v2\/tags?post=6564"}],"curies":[{"name":"wp","href":"https:\/\/api.w.org\/{rel}","templated":true}]}}