{"id":6577,"date":"2019-11-30T23:04:36","date_gmt":"2019-11-30T22:04:36","guid":{"rendered":"https:\/\/mbsniezna.rzeszow.pl\/?p=6577"},"modified":"2019-12-01T16:55:12","modified_gmt":"2019-12-01T15:55:12","slug":"i-niedziela-adwentu-ogloszenia-1-12-2019","status":"publish","type":"post","link":"https:\/\/mbsniezna.rzeszow.pl\/index.php\/2019\/11\/30\/i-niedziela-adwentu-ogloszenia-1-12-2019\/","title":{"rendered":"I NIEDZIELA ADWENTU \u2013 OG\u0141OSZENIA 1.12.2019"},"content":{"rendered":"<p>1 GRUDNIA 2019 R.<\/p>\n<ol>\n<li>Dzisiaj na ka\u017cdej Mszy \u015bw. aspersja, po prymarii zmiana tajemnic, na Mszy \u015bw. o 12.00 pod przewodnictwem ks. Bpa Kazimierza G\u00f3rnego obchodzimy 10. rocznic\u0119 \u015bmierci ks. Kazimierza Guzego.<\/li>\n<\/ol>\n<ol start=\"2\">\n<li>Dzisiaj rozpoczynamy Adwent, czas duchowego przygotowania na przyj\u015bcie Pana Jezusa w tajemnicy Bo\u017cego Narodzenia i w dniu ostatecznym. Trwa Nowenna przed uroczysto\u015bci\u0105 Niepokalanego Pocz\u0119cia.<span class=\"Apple-converted-space\">&nbsp;<\/span><\/li>\n<\/ol>\n<ol start=\"3\">\n<li>Od jutra rozpoczynaj\u0105 si\u0119 roraty, kt\u00f3re b\u0119d\u0105 o 18.00.Wszystkich serdecznie zapraszamy, a zw\u0142aszcza dzieci przedszkolne i z m\u0142odszych klas szko\u0142y podstawowej oraz dzieci komunijne z lampionami, kt\u00f3re s\u0105 znakiem adwentowego czuwania. Na roratach b\u0119dzie realizowany program \u201eRadujcie si\u0119, Pan jest blisko\u201d \u2013 po\u015bwi\u0119cony osobie kard. Wyszy\u0144skiego, kt\u00f3rego beatyfikacja b\u0119dzie 7 czerwca przysz\u0142ego roku.<span class=\"Apple-converted-space\">&nbsp; <\/span>Dla dzieci b\u0119d\u0105 plansze, naklejki, konkursy z nagrodami oraz losowanie figurek Dzieci\u0105tka Jezus, MB Niepokalanej i \u015bw. J\u00f3zefa.<\/li>\n<\/ol>\n<ol start=\"4\">\n<li>We wtorek zbi\u00f3rka ministrant\u00f3w po Mszy wieczornej.<\/li>\n<\/ol>\n<ol start=\"5\">\n<li>W \u015brod\u0119 po Mszy katecheza dla doros\u0142ych.<\/li>\n<\/ol>\n<ol start=\"6\">\n<li>I czwartek miesi\u0105ca, dzie\u0144 modlitw o powo\u0142ania. Od 17.15 adoracja i spowied\u017a. Po Mszy spotkanie kandydat\u00f3w do bierzmowania z klas VIII.<\/li>\n<\/ol>\n<ol start=\"7\">\n<li>I pi\u0105tek miesi\u0105ca \u2013 spowied\u017a o 6.30, o 7.00 Msza \u015bw. i nabo\u017ce\u0144stwo do Bo\u017cego Serca, o 8.30 wyjazd do chorych w Villa Seniora, a nast\u0119pnie po domach, po po\u0142udniu spowied\u017a od 16.30 \u2013 komunia o 17.00 i 17.30, a o 18.00 roraty. Spotkania oazy m\u0142odszej o 16.30, starszej po Mszy \u015bw.<\/li>\n<\/ol>\n<ol start=\"8\">\n<li>W sobot\u0119 na Msz\u0119 \u015bw. wieczorn\u0105 zapraszamy ministrant\u00f3w i lektor\u00f3w, oaz\u0119 i schol\u0119. Po Mszy \u015bw. b\u0119dzie spotkanie ze \u015bw. Miko\u0142ajem.<\/li>\n<\/ol>\n<ol start=\"9\">\n<li>W przysz\u0142\u0105 niedziel\u0119 przypada Uroczysto\u015b\u0107 Niepokalanego Pocz\u0119cia NMP, b\u0119dzie zbi\u00f3rka do puszek na pomoc Ko\u015bcio\u0142owi na Wschodzie \u2013 w krajach dawnego Zwi\u0105zku Radzieckiego. Na Mszy \u015bw. o 10.30 po\u015bwi\u0119cenie medalik\u00f3w dla dzieci komunijnych. Ci kt\u00f3rzy praktykuj\u0105 \u201eGodzin\u0119 \u0142aski\u201d proszeni s\u0105 o udzia\u0142 we Mszy \u015bw. o 12.00. R\u00f3\u017caniec r\u00f3\u017ca Marii Mr\u00f3z.<\/li>\n<\/ol>\n<ol start=\"10\">\n<li>B\u00f3g zap\u0142a\u0107 za ofiary na sprz\u0105tanie ko\u015bcio\u0142a, w tym tygodniu z ul. Strzelc\u00f3w prosimy rodziny:<span class=\"Apple-converted-space\">&nbsp; <\/span>Angeliki Warda, Jolanty G\u0142uszek, Aleksandry \u017bak, Edyty Mazur, Ma\u0142gorzaty W\u0119grzyn, Agnieszki G\u00f3reckiej, Karoliny Krawczyk, Moniki Kope\u0107, Urszuli Larwa, Marty Samek.<\/li>\n<\/ol>\n<ol start=\"11\">\n<li>W zakrystii mo\u017cna si\u0119 zaopatrzy\u0107 w op\u0142atki na st\u00f3\u0142 wigilijny \u2013 dobrowolna ofiara przeznaczona jest na ogrzewanie ko\u015bcio\u0142a. Natomiast w przedsionku ko\u015bcio\u0142a cz\u0142onkowie Szkolnego Ko\u0142a Caritas rozprowadzaj\u0105 \u015bwiece Caritas na st\u00f3\u0142 wigilijny \u2013 du\u017ce 12 z\u0142, ma\u0142e 5 z\u0142, oraz talerzyki na op\u0142atki za dobrowoln\u0105 ofiar\u0119 przeznaczon\u0105 na misje w Afryce.<\/li>\n<\/ol>\n<ol start=\"12\">\n<li>Na terenie naszej parafii jest Dom Dziecka, w kt\u00f3rym mieszka 15 dzieci. Wzorem lat ubieg\u0142ych pragniemy zorganizowa\u0107 dla nich akcj\u0119 \u201eS\u0142odkie \u015awi\u0119ta\u201d. Od jutra przez dwa tygodnie b\u0119dziemy zbiera\u0107 dla tych dzieci s\u0142odycze. Przed Mszami kosz b\u0119dzie wystawiony przed obrazem \u015bw. Antoniego. Mo\u017cna te\u017c na ten cel z\u0142o\u017cy\u0107 ofiar\u0119 do skarbony \u201eChleb \u015bw. Antoniego\u201d. B\u00f3g zap\u0142a\u0107.<\/li>\n<\/ol>\n<ol start=\"13\">\n<li>Na stoliku jest nowy numer darmowej gazety \u201eDobre nowiny\u201d (200 sztuk).<\/li>\n<\/ol>\n<ol start=\"14\">\n<li>W pi\u0105tek i sobot\u0119 (6 i 7 grudnia) w sklepie \u201eBiedronka\u201d na Pu\u0142anku wolontariusze ze Szkolnego Ko\u0142a Caritas zbiera\u0107 b\u0119d\u0105 \u017cywno\u015b\u0107 dla potrzebuj\u0105cych.<\/li>\n<\/ol>\n<ol start=\"15\">\n<li>W niedziel\u0119 8 grudnia o godz. 12.30 w Instytucie Teologiczno-Pastoralnym w Rzeszowie b\u0119dzie spotkanie z Magdalen\u0105 Woli\u0144ska-Riedi (korespondentk\u0105 i mieszkank\u0105 Watykanu) na temat: \u201eKobieta w watykanie. Jak \u017cyje si\u0119 w najmniejszym pa\u0144stwie \u015bwiata\u201d. Ilo\u015b\u0107 miejsc ograniczona. Zg\u0142oszenia pod telefonem 572&nbsp;307&nbsp;874.<\/li>\n<\/ol>\n<ol start=\"16\">\n<li>Miasto Rzesz\u00f3w organizuje szkolenia na temat: \u201eZdrowe powietrze jest lepsze. Wymiana \u017ar\u00f3de\u0142 ciep\u0142a \u2013 dotacje ze \u015brodk\u00f3w Unii Europejskiej\u201d. Szczeg\u00f3\u0142y na plakacie i na parafialnym FB.<\/li>\n<\/ol>\n<ol start=\"17\">\n<li>Od wtorku stra\u017cacy z OSP Budziw\u00f3j w godzinach popo\u0142udniowych roznosi\u0107 b\u0119d\u0105 kalendarze na 2020 rok.<\/li>\n<\/ol>\n<ol start=\"18\">\n<li>Dzisiaj w Domu Kultury \u201eBudziw\u00f3j\u201d o godz. 17.30 b\u0119dzie przedstawienie pt. \u201eId\u0119<span class=\"Apple-converted-space\">&nbsp; <\/span>\u015bladami Kr\u00f3la Kr\u00f3l\u00f3w\u201d \u2013 po\u015bwi\u0119cone Rozalii Celak\u00f3wnej. Zapraszamy.<\/li>\n<\/ol>\n","protected":false},"excerpt":{"rendered":"<p>&#8230;<\/p>\n","protected":false},"author":1,"featured_media":5490,"comment_status":"closed","ping_status":"open","sticky":false,"template":"","format":"standard","meta":{"ngg_post_thumbnail":0,"footnotes":""},"categories":[25,13,14],"tags":[],"class_list":["post-6577","post","type-post","status-publish","format-standard","has-post-thumbnail","hentry","category-news","category-newsy","category-ogloszenia_duszp"],"_links":{"self":[{"href":"https:\/\/mbsniezna.rzeszow.pl\/index.php\/wp-json\/wp\/v2\/posts\/6577","targetHints":{"allow":["GET"]}}],"collection":[{"href":"https:\/\/mbsniezna.rzeszow.pl\/index.php\/wp-json\/wp\/v2\/posts"}],"about":[{"href":"https:\/\/mbsniezna.rzeszow.pl\/index.php\/wp-json\/wp\/v2\/types\/post"}],"author":[{"embeddable":true,"href":"https:\/\/mbsniezna.rzeszow.pl\/index.php\/wp-json\/wp\/v2\/users\/1"}],"replies":[{"embeddable":true,"href":"https:\/\/mbsniezna.rzeszow.pl\/index.php\/wp-json\/wp\/v2\/comments?post=6577"}],"version-history":[{"count":2,"href":"https:\/\/mbsniezna.rzeszow.pl\/index.php\/wp-json\/wp\/v2\/posts\/6577\/revisions"}],"predecessor-version":[{"id":6580,"href":"https:\/\/mbsniezna.rzeszow.pl\/index.php\/wp-json\/wp\/v2\/posts\/6577\/revisions\/6580"}],"wp:featuredmedia":[{"embeddable":true,"href":"https:\/\/mbsniezna.rzeszow.pl\/index.php\/wp-json\/wp\/v2\/media\/5490"}],"wp:attachment":[{"href":"https:\/\/mbsniezna.rzeszow.pl\/index.php\/wp-json\/wp\/v2\/media?parent=6577"}],"wp:term":[{"taxonomy":"category","embeddable":true,"href":"https:\/\/mbsniezna.rzeszow.pl\/index.php\/wp-json\/wp\/v2\/categories?post=6577"},{"taxonomy":"post_tag","embeddable":true,"href":"https:\/\/mbsniezna.rzeszow.pl\/index.php\/wp-json\/wp\/v2\/tags?post=6577"}],"curies":[{"name":"wp","href":"https:\/\/api.w.org\/{rel}","templated":true}]}}