{"id":6602,"date":"2019-12-07T22:10:30","date_gmt":"2019-12-07T21:10:30","guid":{"rendered":"https:\/\/mbsniezna.rzeszow.pl\/?p=6602"},"modified":"2019-12-07T22:10:30","modified_gmt":"2019-12-07T21:10:30","slug":"intencje-mszalne-9-15-12-2019","status":"publish","type":"post","link":"https:\/\/mbsniezna.rzeszow.pl\/index.php\/2019\/12\/07\/intencje-mszalne-9-15-12-2019\/","title":{"rendered":"Intencje Mszalne 9.-15.12.2019"},"content":{"rendered":"<p>Poniedzia\u0142ek: 9.12<\/p>\n<table cellspacing=\"0\" cellpadding=\"0\">\n<tbody>\n<tr>\n<td valign=\"middle\">7.00<\/td>\n<td valign=\"top\">1. + Agnieszka Homik od klasy VIIIa<\/p>\n<p>2. + Agnieszka Homik od klasy VIIIb <span class=\"Apple-converted-space\">&nbsp; &nbsp; &nbsp; &nbsp; &nbsp; &nbsp; &nbsp; &nbsp; &nbsp; &nbsp; &nbsp; &nbsp; &nbsp; &nbsp; &nbsp; &nbsp; &nbsp; &nbsp; &nbsp;<\/span><\/p>\n<p><span class=\"Apple-converted-space\">&nbsp;<\/span>3. + Agnieszka Homik od r\u00f3\u017cy Marii Mr\u00f3z<\/td>\n<\/tr>\n<tr>\n<td valign=\"middle\">18.00<\/td>\n<td valign=\"top\">1. + Zofia, Jan, Leon Kotula<\/p>\n<p>2. + Janina Dudek od bratowej Synosiowej \u2013 zako\u0144czenie Mszy pogrzebowych<\/p>\n<p>3. + Jacek Pa\u015bko<\/p>\n<p>4. + Tadeusz Domino od rodziny Kotula<\/td>\n<\/tr>\n<\/tbody>\n<\/table>\n<p>Wtorek: 10.12<\/p>\n<table cellspacing=\"0\" cellpadding=\"0\">\n<tbody>\n<tr>\n<td valign=\"middle\">7.00<\/td>\n<td valign=\"top\">1. + Maria Pa\u015bkiewicz od Ryszarda Kalandyk z rodzin\u0105<\/p>\n<p>2. + Maria Pa\u015bkiewicz od Jana Kalandyk z rodzin\u0105<\/p>\n<p>3. + Maria Pa\u015bkiewicz od s\u0105siad\u00f3w G\u0142odowskich<\/p>\n<p>4. + Maria Pa\u015bkiewicz od Grzegorza Pa\u015bkiewicz z rodzin\u0105<\/td>\n<\/tr>\n<tr>\n<td valign=\"middle\">18.00<\/td>\n<td valign=\"top\">1. + Dawid Pawlak<\/p>\n<p>2. + Kamil Fornal od Andrzeja i Marty Szcz\u0119ch z rodzin\u0105<\/p>\n<p>3. + Kamil Fornal od Iwony i Wojciecha Styrylskich<\/p>\n<p>4. + Kamil Fornal od kole\u017canek Kasi<\/td>\n<\/tr>\n<\/tbody>\n<\/table>\n<p>\u015aroda: 11.12<\/p>\n<table cellspacing=\"0\" cellpadding=\"0\">\n<tbody>\n<tr>\n<td valign=\"middle\">7.00<\/td>\n<td valign=\"top\">1. + Stanis\u0142aw \u017bmuda od Marii i Jana Worek<\/p>\n<p>2. + Stanis\u0142aw \u017bmuda od chrze\u015bnicy Marysi z rodzin\u0105<\/p>\n<p>3. + Stanis\u0142aw \u017bmuda od Marty i Stanis\u0142awa \u017bmuda z rodzin\u0105<span class=\"Apple-converted-space\">&nbsp; &nbsp; &nbsp; &nbsp; &nbsp; &nbsp; &nbsp;<\/span><\/p>\n<p>4. + Stanis\u0142aw \u017bmuda od Marii i Grzegorza Jacek<\/td>\n<\/tr>\n<tr>\n<td valign=\"middle\">18.00<\/td>\n<td valign=\"top\">1. W intencji Mateusza z racji imienin<\/p>\n<p>2. + Genowefa Mac (5 rocz.) od wnuczek Klaudii i Martyny<\/p>\n<p>3. + Bronis\u0142aw Pa\u015bko od brata z rodzin\u0105<\/p>\n<p>4. + Bronis\u0142aw Pa\u015bko od Anieli Kluz<span class=\"Apple-converted-space\">&nbsp; &nbsp; &nbsp; &nbsp; &nbsp; &nbsp; &nbsp; &nbsp; &nbsp; &nbsp; &nbsp; &nbsp; &nbsp; &nbsp;<\/span><\/td>\n<\/tr>\n<\/tbody>\n<\/table>\n<p>Czwartek: 12.12<\/p>\n<table cellspacing=\"0\" cellpadding=\"0\">\n<tbody>\n<tr>\n<td valign=\"middle\">7.00<\/td>\n<td valign=\"top\">1. + Agnieszka Homik od Eweliny i Rafa\u0142a Homik z c\u00f3rkami<\/p>\n<p>2. + Agnieszka Homik od Marii Kalandyk i El\u017cbiety Matwij<\/p>\n<p>3. + Agnieszka Homik od Marii i Grzegorza Jacek z rodzin\u0105<\/p>\n<p>4. + Agnieszka Homik od rodzin G\u0142odowskich i Synosi\u00f3w<\/td>\n<\/tr>\n<tr>\n<td valign=\"middle\">18.00<\/td>\n<td valign=\"top\">1. O b\u0142og. Bo\u017ce dla rodziny od Marii Szpiech<\/p>\n<p>2. + Maria Pa\u015bkiewicz od rodziny T\u0142uczk\u00f3w<\/p>\n<p>3. + Maria Pa\u015bkiewicz od Marii Pa\u015bkiewicz \u2013 zako\u0144czenie Mszy pogrzebowych<span class=\"Apple-converted-space\">&nbsp; &nbsp; &nbsp; &nbsp; &nbsp; &nbsp; &nbsp; &nbsp; &nbsp; &nbsp; &nbsp; &nbsp; &nbsp; &nbsp; &nbsp; &nbsp; &nbsp; &nbsp; &nbsp; &nbsp; &nbsp; &nbsp; &nbsp; &nbsp; &nbsp; &nbsp; &nbsp; &nbsp; &nbsp; &nbsp; &nbsp; &nbsp; &nbsp; &nbsp; &nbsp; &nbsp; &nbsp; &nbsp; &nbsp; &nbsp; &nbsp; &nbsp; &nbsp; &nbsp;<\/span><\/td>\n<\/tr>\n<\/tbody>\n<\/table>\n<p>Pi\u0105tek: 13.12<\/p>\n<table cellspacing=\"0\" cellpadding=\"0\">\n<tbody>\n<tr>\n<td valign=\"middle\">7.00<\/td>\n<td valign=\"top\">1. + Kamil Fornal od s\u0105siad\u00f3w<\/p>\n<p>2. + Kamil Fornal od s\u0105siad\u00f3w<\/p>\n<p>3. + Kamil Fornal od s\u0105siad\u00f3w<\/td>\n<\/tr>\n<tr>\n<td valign=\"middle\">18.00<\/td>\n<td valign=\"top\">1. + Kazimierz Grzebyk<\/p>\n<p>2. + Bronis\u0142aw Pa\u015bko od Zygmunta Kalita z rodzin\u0105<\/p>\n<p>3. + Bronis\u0142aw Pa\u015bko od Teresy i Romana Pa\u015bko z rodzin\u0105<\/td>\n<\/tr>\n<\/tbody>\n<\/table>\n<p>Sobota: 14.12<\/p>\n<table cellspacing=\"0\" cellpadding=\"0\">\n<tbody>\n<tr>\n<td valign=\"middle\">7.00<\/td>\n<td valign=\"top\">1. + Les\u0142aw Pa\u015bkiewicz (14 rocz.), Jan, Helena<\/p>\n<p>2. + J\u00f3zef Gutkowski od wnuka Mariusza z rodzin\u0105<\/p>\n<p>3. + J\u00f3zef Gutkowski od Ireny Zegar z rodzin\u0105<\/p>\n<p>4. + J\u00f3zef Gutkowski od<span class=\"Apple-converted-space\">&nbsp; <\/span>kole\u017canek Marii i Haliny<\/td>\n<\/tr>\n<tr>\n<td valign=\"middle\">18.00<\/td>\n<td valign=\"top\">1. + Janina, J\u00f3zef Komisarz<\/p>\n<p>2. + Stanis\u0142aw \u017bmuda od koleg\u00f3w ze Stra\u017cy Bankowej<\/td>\n<\/tr>\n<\/tbody>\n<\/table>\n<p>NIEDZIELA: 15.12<\/p>\n<table cellspacing=\"0\" cellpadding=\"0\">\n<tbody>\n<tr>\n<td valign=\"middle\">7.00<\/td>\n<td valign=\"top\">1. + Zofia P\u0142onka od siostry Danuty<\/p>\n<p>2. + Edward \u017bmuda<\/td>\n<\/tr>\n<tr>\n<td valign=\"middle\">9.00<\/td>\n<td valign=\"top\">1. + Zofia Ko\u015bciak (20 rocz.), Apolonia, Piotr W\u0142adys\u0142aw<\/p>\n<p>2. + Edward Dr\u00f3bka od wnuczki Ani z rodzin\u0105<\/td>\n<\/tr>\n<tr>\n<td valign=\"middle\">10.30<\/td>\n<td valign=\"top\">1. + Anna Dudek (3 rocz.)<\/p>\n<p>2. + Zofia Pi\u0119ta (10 rocz.), Zdzis\u0142aw, Jan<\/td>\n<\/tr>\n<tr>\n<td valign=\"middle\">12.00<\/td>\n<td valign=\"top\">1. Za parafian \u017cywych i zmar\u0142ych<\/td>\n<\/tr>\n<tr>\n<td valign=\"middle\">16.00<\/td>\n<td valign=\"top\">1. + Zbigniew, Zdzis\u0142aw Ci\u0105pa\u0142a<\/td>\n<\/tr>\n<tr>\n<td valign=\"middle\">18.00<\/td>\n<td valign=\"top\">1. + Andrzej Szymkowski<\/td>\n<\/tr>\n<\/tbody>\n<\/table>\n","protected":false},"excerpt":{"rendered":"<p>&#8230;<\/p>\n","protected":false},"author":1,"featured_media":6411,"comment_status":"closed","ping_status":"open","sticky":false,"template":"","format":"standard","meta":{"ngg_post_thumbnail":0,"footnotes":""},"categories":[4,25,13],"tags":[],"class_list":["post-6602","post","type-post","status-publish","format-standard","has-post-thumbnail","hentry","category-intencje","category-news","category-newsy"],"_links":{"self":[{"href":"https:\/\/mbsniezna.rzeszow.pl\/index.php\/wp-json\/wp\/v2\/posts\/6602","targetHints":{"allow":["GET"]}}],"collection":[{"href":"https:\/\/mbsniezna.rzeszow.pl\/index.php\/wp-json\/wp\/v2\/posts"}],"about":[{"href":"https:\/\/mbsniezna.rzeszow.pl\/index.php\/wp-json\/wp\/v2\/types\/post"}],"author":[{"embeddable":true,"href":"https:\/\/mbsniezna.rzeszow.pl\/index.php\/wp-json\/wp\/v2\/users\/1"}],"replies":[{"embeddable":true,"href":"https:\/\/mbsniezna.rzeszow.pl\/index.php\/wp-json\/wp\/v2\/comments?post=6602"}],"version-history":[{"count":2,"href":"https:\/\/mbsniezna.rzeszow.pl\/index.php\/wp-json\/wp\/v2\/posts\/6602\/revisions"}],"predecessor-version":[{"id":6604,"href":"https:\/\/mbsniezna.rzeszow.pl\/index.php\/wp-json\/wp\/v2\/posts\/6602\/revisions\/6604"}],"wp:featuredmedia":[{"embeddable":true,"href":"https:\/\/mbsniezna.rzeszow.pl\/index.php\/wp-json\/wp\/v2\/media\/6411"}],"wp:attachment":[{"href":"https:\/\/mbsniezna.rzeszow.pl\/index.php\/wp-json\/wp\/v2\/media?parent=6602"}],"wp:term":[{"taxonomy":"category","embeddable":true,"href":"https:\/\/mbsniezna.rzeszow.pl\/index.php\/wp-json\/wp\/v2\/categories?post=6602"},{"taxonomy":"post_tag","embeddable":true,"href":"https:\/\/mbsniezna.rzeszow.pl\/index.php\/wp-json\/wp\/v2\/tags?post=6602"}],"curies":[{"name":"wp","href":"https:\/\/api.w.org\/{rel}","templated":true}]}}