{"id":6614,"date":"2019-12-14T23:09:25","date_gmt":"2019-12-14T22:09:25","guid":{"rendered":"https:\/\/mbsniezna.rzeszow.pl\/?p=6614"},"modified":"2019-12-14T23:09:56","modified_gmt":"2019-12-14T22:09:56","slug":"intencje-mszalne-16-22-12-2019","status":"publish","type":"post","link":"https:\/\/mbsniezna.rzeszow.pl\/index.php\/2019\/12\/14\/intencje-mszalne-16-22-12-2019\/","title":{"rendered":"Intencje Mszalne 16-22.12.2019"},"content":{"rendered":"<p>Poniedzia\u0142ek: 16.12<\/p>\n<table cellspacing=\"0\" cellpadding=\"0\">\n<tbody>\n<tr>\n<td valign=\"middle\">7.00<\/td>\n<td valign=\"top\">1. + Pawe\u0142 \u017burek<\/p>\n<p>2. + Zofia Jopek<span class=\"Apple-converted-space\">&nbsp; &nbsp; &nbsp; &nbsp; &nbsp; &nbsp; &nbsp; &nbsp; &nbsp; &nbsp; &nbsp; &nbsp; &nbsp; &nbsp; &nbsp; &nbsp; &nbsp; &nbsp;<\/span><\/p>\n<p>3. + Kamil Fornal od Renaty Bizo\u0144<\/td>\n<\/tr>\n<tr>\n<td valign=\"middle\">18.00<\/td>\n<td valign=\"top\">1. + Janusz Bury (2 rocz.)<\/p>\n<p>2. + Bronis\u0142aw Pa\u015bko (1 rocz.)<\/p>\n<p>3. + Tadeusz Domino od rodziny Danilczuk<\/td>\n<\/tr>\n<\/tbody>\n<\/table>\n<p>Wtorek: 17.12<\/p>\n<table cellspacing=\"0\" cellpadding=\"0\">\n<tbody>\n<tr>\n<td valign=\"middle\">7.00<\/td>\n<td valign=\"top\">1. + Agnieszka Homik od rodziny Rzemieniec<\/p>\n<p>2. + Agnieszka Homik od rodziny Blicharz<\/p>\n<p>3. + Agnieszka Homik od Romana Pa\u015bko z rodzin\u0105<\/p>\n<p>4. + Agnieszka Homik od Janusza Pa\u0142ka<\/td>\n<\/tr>\n<tr>\n<td valign=\"middle\">18.00<\/td>\n<td valign=\"top\">1. + Maria, Longin Pa\u015bko<\/p>\n<p>2. + Anna G\u0142odowska (2 rocz.), Augustyn<\/p>\n<p>3. + Bronis\u0142aw Pa\u015bko od Arkadiusza z rodzin\u0105<\/p>\n<p>4. + Bronis\u0142aw Pa\u015bko od Rafa\u0142a z rodzin\u0105<\/td>\n<\/tr>\n<\/tbody>\n<\/table>\n<p>\u015aroda: 18.12<\/p>\n<table cellspacing=\"0\" cellpadding=\"0\">\n<tbody>\n<tr>\n<td valign=\"middle\">7.00<\/td>\n<td valign=\"top\">1. + Tadeusz Domino od Tadeusza Matu\u0142a z rodzin\u0105<\/p>\n<p>2. + Tadeusz Domino od Zofii Matu\u0142a<\/p>\n<p>3. + Tadeusz Domino od Gustawa z rodzin\u0105 <span class=\"Apple-converted-space\">&nbsp; &nbsp; &nbsp; &nbsp; &nbsp;<\/span><\/p>\n<p>4. + Tadeusz Domino od rodziny Lassot\u00f3w<\/td>\n<\/tr>\n<tr>\n<td valign=\"middle\">18.00<\/td>\n<td valign=\"top\">1. + Stanis\u0142aw ba\u0142a, Zofia Budak<span class=\"Apple-converted-space\">&nbsp; &nbsp; &nbsp; &nbsp; &nbsp; &nbsp; &nbsp; &nbsp; &nbsp; &nbsp; &nbsp; &nbsp; &nbsp;<\/span><\/td>\n<\/tr>\n<\/tbody>\n<\/table>\n<p>Czwartek: 19.12<\/p>\n<table cellspacing=\"0\" cellpadding=\"0\">\n<tbody>\n<tr>\n<td valign=\"middle\">7.00<\/td>\n<td valign=\"top\">1. + Kamil Fornal od And\u017celiki Ch\u0142anda z rodzin\u0105<\/p>\n<p>2. + Kamil Fornal od Lucyny i Andrzeja z rodzin\u0105<\/p>\n<p>3. + Kamil Fornal od pracownik\u00f3w Szpitala Pro Familia<\/p>\n<p>4. + Kamil Fornal od piel\u0119gniarek ze Szpitala Pro Familia<\/td>\n<\/tr>\n<tr>\n<td valign=\"middle\">18.00<\/td>\n<td valign=\"top\">1. + Genowefa, Roman Motowid\u0142a<\/p>\n<p>2. + Tadeusz Domino od Genowefy Rzeszutko <span class=\"Apple-converted-space\">&nbsp; &nbsp; &nbsp; &nbsp; &nbsp; &nbsp; &nbsp; &nbsp; &nbsp; &nbsp; &nbsp; &nbsp; &nbsp; &nbsp; &nbsp; &nbsp; &nbsp; &nbsp; &nbsp; &nbsp; &nbsp; &nbsp; &nbsp; &nbsp; &nbsp; &nbsp; &nbsp; &nbsp; &nbsp; &nbsp; &nbsp; &nbsp; &nbsp; &nbsp; &nbsp; &nbsp; &nbsp; &nbsp; &nbsp; &nbsp; &nbsp; &nbsp; &nbsp;<\/span><\/td>\n<\/tr>\n<\/tbody>\n<\/table>\n<p>Pi\u0105tek: 20.12<\/p>\n<table cellspacing=\"0\" cellpadding=\"0\">\n<tbody>\n<tr>\n<td valign=\"middle\">7.00<\/td>\n<td valign=\"top\">1. + Bronis\u0142aw Pa\u015bko od Mariana z rodzin\u0105<\/p>\n<p>2. + Bronis\u0142aw Pa\u015bko od Ma\u0142gorzaty i Jerzego Krzysztofi\u0144skich<\/p>\n<p>3. + Bronis\u0142aw Pa\u015bko od Zofii Anny Kalita<\/p>\n<p>4. + Bronis\u0142aw Pa\u015bko od rodziny Urbank\u00f3w z Jas\u0142a<\/td>\n<\/tr>\n<tr>\n<td valign=\"middle\">18.00<\/td>\n<td valign=\"top\">1. + Barbara \u017bmuda<\/p>\n<p>2. + Tadeusz Domino od Komitetu Budowy Ko\u015bcio\u0142a<\/td>\n<\/tr>\n<\/tbody>\n<\/table>\n<p>Sobota: 21.12<\/p>\n<table cellspacing=\"0\" cellpadding=\"0\">\n<tbody>\n<tr>\n<td valign=\"middle\">7.00<\/td>\n<td valign=\"top\">1. + Mieczys\u0142aw T\u0142uczek<\/p>\n<p>2. + Stanis\u0142aw \u017bmuda od Marii i Grzegorza Jacek<\/p>\n<p>3. + Stanis\u0142aw \u017bmuda od rodziny Burych<\/p>\n<p>4. + Stanis\u0142aw \u017bmuda od Jerzego z rodzin\u0105 z Woli Zg\u0142obie\u0144skiej \u2013 zako\u0144czenie Mszy pogrzebowych<\/td>\n<\/tr>\n<tr>\n<td valign=\"middle\">18.00<\/td>\n<td valign=\"top\">1. + Antonina, Emil Kuczmarz od dzieci<\/p>\n<p>2. + Bronis\u0142aw Pa\u015bko od Janiny Domino z rodzin\u0105<\/td>\n<\/tr>\n<\/tbody>\n<\/table>\n<p>NIEDZIELA: 22.12<\/p>\n<table cellspacing=\"0\" cellpadding=\"0\">\n<tbody>\n<tr>\n<td valign=\"middle\">7.00<\/td>\n<td valign=\"top\">1. O zdrowie dla Jolanty i Karola<\/p>\n<p>2. O Bo\u017ce b\u0142ogos\u0142awie\u0144stwo dla Mateusza w 10 urodziny<\/td>\n<\/tr>\n<tr>\n<td valign=\"middle\">9.00<\/td>\n<td valign=\"top\">1. + Zdzis\u0142aw Ciebiera (11 rocz.)<\/td>\n<\/tr>\n<tr>\n<td valign=\"middle\">10.30<\/td>\n<td valign=\"top\">1. + Zofia Chmiel<\/td>\n<\/tr>\n<tr>\n<td valign=\"middle\">12.00<\/td>\n<td valign=\"top\">1. Za parafian \u017cywych i zmar\u0142ych<\/td>\n<\/tr>\n<tr>\n<td valign=\"middle\">16.00<\/td>\n<td valign=\"top\">1. + W\u0142adys\u0142aw Doksa<\/td>\n<\/tr>\n<tr>\n<td valign=\"middle\">18.00<\/td>\n<td valign=\"top\">1. + Teresa Muc, Anna Kie\u0142basa<\/td>\n<\/tr>\n<\/tbody>\n<\/table>\n","protected":false},"excerpt":{"rendered":"<p>&#8230;<\/p>\n","protected":false},"author":1,"featured_media":6538,"comment_status":"closed","ping_status":"open","sticky":false,"template":"","format":"standard","meta":{"ngg_post_thumbnail":0,"footnotes":""},"categories":[4,25,13],"tags":[],"class_list":["post-6614","post","type-post","status-publish","format-standard","has-post-thumbnail","hentry","category-intencje","category-news","category-newsy"],"_links":{"self":[{"href":"https:\/\/mbsniezna.rzeszow.pl\/index.php\/wp-json\/wp\/v2\/posts\/6614","targetHints":{"allow":["GET"]}}],"collection":[{"href":"https:\/\/mbsniezna.rzeszow.pl\/index.php\/wp-json\/wp\/v2\/posts"}],"about":[{"href":"https:\/\/mbsniezna.rzeszow.pl\/index.php\/wp-json\/wp\/v2\/types\/post"}],"author":[{"embeddable":true,"href":"https:\/\/mbsniezna.rzeszow.pl\/index.php\/wp-json\/wp\/v2\/users\/1"}],"replies":[{"embeddable":true,"href":"https:\/\/mbsniezna.rzeszow.pl\/index.php\/wp-json\/wp\/v2\/comments?post=6614"}],"version-history":[{"count":2,"href":"https:\/\/mbsniezna.rzeszow.pl\/index.php\/wp-json\/wp\/v2\/posts\/6614\/revisions"}],"predecessor-version":[{"id":6616,"href":"https:\/\/mbsniezna.rzeszow.pl\/index.php\/wp-json\/wp\/v2\/posts\/6614\/revisions\/6616"}],"wp:featuredmedia":[{"embeddable":true,"href":"https:\/\/mbsniezna.rzeszow.pl\/index.php\/wp-json\/wp\/v2\/media\/6538"}],"wp:attachment":[{"href":"https:\/\/mbsniezna.rzeszow.pl\/index.php\/wp-json\/wp\/v2\/media?parent=6614"}],"wp:term":[{"taxonomy":"category","embeddable":true,"href":"https:\/\/mbsniezna.rzeszow.pl\/index.php\/wp-json\/wp\/v2\/categories?post=6614"},{"taxonomy":"post_tag","embeddable":true,"href":"https:\/\/mbsniezna.rzeszow.pl\/index.php\/wp-json\/wp\/v2\/tags?post=6614"}],"curies":[{"name":"wp","href":"https:\/\/api.w.org\/{rel}","templated":true}]}}