{"id":6657,"date":"2020-01-04T23:04:21","date_gmt":"2020-01-04T22:04:21","guid":{"rendered":"https:\/\/mbsniezna.rzeszow.pl\/?p=6657"},"modified":"2020-01-04T23:04:21","modified_gmt":"2020-01-04T22:04:21","slug":"intencje-mszalne-6-12-01-2020","status":"publish","type":"post","link":"https:\/\/mbsniezna.rzeszow.pl\/index.php\/2020\/01\/04\/intencje-mszalne-6-12-01-2020\/","title":{"rendered":"Intencje Mszalne 6-12.01.2020"},"content":{"rendered":"<p>Poniedzia\u0142ek: 6.02 \u2013 Trzech Kr\u00f3li<\/p>\n<table cellspacing=\"0\" cellpadding=\"0\">\n<tbody>\n<tr>\n<td valign=\"middle\">7.00<\/td>\n<td valign=\"top\">1. + Jan Cioch (10 rocz.)<\/td>\n<\/tr>\n<tr>\n<td valign=\"middle\">9.00<\/td>\n<td valign=\"top\">1. + Zofia, Kazimierz Ko\u0142wa<\/p>\n<p>2. + J\u00f3zef Gutkowski (1 rocz.)<\/td>\n<\/tr>\n<tr>\n<td valign=\"middle\">10.30<\/td>\n<td valign=\"top\">1. + Genowefa Sobczyk od rodziny Kielar<\/p>\n<p>2. + Zofia P\u0142onka (1 rocz.) od c\u00f3rki Doroty z rodzin\u0105<\/p>\n<p>3. + Jan G\u0142\u00f3d (6)<\/td>\n<\/tr>\n<tr>\n<td valign=\"middle\">12.00<\/td>\n<td valign=\"top\">1. Za parafian \u017cywych i zmar\u0142ych<\/td>\n<\/tr>\n<tr>\n<td valign=\"middle\">16.00<\/td>\n<td valign=\"top\">1. + Bronis\u0142awa, W\u0142adys\u0142aw Cag<\/td>\n<\/tr>\n<tr>\n<td valign=\"middle\">18.00<\/td>\n<td valign=\"top\">1. + Andrzej Szymkowski<\/td>\n<\/tr>\n<\/tbody>\n<\/table>\n<p>Wtorek: 7.01<\/p>\n<table cellspacing=\"0\" cellpadding=\"0\">\n<tbody>\n<tr>\n<td valign=\"middle\">7.00<\/td>\n<td valign=\"top\">1. + Jan G\u0142\u00f3d (7)<\/p>\n<p>2. + Les\u0142aw Matu\u0142a<\/p>\n<p>3. + Rozalia Jacek od El\u017cbiety Matwij<\/td>\n<\/tr>\n<tr>\n<td valign=\"middle\">18.00<\/td>\n<td valign=\"top\">1.<span class=\"Apple-converted-space\">&nbsp; <\/span>Zado\u015b\u0107uczynienie za grzechy i zaniedbania pewnej rodziny<\/td>\n<\/tr>\n<\/tbody>\n<\/table>\n<p>\u015aroda \u2013 8. 01<\/p>\n<table cellspacing=\"0\" cellpadding=\"0\">\n<tbody>\n<tr>\n<td valign=\"middle\">7.00<\/td>\n<td valign=\"top\">1. + Jan G\u0142\u00f3d (8)<\/p>\n<p>2.<span class=\"Apple-converted-space\">&nbsp; <\/span>O b\u0142og. Bo\u017ce dla Szymona w dniu<span class=\"Apple-converted-space\">&nbsp; <\/span>urodzin<\/p>\n<p>3. O zdrowie dla Seweryny<\/td>\n<\/tr>\n<tr>\n<td valign=\"middle\">18.00<\/td>\n<td valign=\"top\">1. O szcz\u0119\u015bliw\u0105 operacj\u0119<\/td>\n<\/tr>\n<\/tbody>\n<\/table>\n<p>Czwartek: 9.01<\/p>\n<table cellspacing=\"0\" cellpadding=\"0\">\n<tbody>\n<tr>\n<td valign=\"middle\">7.00<\/td>\n<td valign=\"top\">1. + Jan G\u0142\u00f3d (9)<\/p>\n<p>2. + o. Adam Kotula<\/p>\n<p>3. + Piotr Mi\u0105sik od \u017cony i dzieci<\/td>\n<\/tr>\n<tr>\n<td valign=\"middle\">18.00<\/td>\n<td valign=\"top\">1. O zdrowie dla Wojciecha<\/td>\n<\/tr>\n<\/tbody>\n<\/table>\n<p>Pi\u0105tek: 10. 01<\/p>\n<table cellspacing=\"0\" cellpadding=\"0\">\n<tbody>\n<tr>\n<td valign=\"middle\">7.00<\/td>\n<td valign=\"top\">1. + Jan G\u0142\u00f3d (10)<\/p>\n<p>2. + Bronis\u0142aw Pasko od rodziny Matu\u0142a<\/p>\n<p>3. + Bronis\u0142aw Pa\u015bko od chrzestnej Anety z rodzin\u0105<\/td>\n<\/tr>\n<tr>\n<td valign=\"middle\">18.00<\/td>\n<td valign=\"top\">1. Dzi\u0119kczynna za otrzymane \u0142aski od Jadwigi i Ryszarda oraz Ma\u0142gorzaty i Adama<\/td>\n<\/tr>\n<\/tbody>\n<\/table>\n<p>Sobota 11.01<\/p>\n<table cellspacing=\"0\" cellpadding=\"0\">\n<tbody>\n<tr>\n<td valign=\"middle\">7.00<\/td>\n<td valign=\"top\">1. + Jan G\u0142\u00f3d (11)<\/p>\n<p>2. + o. Adam Kotula<\/p>\n<p>3. + J\u00f3zef Gutkowski od kole\u017canek i koleg\u00f3w z pracy c\u00f3rki Danuty<\/td>\n<\/tr>\n<tr>\n<td valign=\"middle\">18.00<\/td>\n<td valign=\"top\">1. + Anna, Stefan Cupry\u015b, Franciszka Ko\u015bciak<\/td>\n<\/tr>\n<\/tbody>\n<\/table>\n<p>NIEDZIELA: 12. 01<\/p>\n<table cellspacing=\"0\" cellpadding=\"0\">\n<tbody>\n<tr>\n<td valign=\"middle\">7.00<\/td>\n<td valign=\"top\">1 + Aleksandra, Eugeniusz Skoczylas<\/td>\n<\/tr>\n<tr>\n<td valign=\"middle\">9.00<\/td>\n<td valign=\"top\">1. + J\u00f3zef Lubas<\/p>\n<p>2. + Danuta Mazur (5 rocz.)<\/p>\n<p>3. + Antoni G\u0142odowski<\/td>\n<\/tr>\n<tr>\n<td valign=\"middle\">10.30<\/td>\n<td valign=\"top\">1. + Bogdan Szcz\u0119ch (6 rocz.), J\u00f3zef<\/p>\n<p>3. + Jan G\u0142\u00f3d (5)<\/td>\n<\/tr>\n<tr>\n<td valign=\"middle\">12.00<\/td>\n<td valign=\"top\">1. Za parafian \u017cywych i zmar\u0142ych<\/td>\n<\/tr>\n<tr>\n<td valign=\"middle\">16.00<\/td>\n<td valign=\"top\">1.<span class=\"Apple-converted-space\">&nbsp; <\/span>Dzi\u0119kczynna za zdrowie i otrzymane \u0142aski<\/td>\n<\/tr>\n<tr>\n<td valign=\"middle\">18.00<\/td>\n<td valign=\"top\">1. + J\u00f3zef Chmiel (rocz.), Julia<\/td>\n<\/tr>\n<\/tbody>\n<\/table>\n","protected":false},"excerpt":{"rendered":"<p>&#8230;<\/p>\n","protected":false},"author":1,"featured_media":5655,"comment_status":"closed","ping_status":"open","sticky":false,"template":"","format":"standard","meta":{"ngg_post_thumbnail":0,"footnotes":""},"categories":[4,25,13],"tags":[],"class_list":["post-6657","post","type-post","status-publish","format-standard","has-post-thumbnail","hentry","category-intencje","category-news","category-newsy"],"_links":{"self":[{"href":"https:\/\/mbsniezna.rzeszow.pl\/index.php\/wp-json\/wp\/v2\/posts\/6657","targetHints":{"allow":["GET"]}}],"collection":[{"href":"https:\/\/mbsniezna.rzeszow.pl\/index.php\/wp-json\/wp\/v2\/posts"}],"about":[{"href":"https:\/\/mbsniezna.rzeszow.pl\/index.php\/wp-json\/wp\/v2\/types\/post"}],"author":[{"embeddable":true,"href":"https:\/\/mbsniezna.rzeszow.pl\/index.php\/wp-json\/wp\/v2\/users\/1"}],"replies":[{"embeddable":true,"href":"https:\/\/mbsniezna.rzeszow.pl\/index.php\/wp-json\/wp\/v2\/comments?post=6657"}],"version-history":[{"count":1,"href":"https:\/\/mbsniezna.rzeszow.pl\/index.php\/wp-json\/wp\/v2\/posts\/6657\/revisions"}],"predecessor-version":[{"id":6658,"href":"https:\/\/mbsniezna.rzeszow.pl\/index.php\/wp-json\/wp\/v2\/posts\/6657\/revisions\/6658"}],"wp:featuredmedia":[{"embeddable":true,"href":"https:\/\/mbsniezna.rzeszow.pl\/index.php\/wp-json\/wp\/v2\/media\/5655"}],"wp:attachment":[{"href":"https:\/\/mbsniezna.rzeszow.pl\/index.php\/wp-json\/wp\/v2\/media?parent=6657"}],"wp:term":[{"taxonomy":"category","embeddable":true,"href":"https:\/\/mbsniezna.rzeszow.pl\/index.php\/wp-json\/wp\/v2\/categories?post=6657"},{"taxonomy":"post_tag","embeddable":true,"href":"https:\/\/mbsniezna.rzeszow.pl\/index.php\/wp-json\/wp\/v2\/tags?post=6657"}],"curies":[{"name":"wp","href":"https:\/\/api.w.org\/{rel}","templated":true}]}}