{"id":6659,"date":"2020-01-04T23:05:29","date_gmt":"2020-01-04T22:05:29","guid":{"rendered":"https:\/\/mbsniezna.rzeszow.pl\/?p=6659"},"modified":"2020-01-04T23:05:29","modified_gmt":"2020-01-04T22:05:29","slug":"ii-niedziela-po-bozym-narodzeniu-ogloszenia-5-stycznia-2020-r","status":"publish","type":"post","link":"https:\/\/mbsniezna.rzeszow.pl\/index.php\/2020\/01\/04\/ii-niedziela-po-bozym-narodzeniu-ogloszenia-5-stycznia-2020-r\/","title":{"rendered":"II NIEDZIELA PO BO\u017bYM NARODZENIU\u2013 OG\u0141OSZENIA 5 STYCZNIA 2020 R."},"content":{"rendered":"<p>&nbsp;<\/p>\n<ol>\n<li>Dzisiaj o 15.00 w Domu Kultury Budziw\u00f3j Charytatywny Koncert Kol\u0119d ze zbi\u00f3rk\u0105 na leczenie chorego dziecka.<\/li>\n<\/ol>\n<ol start=\"2\">\n<li>Jutro Uroczysto\u015b\u0107 Objawienia Pa\u0144skiego \u2013 Trzech Kr\u00f3li, porz\u0105dek Mszy \u015bw. niedzielny, na ka\u017cdej Mszy po\u015bwi\u0119cenie kadzid\u0142a i kredy \u2013 b\u0119dzie przygotowanych 500 darmowych porcji oraz 200 buteleczek z wod\u0105 \u015bwi\u0119con\u0105 na kol\u0119d\u0119; sk\u0142adka na misje.<\/li>\n<\/ol>\n<ol start=\"3\">\n<li>Jutro w Rzeszowie Orszak Trzech Kr\u00f3li \u2013 pocz\u0105tek o 11.40 na parkingu przy Mo\u015bcie Zamkowym.<\/li>\n<\/ol>\n<ol start=\"4\">\n<li>W tygodniu Msze \u015bw. o 7.00 i 18.00.<\/li>\n<\/ol>\n<ol start=\"5\">\n<li>Z racji kol\u0119dy kancelaria parafialna czynna tylko rano od 7.30 do 8.00.<\/li>\n<\/ol>\n<ol start=\"6\">\n<li>W czwartek od 17.15 adoracja.<\/li>\n<\/ol>\n<ol start=\"7\">\n<li>W pi\u0105tek spotkania oazy.<\/li>\n<\/ol>\n<ol start=\"8\">\n<li>R\u00f3\u017caniec w niedziele r\u00f3\u017ca Alicji Szura.<\/li>\n<\/ol>\n<ol start=\"9\">\n<li>W przysz\u0142\u0105 niedziel\u0119 \u015awi\u0119to Chrztu Pa\u0144skiego, na ka\u017cdej Mszy \u015bw. aspersja i odnowienie przyrzecze\u0144 chrzcielnych.<\/li>\n<\/ol>\n<ol start=\"10\">\n<li>B\u00f3g zap\u0142a\u0107 za ofiary na sprz\u0105tanie ko\u015bcio\u0142a, w tym tygodniu z ul. Herbowej prosimy rodziny z numer\u00f3w: 94, 96, 98, 100, 102, 104, 106, 108, 110, 112, 116, 118.<\/li>\n<\/ol>\n<ol start=\"11\">\n<li>Plan kol\u0119dy na ten tydzie\u0144:<\/li>\n<\/ol>\n<p>Wtorek 7 stycznia od godz. 16.00<\/p>\n<ol>\n<li>Karmelicka nieparzyste od 1 do 67 \u2013 ks. proboszcz<\/li>\n<li>Karmelicka parzyste od 6 do 64 \u2013 ks. Damian<\/li>\n<li>Budziwojska 135a i ks. Kowalskiego od 21 \u2013 ks. Micha\u0142<\/li>\n<\/ol>\n<p>\u015aroda 8 stycznia od godz. 16.00<\/p>\n<ol>\n<li>Tarnopolska nieparzyste od 3 do 51 &#8211;<span class=\"Apple-converted-space\">&nbsp; <\/span>ks. Damian<\/li>\n<li>Tarnopolska parzyste od 2 do 38 i nieparzyste od 63 do 119<span class=\"Apple-converted-space\">&nbsp; <\/span>&#8211; ks. Micha\u0142<\/li>\n<li>Herbowa nieparzyste od 199 do 151 \u2013 ks. proboszcz<\/li>\n<\/ol>\n<p>Czwartek 9 stycznia od godz. 16.00<\/p>\n<ol>\n<li>Pogodne Wzg\u00f3rze od Herbowej od numer\u00f3w 88 i 67, Herbowa 156 i 160 &#8211; ks. Damian<\/li>\n<li>Herbowa parzyste od 92 do 134 \u2013 ks. Micha\u0142<\/li>\n<li>Herbowa nieparzyste od 145 do 57 \u2013 ks. proboszcz<\/li>\n<\/ol>\n<p>Pi\u0105tek 10 stycznia od godz. 16.00<\/p>\n<ol>\n<li>Herbowa parzyste od 6 do 38 \u2013 ks. Damian<\/li>\n<li>Herbowa parzyste od 40 do 90 \u2013 ks. Micha\u0142<\/li>\n<li>Herbowa nieparzyste od 53 do 7 \u2013 ks. proboszcz<\/li>\n<\/ol>\n<p>Sobota 11 stycznia od godz. 9.00<\/p>\n<ol>\n<li>Magiczna nieparzyste od 1 do 29d, nast\u0119pnie parzyste od 64 \u2013 ks. Micha\u0142<\/li>\n<li>Chmielna nieparzyste od 3 do 87 i parzyste od 130 do 98E \u2013 ks. Damian<\/li>\n<li>Chmielna parzyste od 18 do 98C \u2013 ks. proboszcz<\/li>\n<\/ol>\n","protected":false},"excerpt":{"rendered":"<p>&#8230;<\/p>\n","protected":false},"author":1,"featured_media":5467,"comment_status":"closed","ping_status":"open","sticky":false,"template":"","format":"standard","meta":{"ngg_post_thumbnail":0,"footnotes":""},"categories":[25,13,14],"tags":[],"class_list":["post-6659","post","type-post","status-publish","format-standard","has-post-thumbnail","hentry","category-news","category-newsy","category-ogloszenia_duszp"],"_links":{"self":[{"href":"https:\/\/mbsniezna.rzeszow.pl\/index.php\/wp-json\/wp\/v2\/posts\/6659","targetHints":{"allow":["GET"]}}],"collection":[{"href":"https:\/\/mbsniezna.rzeszow.pl\/index.php\/wp-json\/wp\/v2\/posts"}],"about":[{"href":"https:\/\/mbsniezna.rzeszow.pl\/index.php\/wp-json\/wp\/v2\/types\/post"}],"author":[{"embeddable":true,"href":"https:\/\/mbsniezna.rzeszow.pl\/index.php\/wp-json\/wp\/v2\/users\/1"}],"replies":[{"embeddable":true,"href":"https:\/\/mbsniezna.rzeszow.pl\/index.php\/wp-json\/wp\/v2\/comments?post=6659"}],"version-history":[{"count":1,"href":"https:\/\/mbsniezna.rzeszow.pl\/index.php\/wp-json\/wp\/v2\/posts\/6659\/revisions"}],"predecessor-version":[{"id":6660,"href":"https:\/\/mbsniezna.rzeszow.pl\/index.php\/wp-json\/wp\/v2\/posts\/6659\/revisions\/6660"}],"wp:featuredmedia":[{"embeddable":true,"href":"https:\/\/mbsniezna.rzeszow.pl\/index.php\/wp-json\/wp\/v2\/media\/5467"}],"wp:attachment":[{"href":"https:\/\/mbsniezna.rzeszow.pl\/index.php\/wp-json\/wp\/v2\/media?parent=6659"}],"wp:term":[{"taxonomy":"category","embeddable":true,"href":"https:\/\/mbsniezna.rzeszow.pl\/index.php\/wp-json\/wp\/v2\/categories?post=6659"},{"taxonomy":"post_tag","embeddable":true,"href":"https:\/\/mbsniezna.rzeszow.pl\/index.php\/wp-json\/wp\/v2\/tags?post=6659"}],"curies":[{"name":"wp","href":"https:\/\/api.w.org\/{rel}","templated":true}]}}