{"id":6668,"date":"2020-01-18T23:25:00","date_gmt":"2020-01-18T22:25:00","guid":{"rendered":"https:\/\/mbsniezna.rzeszow.pl\/?p=6668"},"modified":"2020-01-18T23:25:00","modified_gmt":"2020-01-18T22:25:00","slug":"intencje-mszalne-20-26-01-2020-r","status":"publish","type":"post","link":"https:\/\/mbsniezna.rzeszow.pl\/index.php\/2020\/01\/18\/intencje-mszalne-20-26-01-2020-r\/","title":{"rendered":"Intencje Mszalne 20-26.01.2020 r."},"content":{"rendered":"<p>Poniedzia\u0142ek:20.01<\/p>\n<table cellspacing=\"0\" cellpadding=\"0\">\n<tbody>\n<tr>\n<td valign=\"middle\">7.00<\/td>\n<td valign=\"top\">1. +<span class=\"Apple-converted-space\">&nbsp; <\/span>Jan G\u0142\u00f3d (20)<\/p>\n<p>2. + o. Adam Kotula od brata z rodzin\u0105<\/p>\n<p>3. + Franciszek, Franciszka<\/p>\n<p>4.<span class=\"Apple-converted-space\">&nbsp; <\/span>O \u0142ask\u0119 uzdrowienia i ulg\u0119 w cierpieniu dla Uli<\/td>\n<\/tr>\n<tr>\n<td valign=\"middle\">18.00<\/td>\n<td valign=\"top\">1. + Gra\u017cyna, Zofia, Micha\u0142 Pa\u015bkiewicz<\/p>\n<p>2. + Lucjan Borowiec od \u017cony<\/td>\n<\/tr>\n<\/tbody>\n<\/table>\n<p>Wtorek: 21.01<\/p>\n<table cellspacing=\"0\" cellpadding=\"0\">\n<tbody>\n<tr>\n<td valign=\"middle\">7.00<\/td>\n<td valign=\"top\">1. + Jan G\u0142\u00f3d (21)<\/p>\n<p>2. + o. Adam Kotula<\/p>\n<p>3. + Bronis\u0142awa, Antoni Kotula<\/td>\n<\/tr>\n<tr>\n<td valign=\"middle\">18.00<\/td>\n<td valign=\"top\">1.<span class=\"Apple-converted-space\">&nbsp; <\/span>o. Adam Kotula od rodziny Misiewicz\u00f3w<\/p>\n<p>2. + Edward Dr\u00f3bka od wnuczki Kasi z rodzin\u0105<\/td>\n<\/tr>\n<\/tbody>\n<\/table>\n<p>\u015aroda: 22. 01<\/p>\n<table cellspacing=\"0\" cellpadding=\"0\">\n<tbody>\n<tr>\n<td valign=\"middle\">7.00<\/td>\n<td valign=\"top\">1. + Jan G\u0142\u00f3d (22)<\/p>\n<p>2.<span class=\"Apple-converted-space\">&nbsp; <\/span>+ Teresa Szczygie\u0142, Stanis\u0142aw Kotula<\/p>\n<p>3. + Stanis\u0142aw Konkol od c\u00f3rki Barbary z rodzin\u0105<\/td>\n<\/tr>\n<tr>\n<td valign=\"middle\">18.00<\/td>\n<td valign=\"top\">1. O b\u0142ogos\u0142awie\u0144stwo Bo\u017ce, zdrowie i m\u0119stwo dla Wojciecha Preidla<\/p>\n<p>2. + Teresa Czapla od rodziny Ko\u0142owa<\/td>\n<\/tr>\n<\/tbody>\n<\/table>\n<p>Czwartek: 23.01<\/p>\n<table cellspacing=\"0\" cellpadding=\"0\">\n<tbody>\n<tr>\n<td valign=\"middle\">7.00<\/td>\n<td valign=\"top\">1. + Jan G\u0142\u00f3d (23)<\/p>\n<p>2. + Piotr Mi\u0105sik od Teresy Porada<\/p>\n<p>3. + Piotr Mi\u0105sik od s\u0105siada Tadeusza z rodzin\u0105<\/td>\n<\/tr>\n<tr>\n<td valign=\"middle\">18.00<\/td>\n<td valign=\"top\">1. + Zofia Piasecka, Wiktoria Miciuda<\/p>\n<p>2. + Genowefa G\u0142odowska od c\u00f3rki i wnuk\u00f3w z rodzinami<\/td>\n<\/tr>\n<\/tbody>\n<\/table>\n<p>Pi\u0105tek: 24. 01<\/p>\n<table cellspacing=\"0\" cellpadding=\"0\">\n<tbody>\n<tr>\n<td valign=\"middle\">7.00<\/td>\n<td valign=\"top\">1. + Jan G\u0142\u00f3d (24)<\/p>\n<p>2. + Zofia P\u0142onka od s\u0105siad\u00f3w Agnieszki i Rafa\u0142a Matu\u0142a<\/p>\n<p>3. + Zofia P\u0142onka od Zdzis\u0142awa i Danuty Prokop<\/td>\n<\/tr>\n<tr>\n<td valign=\"middle\">18.00<\/td>\n<td valign=\"top\">1. + Teresa Czapla (1 rocz.) od brata z rodzin\u0105<\/p>\n<p>2. + Czes\u0142awa Kotula od c\u00f3rki El\u017cbiety<\/td>\n<\/tr>\n<\/tbody>\n<\/table>\n<p>Sobota 25.01<\/p>\n<table cellspacing=\"0\" cellpadding=\"0\">\n<tbody>\n<tr>\n<td valign=\"middle\">7.00<\/td>\n<td valign=\"top\">1. + Jan G\u0142\u00f3d (25)<\/p>\n<p>2. + Bronis\u0142aw Pa\u015bko od Iwony Wajda z rodzin\u0105<\/p>\n<p>3. + Bronis\u0142aw Pa\u015bko od Adama Matu\u0142a z rodzin\u0105<\/td>\n<\/tr>\n<tr>\n<td valign=\"middle\">18.00<\/td>\n<td valign=\"top\">1. + Maria Kawa od wnuczek Katarzyny i And\u017celiki<\/p>\n<p>2. + Czes\u0142aw \u015alemp od \u017cony<\/td>\n<\/tr>\n<\/tbody>\n<\/table>\n<p>NIEDZIELA: 26. 01<\/p>\n<table cellspacing=\"0\" cellpadding=\"0\">\n<tbody>\n<tr>\n<td valign=\"middle\">7.00<\/td>\n<td valign=\"top\">1 + Kazimiera Chmiel od rodziny Sa\u0142aci\u0144skich<\/p>\n<p>2. + Eugeniusz Pa\u0142ka (2 rocz.)<\/td>\n<\/tr>\n<tr>\n<td valign=\"middle\">9.00<\/td>\n<td valign=\"top\">1. + Maria, Longin Pa\u015bko<\/p>\n<p>2. + Stefan Szwed, Helena, Stefania, W\u0142adys\u0142aw<\/td>\n<\/tr>\n<tr>\n<td valign=\"middle\">10.30<\/td>\n<td valign=\"top\">1. + Jan G\u0142\u00f3d (26)<\/td>\n<\/tr>\n<tr>\n<td valign=\"middle\">12.00<\/td>\n<td valign=\"top\">1. Za parafian \u017cywych i zmar\u0142ych<\/td>\n<\/tr>\n<tr>\n<td valign=\"middle\">16.00<\/td>\n<td valign=\"top\">1. + Antoni Huchla (3 rocz.)<\/td>\n<\/tr>\n<tr>\n<td valign=\"middle\">18.00<\/td>\n<td valign=\"top\">1. + Adam Garlak<\/td>\n<\/tr>\n<\/tbody>\n<\/table>\n","protected":false},"excerpt":{"rendered":"<p>&#8230;<\/p>\n","protected":false},"author":1,"featured_media":6041,"comment_status":"closed","ping_status":"open","sticky":false,"template":"","format":"standard","meta":{"ngg_post_thumbnail":0,"footnotes":""},"categories":[4,25,13],"tags":[],"class_list":["post-6668","post","type-post","status-publish","format-standard","has-post-thumbnail","hentry","category-intencje","category-news","category-newsy"],"_links":{"self":[{"href":"https:\/\/mbsniezna.rzeszow.pl\/index.php\/wp-json\/wp\/v2\/posts\/6668","targetHints":{"allow":["GET"]}}],"collection":[{"href":"https:\/\/mbsniezna.rzeszow.pl\/index.php\/wp-json\/wp\/v2\/posts"}],"about":[{"href":"https:\/\/mbsniezna.rzeszow.pl\/index.php\/wp-json\/wp\/v2\/types\/post"}],"author":[{"embeddable":true,"href":"https:\/\/mbsniezna.rzeszow.pl\/index.php\/wp-json\/wp\/v2\/users\/1"}],"replies":[{"embeddable":true,"href":"https:\/\/mbsniezna.rzeszow.pl\/index.php\/wp-json\/wp\/v2\/comments?post=6668"}],"version-history":[{"count":1,"href":"https:\/\/mbsniezna.rzeszow.pl\/index.php\/wp-json\/wp\/v2\/posts\/6668\/revisions"}],"predecessor-version":[{"id":6669,"href":"https:\/\/mbsniezna.rzeszow.pl\/index.php\/wp-json\/wp\/v2\/posts\/6668\/revisions\/6669"}],"wp:featuredmedia":[{"embeddable":true,"href":"https:\/\/mbsniezna.rzeszow.pl\/index.php\/wp-json\/wp\/v2\/media\/6041"}],"wp:attachment":[{"href":"https:\/\/mbsniezna.rzeszow.pl\/index.php\/wp-json\/wp\/v2\/media?parent=6668"}],"wp:term":[{"taxonomy":"category","embeddable":true,"href":"https:\/\/mbsniezna.rzeszow.pl\/index.php\/wp-json\/wp\/v2\/categories?post=6668"},{"taxonomy":"post_tag","embeddable":true,"href":"https:\/\/mbsniezna.rzeszow.pl\/index.php\/wp-json\/wp\/v2\/tags?post=6668"}],"curies":[{"name":"wp","href":"https:\/\/api.w.org\/{rel}","templated":true}]}}