{"id":6672,"date":"2020-01-18T23:30:27","date_gmt":"2020-01-18T22:30:27","guid":{"rendered":"https:\/\/mbsniezna.rzeszow.pl\/?p=6672"},"modified":"2020-01-18T23:30:27","modified_gmt":"2020-01-18T22:30:27","slug":"ii-niedziela-zwykla-ogloszenia-19-stycznia-2020","status":"publish","type":"post","link":"https:\/\/mbsniezna.rzeszow.pl\/index.php\/2020\/01\/18\/ii-niedziela-zwykla-ogloszenia-19-stycznia-2020\/","title":{"rendered":"II NIEDZIELA ZWYK\u0141A \u2013 OG\u0141OSZENIA  19 STYCZNIA 2020"},"content":{"rendered":"<p>&nbsp;<\/p>\n<ol>\n<li>W<span class=\"Apple-converted-space\">&nbsp; <\/span>tygodniu Msze \u015bw. o 7.00 i 18.00.<\/li>\n<\/ol>\n<ol start=\"2\">\n<li>Kancelaria czynna tylko rano od 7.30 do 8.00<\/li>\n<\/ol>\n<ol start=\"3\">\n<li>We wtorek nabo\u017ce\u0144stwo do \u015bw. Antoniego \u2013 Dzie\u0144 Babci.<\/li>\n<\/ol>\n<ol start=\"4\">\n<li>W \u015brod\u0119 Nowenna do Matki Bo\u017cej \u015anie\u017cnej \u2013 Dzie\u0144 Dziadka<\/li>\n<\/ol>\n<ol start=\"5\">\n<li>W czwartek od 17.15 adoracja Naj\u015bwi\u0119tszego Sakramentu i spowied\u017a.<\/li>\n<\/ol>\n<ol start=\"6\">\n<li>W pi\u0105tek Nabo\u017ce\u0144stwo do Bo\u017cego Mi\u0142osierdzia.<\/li>\n<\/ol>\n<ol start=\"7\">\n<li>W niedziel\u0119 r\u00f3\u017caniec r\u00f3\u017ca Teresy Basiura, na Mszy o 12.00<span class=\"Apple-converted-space\">&nbsp; <\/span>z kol\u0119dami wyst\u0105pi Kapela Kmiecie: po Mszy koncert kol\u0119d, b\u0119dzie mo\u017cna naby\u0107 p\u0142yty kapeli.<\/li>\n<\/ol>\n<ol start=\"8\">\n<li>B\u00f3g zap\u0142a\u0107 za ofiary na sprz\u0105tanie ko\u015bcio\u0142a. W tym tygodniu z ul. Pogodne Wzg\u00f3rze prosimy rodziny z numer\u00f3w: 88, 82, 80, 78, 76, 72, 68, 66, 64, 56, 54a, 52, 50, 46.<\/li>\n<\/ol>\n<ol start=\"9\">\n<li>W dniach od 20 do 31 stycznia w Wydziale Ochrony \u015arodowiska Urz\u0119du Miasta Rzeszowa (Rynek 7) mo\u017cna sk\u0142ada\u0107 wnioski na dop\u0142aty odno\u015bnie usuni\u0119cia azbestu.<\/li>\n<\/ol>\n<ol start=\"10\">\n<li>Bardzo serdecznie dzi\u0119kujemy za kol\u0119dowanie Zespo\u0142owi Budziwojce i Grupie Kol\u0119dniczej z Budziwoja-Kolonii. Ofiary, kt\u00f3re grupa zebra\u0142a podczas kol\u0119dowania po domach zosta\u0142y przekazane na klasztor Si\u00f3str Niepokalanek w Jaz\u0142owcu na Ukrainie. B\u00f3g zap\u0142a\u0107.<\/li>\n<\/ol>\n<ol start=\"11\">\n<li>Dzisiaj rodzina z Ukrainy zbiera przed ko\u015bcio\u0142em ofiary na leczenie dziecka.<\/li>\n<\/ol>\n<ol start=\"12\">\n<li>Pan kol\u0119dy na ten tydzie\u0144 (20-25 stycznia 2020):<\/li>\n<\/ol>\n<p>Poniedzia\u0142ek 20 stycznia od 16.00<\/p>\n<ol>\n<li>Por\u0105bki nieparzyste od 171 do 127 \u0142\u0105cznie z nowymi szereg\u00f3wkami<\/li>\n<li>Por\u0105bki nieparzyste od 93 do 19<\/li>\n<li>\u015anie\u017cna od Por\u0105bek, od numeru 89<\/li>\n<\/ol>\n<p>Wtorek 21 stycznia od godz. 16.00<\/p>\n<ol>\n<li>Por\u0105bki parzyste nowe domy i szereg\u00f3wki<span class=\"Apple-converted-space\">&nbsp; <\/span>18 i 96<\/li>\n<li>Strzelc\u00f3w: 79,40,32 nast\u0119pnie szereg\u00f3wka 36<\/li>\n<li>Strzelc\u00f3w obydwie strony od Jana Paw\u0142a II<\/li>\n<\/ol>\n<p>\u015aroda 22 stycznia od godz. 16.00<\/p>\n<ol>\n<li>Senatorska nieparzyste od 3 do 63 z nowymi szereg\u00f3wkami<\/li>\n<li>\u015anie\u017cna od Senatorskiej<\/li>\n<li>Lotosowa i Alternatywy<\/li>\n<\/ol>\n<p>Czwartek 23 stycznia od godz. 16.00<\/p>\n<ol>\n<li>D\u0119binowa<\/li>\n<li>Senatorska nieparzyste 65\/1 do 123<\/li>\n<li>Zak\u0105tkowa<\/li>\n<\/ol>\n<p>Pi\u0105tek 24 stycznia od 16.00<\/p>\n<ol>\n<li>Senatorska parzyste od 2 do 98<\/li>\n<li>Senatorska nieparzyste od 127 do 187<\/li>\n<li>Ustronna<\/li>\n<\/ol>\n<p>Sobota 25 stycznia od godz. 9.00<\/p>\n<ol>\n<li>Senatorska nieparzyste od 355 do 189<\/li>\n<li>Senatorska parzyste od 298 do100<\/li>\n<li>Jana Paw\u0142a II szereg\u00f3wka 106 od 1\/1 do 16\/2<\/li>\n<\/ol>\n<p>Do u\u017cytku wewn\u0119trznego parafii MB \u015anie\u017cnej w Rzeszowie<\/p>\n","protected":false},"excerpt":{"rendered":"<p>&#8230;<\/p>\n","protected":false},"author":1,"featured_media":5918,"comment_status":"closed","ping_status":"open","sticky":false,"template":"","format":"standard","meta":{"ngg_post_thumbnail":0,"footnotes":""},"categories":[25,13,14],"tags":[],"class_list":["post-6672","post","type-post","status-publish","format-standard","has-post-thumbnail","hentry","category-news","category-newsy","category-ogloszenia_duszp"],"_links":{"self":[{"href":"https:\/\/mbsniezna.rzeszow.pl\/index.php\/wp-json\/wp\/v2\/posts\/6672","targetHints":{"allow":["GET"]}}],"collection":[{"href":"https:\/\/mbsniezna.rzeszow.pl\/index.php\/wp-json\/wp\/v2\/posts"}],"about":[{"href":"https:\/\/mbsniezna.rzeszow.pl\/index.php\/wp-json\/wp\/v2\/types\/post"}],"author":[{"embeddable":true,"href":"https:\/\/mbsniezna.rzeszow.pl\/index.php\/wp-json\/wp\/v2\/users\/1"}],"replies":[{"embeddable":true,"href":"https:\/\/mbsniezna.rzeszow.pl\/index.php\/wp-json\/wp\/v2\/comments?post=6672"}],"version-history":[{"count":1,"href":"https:\/\/mbsniezna.rzeszow.pl\/index.php\/wp-json\/wp\/v2\/posts\/6672\/revisions"}],"predecessor-version":[{"id":6673,"href":"https:\/\/mbsniezna.rzeszow.pl\/index.php\/wp-json\/wp\/v2\/posts\/6672\/revisions\/6673"}],"wp:featuredmedia":[{"embeddable":true,"href":"https:\/\/mbsniezna.rzeszow.pl\/index.php\/wp-json\/wp\/v2\/media\/5918"}],"wp:attachment":[{"href":"https:\/\/mbsniezna.rzeszow.pl\/index.php\/wp-json\/wp\/v2\/media?parent=6672"}],"wp:term":[{"taxonomy":"category","embeddable":true,"href":"https:\/\/mbsniezna.rzeszow.pl\/index.php\/wp-json\/wp\/v2\/categories?post=6672"},{"taxonomy":"post_tag","embeddable":true,"href":"https:\/\/mbsniezna.rzeszow.pl\/index.php\/wp-json\/wp\/v2\/tags?post=6672"}],"curies":[{"name":"wp","href":"https:\/\/api.w.org\/{rel}","templated":true}]}}