{"id":6678,"date":"2020-01-25T22:57:18","date_gmt":"2020-01-25T21:57:18","guid":{"rendered":"https:\/\/mbsniezna.rzeszow.pl\/?p=6678"},"modified":"2020-01-25T22:57:18","modified_gmt":"2020-01-25T21:57:18","slug":"iii-niedziela-zwykla-ogloszenia-26-stycznia-2020-r","status":"publish","type":"post","link":"https:\/\/mbsniezna.rzeszow.pl\/index.php\/2020\/01\/25\/iii-niedziela-zwykla-ogloszenia-26-stycznia-2020-r\/","title":{"rendered":"III NIEDZIELA ZWYK\u0141A \u2013 OG\u0141OSZENIA  26 STYCZNIA 2020 R."},"content":{"rendered":"<p>&nbsp;<\/p>\n<ol>\n<li>Dzisiejsza niedziela z ustanowienia papie\u017ca Franciszka jest Niedziel\u0105 Bo\u017cego S\u0142owa.<\/li>\n<\/ol>\n<ol start=\"2\">\n<li>W tygodniu Msze \u015bw. o 7.00 i 18.00.<\/li>\n<\/ol>\n<ol start=\"3\">\n<li>Kancelaria do czwartku czynna tylko rano od 7.30 do 8.00 w pi\u0105tek i w sobot\u0119 tak\u017ce po wieczornej Mszy \u015bw.<\/li>\n<\/ol>\n<ol start=\"4\">\n<li>We wtorek Nabo\u017ce\u0144stwo do \u015bw. Antoniego.<\/li>\n<\/ol>\n<ol start=\"5\">\n<li>W \u015brod\u0119 Nowenna do Matki Bo\u017cej \u015anie\u017cnej. Po Mszy \u015bw. katecheza dla doros\u0142ych w salce pod ko\u015bcio\u0142em\u2013 serdecznie zapraszamy.<\/li>\n<\/ol>\n<ol start=\"6\">\n<li>W czwartek od 17.15 adoracja Naj\u015bwi\u0119tszego Sakramentu i mo\u017cliwo\u015b\u0107 spowiedzi.<\/li>\n<\/ol>\n<ol start=\"7\">\n<li>W pi\u0105tek Nabo\u017ce\u0144stwo Bo\u017cego Mi\u0142osierdzia. O 16.30 spotkanie oazy m\u0142odszej, po Mszy oazy starszej. Po Mszy w ko\u015bciele spotkanie kandydat\u00f3w do bierzmowania z kl. VIII.<\/li>\n<\/ol>\n<ol start=\"8\">\n<li>I sobota miesi\u0105ca \u2013 po Mszy r\u00f3\u017caniec fatimski.<\/li>\n<\/ol>\n<ol start=\"9\">\n<li>W przysz\u0142\u0105 niedziel\u0119 \u015awi\u0119to Ofiarowania Pa\u0144skiego \u2013 Matki Bo\u017cej Gromnicznej. Po\u015bwi\u0119cenie gromnic na ka\u017cdej Mszy \u015bw. Jest to tak\u017ce Dzie\u0144 \u017bycia Konsekrowanego (zakonnego). Po prymarii zmiana tajemnic r\u00f3\u017ca\u0144cowych. O godz. 8.30 nasza schola wyst\u0105pi z koncertem kol\u0119d.<\/li>\n<\/ol>\n<ol start=\"10\">\n<li>B\u00f3g zap\u0142a\u0107 za ofiary na sprz\u0105tanie ko\u015bcio\u0142a. W tym tygodniu prosimy rodziny z ul. Pogodne Wzg\u00f3rze: Edyty Bukowskiej, Katarzyny Klimowicz, Renaty Pasternak, Bogumi\u0142y Paluch, Krystyny Sobkowicz oraz z ul. Herbowej rodziny: Danuty Baran, Eweliny Homik, Heleny Homik, Jolanty Bazan, Joanny Sidor, El\u017cbiety Le\u015bniak, El\u017cbiety Trojanowskiej, Agnieszki Szczygie\u0142, Anny J\u00f3zefczyk.<span class=\"Apple-converted-space\">&nbsp;<\/span><\/li>\n<\/ol>\n<ol start=\"11\">\n<li>Na stoliczku wy\u0142o\u017cony jest nowy numer darmowej gazety \u201eDobre nowiny\u201d (200 sztuk) \u2013 zapraszamy do lektury.<\/li>\n<\/ol>\n<ol start=\"12\">\n<li>Bardzo serdecznie dzi\u0119kujemy Kapeli Kmiecie za dzisiejsze kol\u0119dowanie. Po Mszy \u015bw. b\u0119dzie jeszcze koncert kol\u0119d i pastora\u0142ek. Mo\u017cna te\u017c naby\u0107 p\u0142yty kapeli z kol\u0119dami \u201eId\u0105 kol\u0119dnicy\u201d i piosenkami ludowymi \u201eEj od Rzeszowa\u201d w cenie 25 z\u0142.<\/li>\n<\/ol>\n<ol start=\"13\">\n<li>Plan kol\u0119dy na ten tydzie\u0144<\/li>\n<\/ol>\n<p>Poniedzia\u0142ek 27 stycznia od 16.00<\/p>\n<ol>\n<li>Jana Paw\u0142a II szereg\u00f3wka 106: 17\/1-26\/2<\/li>\n<li>Miejska szereg\u00f3wka 93 nast\u0119pnie 104<\/li>\n<li>Miejska szereg\u00f3wka 106<\/li>\n<\/ol>\n<p>Wtorek 28 stycznia od 16.00<\/p>\n<ol>\n<li>Jana Paw\u0142a szereg\u00f3wka 80<\/li>\n<li>Jana Paw\u0142a szereg\u00f3wka 82<\/li>\n<li>Jana Paw\u0142a szewreg\u00f3wka 84<\/li>\n<\/ol>\n<p>\u015aroda 29 stycznia od 16.00<\/p>\n<ol>\n<li>Jana Paw\u0142a II szereg\u00f3wka 86<\/li>\n<li>Jana Paw\u0142a II szereg\u00f3wka 88<\/li>\n<\/ol>\n<p>Czwartek 30 stycznia od 16.00<\/p>\n<ol>\n<li>Jana Paw\u0142a II szereg\u00f3wka 90<\/li>\n<li>Indywidualne zg\u0142oszenia je\u015bli kogo\u015b nie by\u0142o: zg\u0142aszamy dzisiaj w zakrystii lub do \u015brody emailem (<a href=\"mailto:parherm@intertele.pl\">parherm@intertele.pl<\/a>) albo telefonicznie (570&nbsp;186&nbsp;195).<\/li>\n<\/ol>\n","protected":false},"excerpt":{"rendered":"<p>&#8230;<\/p>\n","protected":false},"author":1,"featured_media":5471,"comment_status":"closed","ping_status":"open","sticky":false,"template":"","format":"standard","meta":{"ngg_post_thumbnail":0,"footnotes":""},"categories":[25,13,14],"tags":[],"class_list":["post-6678","post","type-post","status-publish","format-standard","has-post-thumbnail","hentry","category-news","category-newsy","category-ogloszenia_duszp"],"_links":{"self":[{"href":"https:\/\/mbsniezna.rzeszow.pl\/index.php\/wp-json\/wp\/v2\/posts\/6678","targetHints":{"allow":["GET"]}}],"collection":[{"href":"https:\/\/mbsniezna.rzeszow.pl\/index.php\/wp-json\/wp\/v2\/posts"}],"about":[{"href":"https:\/\/mbsniezna.rzeszow.pl\/index.php\/wp-json\/wp\/v2\/types\/post"}],"author":[{"embeddable":true,"href":"https:\/\/mbsniezna.rzeszow.pl\/index.php\/wp-json\/wp\/v2\/users\/1"}],"replies":[{"embeddable":true,"href":"https:\/\/mbsniezna.rzeszow.pl\/index.php\/wp-json\/wp\/v2\/comments?post=6678"}],"version-history":[{"count":1,"href":"https:\/\/mbsniezna.rzeszow.pl\/index.php\/wp-json\/wp\/v2\/posts\/6678\/revisions"}],"predecessor-version":[{"id":6679,"href":"https:\/\/mbsniezna.rzeszow.pl\/index.php\/wp-json\/wp\/v2\/posts\/6678\/revisions\/6679"}],"wp:featuredmedia":[{"embeddable":true,"href":"https:\/\/mbsniezna.rzeszow.pl\/index.php\/wp-json\/wp\/v2\/media\/5471"}],"wp:attachment":[{"href":"https:\/\/mbsniezna.rzeszow.pl\/index.php\/wp-json\/wp\/v2\/media?parent=6678"}],"wp:term":[{"taxonomy":"category","embeddable":true,"href":"https:\/\/mbsniezna.rzeszow.pl\/index.php\/wp-json\/wp\/v2\/categories?post=6678"},{"taxonomy":"post_tag","embeddable":true,"href":"https:\/\/mbsniezna.rzeszow.pl\/index.php\/wp-json\/wp\/v2\/tags?post=6678"}],"curies":[{"name":"wp","href":"https:\/\/api.w.org\/{rel}","templated":true}]}}