{"id":6680,"date":"2020-01-25T23:00:05","date_gmt":"2020-01-25T22:00:05","guid":{"rendered":"https:\/\/mbsniezna.rzeszow.pl\/?p=6680"},"modified":"2020-01-25T23:00:05","modified_gmt":"2020-01-25T22:00:05","slug":"intencje-mszalne-27-01-2-02-2020-r","status":"publish","type":"post","link":"https:\/\/mbsniezna.rzeszow.pl\/index.php\/2020\/01\/25\/intencje-mszalne-27-01-2-02-2020-r\/","title":{"rendered":"Intencje Mszalne 27.01-2.02.2020 r."},"content":{"rendered":"<p>Poniedzia\u0142ek:27.01<br \/>\n7.00 1. + Jan G\u0142\u00f3d (27)<br \/>\n2. + o. Adam Kotula od brata z rodzin\u0105<span class=\"text_exposed_show\"><br \/>\n3. + Janina, Marian Kotula<br \/>\n4. + Edward Dr\u00f3bka od s\u0105siad\u00f3w Ziemb\u00f3w<br \/>\n18.00 1. + Bronis\u0142aw B\u0142o\u0144ski (11 rocz.)<\/span><\/p>\n<div class=\"text_exposed_show\">\n<p>Wtorek: 28.01<br \/>\n7.00 1. + Jan G\u0142\u00f3d (28)<br \/>\n2. + Genowefa, Tadeusz G\u0142odowski<br \/>\n3. O Bo\u017ce b\u0142ogos\u0142awie\u0144stwo i potrzebne \u0142aski dla Marii i Mariana Skubisz<br \/>\n18.00 1. + Czes\u0142aw \u015alemp od \u017cony<\/p>\n<p>\u015aroda: 29. 01<br \/>\n7.00 1. + Jan G\u0142\u00f3d (29)<br \/>\n2. + Edward Dr\u00f3bka od Szalach\u00f3w ze Zwi\u0119czycy<br \/>\n3. O Bo\u017ce b\u0142ogos\u0142awie\u0144stwo dla Marii i Mariana Skubisz<br \/>\n18.00 1. Dzi\u0119kczynna i o Bo\u017ce b\u0142ogos\u0142awie\u0144stwo dla Gra\u017cyny i Roberta \u015awider w rocznic\u0119 \u015blubu<\/p>\n<p>Czwartek: 30.01<br \/>\n7.00 1. + Jan G\u0142\u00f3d (30) \u2013 zako\u0144czenie Mszy gregoria\u0144skich<br \/>\n2. + Zofia P\u0142onka od Franciszka i Zofii z Tyczyna<br \/>\n3. O zdrowie i Bo\u017ce b\u0142ogos\u0142awie\u0144stwo dla wnuk\u00f3w<br \/>\n18.00 1. O b\u0142ogos\u0142awie\u0144stwo Bo\u017ce i zdrowie dla Kingi i Jerzego w dniu urodzin<\/p>\n<p>Pi\u0105tek: 31. 01<br \/>\n7.00 1. + Roman Fornal od Jacka i Barbary Kotula<br \/>\n2. + Piotr Mi\u0105sik od brata Janusza z rodzin\u0105<br \/>\n3. + Piotr Mi\u0105sik od chrze\u015bnicy Madzi z rodzin\u0105<br \/>\n18.00 1. + Genowefa G\u0142odowska (1 rocz.)<br \/>\n2. + Bronis\u0142aw Pa\u015bko od Wies\u0142awa z rodzin\u0105 z ul. Mi\u0142ej<\/p>\n<p>Sobota 1.02<br \/>\n7.00 1. O szcz\u0119\u015bliw\u0105 operacj\u0119 dla Doroty<br \/>\n2. + Czes\u0142awa Kotula od Zdzis\u0142awa Myrdy z rodzin\u0105<br \/>\n+ Kazimiera Chmiel (1) &#8211; Barlinek<br \/>\n18.00 1. + Stanis\u0142aw Kotula (1)<br \/>\n2. + Dorota R\u00f3g (21 rocz.)<br \/>\n3. O b\u0142ogos\u0142awie\u0144stwo Bo\u017ce i zdrowie dla mamy w 88 urodziny<br \/>\n+ Jan Rozmus (1) &#8211; Tarnoszyn<\/p>\n<p>NIEDZIELA: 2.02 \u2013 Matki Bo\u017cej Gromnicznej<br \/>\n7.00 1 + o. Adam Kotula z r\u00f3\u017cy Jacka Kotula<br \/>\n2. O b\u0142ogos\u0142awie\u0144stwo Bo\u017ce i zdrowie dla Ryszarda w 70 urodziny<br \/>\n9.00 1. + Stanis\u0142aw Kotula (2)<br \/>\n2. + Aniela, Pawe\u0142 Kozik<br \/>\n+ Kazimiera Chmiel (2)<br \/>\n10.30 1. + Wies\u0142aw Domino (8 rocz.)<br \/>\n2. W intencji Gabrieli w 18 urodziny<br \/>\n12.00 1. Za parafian \u017cywych i zmar\u0142ych<br \/>\n+ Jan Rozmus (2)<br \/>\n16.00 1. O Bo\u017ce b\u0142ogos\u0142awie\u0144stwo i opiek\u0119 Matki Bo\u017cej dla Beaty i Jakuba w 40 urodziny<br \/>\n18.00 1. + Stanis\u0142aw Rojek, Karolina<\/p>\n<\/div>\n","protected":false},"excerpt":{"rendered":"<p>&#8230;<\/p>\n","protected":false},"author":1,"featured_media":6052,"comment_status":"closed","ping_status":"open","sticky":false,"template":"","format":"standard","meta":{"ngg_post_thumbnail":0,"footnotes":""},"categories":[4,25,13],"tags":[],"class_list":["post-6680","post","type-post","status-publish","format-standard","has-post-thumbnail","hentry","category-intencje","category-news","category-newsy"],"_links":{"self":[{"href":"https:\/\/mbsniezna.rzeszow.pl\/index.php\/wp-json\/wp\/v2\/posts\/6680","targetHints":{"allow":["GET"]}}],"collection":[{"href":"https:\/\/mbsniezna.rzeszow.pl\/index.php\/wp-json\/wp\/v2\/posts"}],"about":[{"href":"https:\/\/mbsniezna.rzeszow.pl\/index.php\/wp-json\/wp\/v2\/types\/post"}],"author":[{"embeddable":true,"href":"https:\/\/mbsniezna.rzeszow.pl\/index.php\/wp-json\/wp\/v2\/users\/1"}],"replies":[{"embeddable":true,"href":"https:\/\/mbsniezna.rzeszow.pl\/index.php\/wp-json\/wp\/v2\/comments?post=6680"}],"version-history":[{"count":1,"href":"https:\/\/mbsniezna.rzeszow.pl\/index.php\/wp-json\/wp\/v2\/posts\/6680\/revisions"}],"predecessor-version":[{"id":6681,"href":"https:\/\/mbsniezna.rzeszow.pl\/index.php\/wp-json\/wp\/v2\/posts\/6680\/revisions\/6681"}],"wp:featuredmedia":[{"embeddable":true,"href":"https:\/\/mbsniezna.rzeszow.pl\/index.php\/wp-json\/wp\/v2\/media\/6052"}],"wp:attachment":[{"href":"https:\/\/mbsniezna.rzeszow.pl\/index.php\/wp-json\/wp\/v2\/media?parent=6680"}],"wp:term":[{"taxonomy":"category","embeddable":true,"href":"https:\/\/mbsniezna.rzeszow.pl\/index.php\/wp-json\/wp\/v2\/categories?post=6680"},{"taxonomy":"post_tag","embeddable":true,"href":"https:\/\/mbsniezna.rzeszow.pl\/index.php\/wp-json\/wp\/v2\/tags?post=6680"}],"curies":[{"name":"wp","href":"https:\/\/api.w.org\/{rel}","templated":true}]}}