{"id":6687,"date":"2020-02-08T22:44:57","date_gmt":"2020-02-08T21:44:57","guid":{"rendered":"https:\/\/mbsniezna.rzeszow.pl\/?p=6687"},"modified":"2020-02-08T22:44:57","modified_gmt":"2020-02-08T21:44:57","slug":"intencje-mszalne-10-16-02-2020-r","status":"publish","type":"post","link":"https:\/\/mbsniezna.rzeszow.pl\/index.php\/2020\/02\/08\/intencje-mszalne-10-16-02-2020-r\/","title":{"rendered":"Intencje Mszalne 10-16. 02.2020 r."},"content":{"rendered":"<p>&nbsp;<\/p>\n<p>Poniedzia\u0142ek:10.02<\/p>\n<table cellspacing=\"0\" cellpadding=\"0\">\n<tbody>\n<tr>\n<td valign=\"middle\">7.00<\/td>\n<td valign=\"top\">1. + Stanis\u0142aw Kotula (10)<\/p>\n<p>2.<span class=\"Apple-converted-space\">&nbsp; <\/span>+ Zofia P\u0142onka od rodziny Ga\u0142kowskich<\/p>\n<p>3. O zdrowie dla Bogumi\u0142y; <i>+ Kazimiera Chmiel (10) &#8211; Barlinek<\/i><\/td>\n<\/tr>\n<tr>\n<td valign=\"middle\">18.00<\/td>\n<td valign=\"top\">1. O b\u0142og. Bo \u017ce w pracy misyjnej dla s. Miriam<\/p>\n<p>2. + Stefan P\u0105czek od \u017cony Aleksandry<span class=\"Apple-converted-space\">&nbsp;<\/span><\/p>\n<p>3. + Teresa Czapla od Eugenii Kotula; <i>+ Jan Rozmus (10) &#8211; Tarnoszyn<\/i><\/td>\n<\/tr>\n<\/tbody>\n<\/table>\n<p>Wtorek: 11.02<\/p>\n<table cellspacing=\"0\" cellpadding=\"0\">\n<tbody>\n<tr>\n<td valign=\"middle\">7.00<\/td>\n<td valign=\"top\">1. + Stanis\u0142aw Kotula (11)<\/p>\n<p>2. + Piotr Mi\u0105sik od Zbigniewa Pa\u0142ka z rodzin\u0105<\/p>\n<p>3. + Piotr Mi\u0105sik od Marii Czenczek; <i>+ Kazimiera Chmiel (11) &#8211; Barlinek<\/i><\/td>\n<\/tr>\n<tr>\n<td valign=\"middle\">18.00<\/td>\n<td valign=\"top\">1. + Lucjan Borowiec od zony w 30 dzie\u0144 \u015bmierci<\/p>\n<p>2. + Teresa Czapla od chrze\u015bniaka Krzysztofa<\/p>\n<p>3. + P\u0105czek Aleksandra od syna Piotra; <i>+ Jan Rozmus (11) &#8211; Tarnoszyn<\/i><\/td>\n<\/tr>\n<\/tbody>\n<\/table>\n<p>\u015aroda: 12.02<\/p>\n<table cellspacing=\"0\" cellpadding=\"0\">\n<tbody>\n<tr>\n<td valign=\"middle\">7.00<\/td>\n<td valign=\"top\">1. + Stanis\u0142aw Kotula (12)<\/p>\n<p>2. + Genowefa G\u0142odowska od Aleksandry Krok z rodzin\u0105<\/p>\n<p>3. + Genowefa G\u0142odowska od rodziny Ro\u017ckiewicz; + <i>Kazimiera Chmiel (12) &#8211; Barlinek<\/i><\/td>\n<\/tr>\n<tr>\n<td valign=\"middle\">18.00<\/td>\n<td valign=\"top\">1.<span class=\"Apple-converted-space\">&nbsp; <\/span>Dzi\u0119kczynna za uratowanie \u017cycia podczas wypadku i potrzebne \u0142aski<\/p>\n<p>2. O szcz\u0119\u015bliw\u0105 operacj\u0119 i zdrowie dla Seweryny<\/p>\n<p>3. + Lucyna, Jan Kut od Aldony z rodzin\u0105<i>; + Jan Rozmus (12)- Tarnoszyn<\/i><\/td>\n<\/tr>\n<\/tbody>\n<\/table>\n<p>Czwartek: 13.02<\/p>\n<table cellspacing=\"0\" cellpadding=\"0\">\n<tbody>\n<tr>\n<td valign=\"middle\">7.00<\/td>\n<td valign=\"top\">1. + Stanis\u0142aw Kotula (13)<\/p>\n<p>2. + Czes\u0142awa Kotula od rodziny B\u0105k<\/p>\n<p>3. + Czes\u0142awa Kotula od rodziny Richter; <i>+ Kazimiera Chmiel (13) &#8211; Barlinek<\/i><\/td>\n<\/tr>\n<tr>\n<td valign=\"middle\">18.00<\/td>\n<td valign=\"top\">1. + Edward, Stanis\u0142aw, Anna, Karol Mazur; <i>+ Jan Rozmus (13) &#8211; Tarnoszyn<\/i><\/td>\n<\/tr>\n<\/tbody>\n<\/table>\n<p>Pi\u0105tek: 14.02<\/p>\n<table cellspacing=\"0\" cellpadding=\"0\">\n<tbody>\n<tr>\n<td valign=\"middle\">7.00<\/td>\n<td valign=\"top\">1. + Stanis\u0142aw Kotula (14)<\/p>\n<p>2. + Czes\u0142aw \u015alemp od syna Bogdana z rodzin\u0105<\/p>\n<p>3. + Czes\u0142aw \u015alemp od c\u00f3rki Ireny z rodzin\u0105; <i>+ Kazimiera Chmiel (14) &#8211; Barlinek<\/i><\/td>\n<\/tr>\n<tr>\n<td valign=\"middle\">18.00<\/td>\n<td valign=\"top\">1. W intencji Marii w 50 urodziny<\/p>\n<p>2. + Jan Grodecki (4 rocz.)<\/p>\n<p>2. + W\u0142adys\u0142aw<span class=\"Apple-converted-space\">&nbsp; <\/span>Szwed; <i>+ Jan Rozmus (14) &#8211; Tarnoszyn<\/i><\/td>\n<\/tr>\n<\/tbody>\n<\/table>\n<p>Sobota 15.02<\/p>\n<table cellspacing=\"0\" cellpadding=\"0\">\n<tbody>\n<tr>\n<td valign=\"middle\">7.00<\/td>\n<td valign=\"top\">1 + Stanis\u0142aw Kotula (15)<\/p>\n<p>2. + Zbigniew Filip od syna Tomasza z rodzin\u0105; <i>+ Kazimiera Chmiel (15) &#8211; Barlinek<\/i><\/td>\n<\/tr>\n<tr>\n<td valign=\"middle\">18.00<\/td>\n<td valign=\"top\">1. Dzi\u0119kczynna od rodziny G\u0142odowskich; <i>+ Jan Rozmus (15)<span class=\"Apple-converted-space\">&nbsp; <\/span>&#8211; Tarnoszyn<\/i><\/td>\n<\/tr>\n<\/tbody>\n<\/table>\n<p>NIEDZIELA: 16.02<\/p>\n<table cellspacing=\"0\" cellpadding=\"0\">\n<tbody>\n<tr>\n<td valign=\"middle\">7.00<\/td>\n<td valign=\"top\">1 O zdrowie i b\u0142og. Bo\u017ce dla grupy kol\u0119dniczej z Koloni<\/td>\n<\/tr>\n<tr>\n<td valign=\"middle\">9.00<\/td>\n<td valign=\"top\">1. + Stanis\u0142aw Kotula (16)<\/p>\n<p>2. + Helena, Edward Pa\u015bkiewicz; <i>+ Kazimiera Chmiel (16) &#8211; Barlinek<\/i><\/td>\n<\/tr>\n<tr>\n<td valign=\"middle\">10.30<\/td>\n<td valign=\"top\">1. + Eugeniusz Pa\u015bko (4 rocz.)<\/p>\n<p>2. O b\u0142ogos\u0142awie\u0144stwo Bo\u017ce dla Ewy i Janusza w 35-lecie \u015blubu<\/td>\n<\/tr>\n<tr>\n<td valign=\"middle\">12.00<\/td>\n<td valign=\"top\">1. + Za parafian \u017cywych i zmar\u0142ych<\/p>\n<p>2. O b\u0142og. Bo\u017ce dla Szymonka w 1 urodziny i dla brata Alanka<\/p>\n<p><i>+ Jan Rozmus (16) &#8211; Tarnoszyn<\/i><\/td>\n<\/tr>\n<tr>\n<td valign=\"middle\">16.00<\/td>\n<td valign=\"top\">1. + Maria Czyrek i o zdrowie i b\u0142og. w rodzinie<\/td>\n<\/tr>\n<tr>\n<td valign=\"middle\">18.00<\/td>\n<td valign=\"top\">1. + Kazimiera Grzebyk, Stanis\u0142aw<\/td>\n<\/tr>\n<\/tbody>\n<\/table>\n","protected":false},"excerpt":{"rendered":"<p>&#8230;<\/p>\n","protected":false},"author":1,"featured_media":5337,"comment_status":"closed","ping_status":"open","sticky":false,"template":"","format":"standard","meta":{"ngg_post_thumbnail":0,"footnotes":""},"categories":[4,25,13],"tags":[],"class_list":["post-6687","post","type-post","status-publish","format-standard","has-post-thumbnail","hentry","category-intencje","category-news","category-newsy"],"_links":{"self":[{"href":"https:\/\/mbsniezna.rzeszow.pl\/index.php\/wp-json\/wp\/v2\/posts\/6687","targetHints":{"allow":["GET"]}}],"collection":[{"href":"https:\/\/mbsniezna.rzeszow.pl\/index.php\/wp-json\/wp\/v2\/posts"}],"about":[{"href":"https:\/\/mbsniezna.rzeszow.pl\/index.php\/wp-json\/wp\/v2\/types\/post"}],"author":[{"embeddable":true,"href":"https:\/\/mbsniezna.rzeszow.pl\/index.php\/wp-json\/wp\/v2\/users\/1"}],"replies":[{"embeddable":true,"href":"https:\/\/mbsniezna.rzeszow.pl\/index.php\/wp-json\/wp\/v2\/comments?post=6687"}],"version-history":[{"count":1,"href":"https:\/\/mbsniezna.rzeszow.pl\/index.php\/wp-json\/wp\/v2\/posts\/6687\/revisions"}],"predecessor-version":[{"id":6688,"href":"https:\/\/mbsniezna.rzeszow.pl\/index.php\/wp-json\/wp\/v2\/posts\/6687\/revisions\/6688"}],"wp:featuredmedia":[{"embeddable":true,"href":"https:\/\/mbsniezna.rzeszow.pl\/index.php\/wp-json\/wp\/v2\/media\/5337"}],"wp:attachment":[{"href":"https:\/\/mbsniezna.rzeszow.pl\/index.php\/wp-json\/wp\/v2\/media?parent=6687"}],"wp:term":[{"taxonomy":"category","embeddable":true,"href":"https:\/\/mbsniezna.rzeszow.pl\/index.php\/wp-json\/wp\/v2\/categories?post=6687"},{"taxonomy":"post_tag","embeddable":true,"href":"https:\/\/mbsniezna.rzeszow.pl\/index.php\/wp-json\/wp\/v2\/tags?post=6687"}],"curies":[{"name":"wp","href":"https:\/\/api.w.org\/{rel}","templated":true}]}}