{"id":6689,"date":"2020-02-08T22:46:33","date_gmt":"2020-02-08T21:46:33","guid":{"rendered":"https:\/\/mbsniezna.rzeszow.pl\/?p=6689"},"modified":"2020-02-08T22:46:33","modified_gmt":"2020-02-08T21:46:33","slug":"v-niedziela-zwykla-ogloszenia-9-lutego-2020-roku","status":"publish","type":"post","link":"https:\/\/mbsniezna.rzeszow.pl\/index.php\/2020\/02\/08\/v-niedziela-zwykla-ogloszenia-9-lutego-2020-roku\/","title":{"rendered":"V NIEDZIELA ZWYK\u0141A &#8211; OG\u0141OSZENIA  9 LUTEGO 2020 ROKU"},"content":{"rendered":"<ol>\n<li>We wtorek o 14.00 pogrzeb \u015bp. W\u0142adys\u0142awy Ciura z ul. Makuszy\u0144skiego.<\/li>\n<\/ol>\n<ol start=\"2\">\n<li>We wtorek nabo\u017ce\u0144stwo do \u015bw. Antoniego. Po Mszy \u015bw. spotkanie lektor\u00f3w.<\/li>\n<\/ol>\n<ol start=\"3\">\n<li>W \u015brod\u0119 Nowenna do Matki Bo\u017cej \u015anie\u017cnej. Katecheza dla doros\u0142ych.<\/li>\n<\/ol>\n<ol start=\"4\">\n<li>W czwartek od 17.15 adoracja Naj\u015bwi\u0119tszego Sakramentu i spowied\u017a.<\/li>\n<\/ol>\n<ol start=\"5\">\n<li>W pi\u0105tek \u015bwi\u0119tych Cyryla i Metodego \u2013 aposto\u0142\u00f3w S\u0142owian. Nabo\u017ce\u0144stwo do Bo\u017cego Mi\u0142osierdzia. Spotkania oazy: o 16.30 oaza m\u0142odsza, po Mszy oaza starsza.<\/li>\n<\/ol>\n<ol start=\"6\">\n<li>W przysz\u0142\u0105 niedziel\u0119 prosimy o sk\u0142adk\u0119 na cele inwestycyjne, r\u00f3\u017caniec r\u00f3\u017ca Zofii Kap\u0142on. Po prymarii nabo\u017ce\u0144stwo przy relikwiach \u015bw. Jana Paw\u0142a II.<\/li>\n<\/ol>\n<ol start=\"7\">\n<li>Zapowiedzi: Sylwester Stachyra \u2013 And\u017celika Lis (zap. I).<\/li>\n<\/ol>\n<ol start=\"8\">\n<li>B\u00f3g zap\u0142a\u0107 za ofiary na sprz\u0105tanie ko\u015bcio\u0142a, w tym tygodniu z ul. Herbowej prosimy rodziny z numer\u00f3w: 111, 113, 109, 105, 103, 101, 95, 65, 63, 61, 57, 53, 51, 45.<\/li>\n<\/ol>\n<ol start=\"9\">\n<li>Od dzisiaj w zakrystii trwaj\u0105 zapisy na pielgrzymk\u0119 do sanktuarium Bo\u017cego Mi\u0142osierdzia w \u0141agiewnikach i Centrum Jana Paw\u0142a II \u201eNie l\u0119kajcie si\u0119\u201d. Pielgrzymka b\u0119dzie w sobot\u0119 29 lutego, wyjazd o 5.30, koszt 70 z\u0142 (w cenie autokar, obiad, bilety wst\u0119p\u00f3w, ubezpieczenie), powr\u00f3t oko\u0142o 19.30.<\/li>\n<\/ol>\n","protected":false},"excerpt":{"rendered":"<p>&#8230;<\/p>\n","protected":false},"author":1,"featured_media":5470,"comment_status":"closed","ping_status":"open","sticky":false,"template":"","format":"standard","meta":{"ngg_post_thumbnail":0,"footnotes":""},"categories":[25,13,14],"tags":[],"class_list":["post-6689","post","type-post","status-publish","format-standard","has-post-thumbnail","hentry","category-news","category-newsy","category-ogloszenia_duszp"],"_links":{"self":[{"href":"https:\/\/mbsniezna.rzeszow.pl\/index.php\/wp-json\/wp\/v2\/posts\/6689","targetHints":{"allow":["GET"]}}],"collection":[{"href":"https:\/\/mbsniezna.rzeszow.pl\/index.php\/wp-json\/wp\/v2\/posts"}],"about":[{"href":"https:\/\/mbsniezna.rzeszow.pl\/index.php\/wp-json\/wp\/v2\/types\/post"}],"author":[{"embeddable":true,"href":"https:\/\/mbsniezna.rzeszow.pl\/index.php\/wp-json\/wp\/v2\/users\/1"}],"replies":[{"embeddable":true,"href":"https:\/\/mbsniezna.rzeszow.pl\/index.php\/wp-json\/wp\/v2\/comments?post=6689"}],"version-history":[{"count":2,"href":"https:\/\/mbsniezna.rzeszow.pl\/index.php\/wp-json\/wp\/v2\/posts\/6689\/revisions"}],"predecessor-version":[{"id":6691,"href":"https:\/\/mbsniezna.rzeszow.pl\/index.php\/wp-json\/wp\/v2\/posts\/6689\/revisions\/6691"}],"wp:featuredmedia":[{"embeddable":true,"href":"https:\/\/mbsniezna.rzeszow.pl\/index.php\/wp-json\/wp\/v2\/media\/5470"}],"wp:attachment":[{"href":"https:\/\/mbsniezna.rzeszow.pl\/index.php\/wp-json\/wp\/v2\/media?parent=6689"}],"wp:term":[{"taxonomy":"category","embeddable":true,"href":"https:\/\/mbsniezna.rzeszow.pl\/index.php\/wp-json\/wp\/v2\/categories?post=6689"},{"taxonomy":"post_tag","embeddable":true,"href":"https:\/\/mbsniezna.rzeszow.pl\/index.php\/wp-json\/wp\/v2\/tags?post=6689"}],"curies":[{"name":"wp","href":"https:\/\/api.w.org\/{rel}","templated":true}]}}