{"id":6693,"date":"2020-02-15T21:53:45","date_gmt":"2020-02-15T20:53:45","guid":{"rendered":"https:\/\/mbsniezna.rzeszow.pl\/?p=6693"},"modified":"2020-02-15T21:53:45","modified_gmt":"2020-02-15T20:53:45","slug":"intencje-mszalne-17-23-02-2020-r","status":"publish","type":"post","link":"https:\/\/mbsniezna.rzeszow.pl\/index.php\/2020\/02\/15\/intencje-mszalne-17-23-02-2020-r\/","title":{"rendered":"Intencje Mszalne 17-23. 02.2020 r."},"content":{"rendered":"<p>Poniedzia\u0142ek:17.02<\/p>\n<table cellspacing=\"0\" cellpadding=\"0\">\n<tbody>\n<tr>\n<td valign=\"middle\">7.00<\/td>\n<td valign=\"top\">1. + Agata Dr\u0105\u017cek<\/p>\n<p>2.<span class=\"Apple-converted-space\">&nbsp; <\/span>+ Zofia P\u0142onka od Anny Lemik z rodzin\u0105<\/p>\n<p>3. <span class=\"Apple-converted-space\">&nbsp; <\/span>+ Zofia P\u0142onka od Bronis\u0142awy P\u0142onka z rodzin\u0105; <i>+ Kazimiera Chmiel (17) &#8211; Barlinek<\/i><\/td>\n<\/tr>\n<tr>\n<td valign=\"middle\">18.00<\/td>\n<td valign=\"top\">1. + Stanis\u0142aw Kotula (17)<\/p>\n<p>2. + Stanis\u0142aw, Katarzyna, Mieczys\u0142aw Ko\u015bci\u00f3\u0142ek<span class=\"Apple-converted-space\">&nbsp;<\/span><\/p>\n<p><i>3. + <\/i>Roman Pa\u0142ka od \u017cony; <i>+ Jan Rozmus (17) &#8211; Tarnoszyn<\/i><\/td>\n<\/tr>\n<\/tbody>\n<\/table>\n<p>Wtorek: 18.02<\/p>\n<table cellspacing=\"0\" cellpadding=\"0\">\n<tbody>\n<tr>\n<td valign=\"middle\">7.00<\/td>\n<td valign=\"top\">1. + Agata Borowiec<\/p>\n<p>2. + Piotr Mi\u0105sik od rodziny Bomb\u00f3w z M\u0142y\u0144skiej<\/p>\n<p>3. + Piotr Mi\u0105sik od Doroty i Mieczys\u0142awa Grocholskich<\/p>\n<p>4. + Piotr Mi\u0105sik od rodziny Ku\u015bnierz-Pa\u015bko; <i>+ Kazimiera Chmiel (18) &#8211; Barlinek<\/i><\/td>\n<\/tr>\n<tr>\n<td valign=\"middle\">18.00<\/td>\n<td valign=\"top\">1. + Stanis\u0142aw Kotula (18)<\/p>\n<p>2. + Emil Pr\u0119dki<\/p>\n<p>3. + Galina, Josyp Binkowski, Kazimierz Ostrowski<\/p>\n<p>4. + Edward Witek od bratowej z rodzin\u0105; <i>+ Jan Rozmus (18) &#8211; Tarnoszyn<\/i><\/td>\n<\/tr>\n<\/tbody>\n<\/table>\n<p>\u015aroda: 19.02<\/p>\n<table cellspacing=\"0\" cellpadding=\"0\">\n<tbody>\n<tr>\n<td valign=\"middle\">7.00<\/td>\n<td valign=\"top\">1. + Adam Kotula<\/p>\n<p>2. + Genowefa G\u0142odowska od kole\u017canek z pracy c\u00f3rki Zosi<\/p>\n<p>3. + Genowefa G\u0142odowskiej od chrz\u015bniaka Adama z rodzin\u0105<\/p>\n<p>4. + Genowefa G\u0142odowska od Marii i Les\u0142awa; + <i>Kazimiera Chmiel (19)<\/i><\/td>\n<\/tr>\n<tr>\n<td valign=\"middle\">18.00<\/td>\n<td valign=\"top\">1.<span class=\"Apple-converted-space\">&nbsp; <\/span>+ Stanis\u0142aw<span class=\"Apple-converted-space\">&nbsp; <\/span>(19)<\/p>\n<p>2.<span class=\"Apple-converted-space\">&nbsp; <\/span>+ Kinga, Boles\u0142aw Piekarz, Pawe\u0142 Pasierb, ++ z rodziny<\/p>\n<p>3. + Stanis\u0142aw Trojan od \u017cony<i>; + Jan Rozmus (19)- Tarnoszyn<\/i><\/td>\n<\/tr>\n<\/tbody>\n<\/table>\n<p>Czwartek: 20.02<\/p>\n<table cellspacing=\"0\" cellpadding=\"0\">\n<tbody>\n<tr>\n<td valign=\"middle\">7.00<\/td>\n<td valign=\"top\">1. + Czes\u0142awa Kotula od rodziny Siewierskich<\/p>\n<p>2. + Czes\u0142awa Kotula od Edwarda Gubernat z Rzeszowa<\/p>\n<p>3. + Czes\u0142awa Kotula od s\u0105siad\u00f3w G\u0142odowskich<\/p>\n<p>4. + Czes\u0142awa Kotula od rodziny B\u0105k; <i>+ Kazimiera Chmiel (20) &#8211; Barlinek<\/i><\/td>\n<\/tr>\n<tr>\n<td valign=\"middle\">18.00<\/td>\n<td valign=\"top\">1. + Stanis\u0142aw Kotula (20)<\/p>\n<p>2. + Helena, Jan \u017bmuda, ++ z rodziny<\/p>\n<p>3. + J\u00f3zef Pa\u015bko od syna Janusza; <i>+ Jan Rozmus (20) &#8211; Tarnoszyn<\/i><\/td>\n<\/tr>\n<\/tbody>\n<\/table>\n<p>Pi\u0105tek: 21.02<\/p>\n<table cellspacing=\"0\" cellpadding=\"0\">\n<tbody>\n<tr>\n<td valign=\"middle\">7.00<\/td>\n<td valign=\"top\">1. + Czes\u0142aw \u015alemp od syna Bogdana z rodzin\u0105<\/p>\n<p>2. + Czes\u0142aw \u015alemp od c\u00f3rki Ireny z rodzin\u0105<\/p>\n<p>3. + Czes\u0142aw \u015alemp od<span class=\"Apple-converted-space\">&nbsp; <\/span>syna Wac\u0142awa z rodzin\u0105; <i>+ Kazimiera Chmiel (21) &#8211; Barlinek<\/i><\/td>\n<\/tr>\n<tr>\n<td valign=\"middle\">18.00<\/td>\n<td valign=\"top\">1. + Stanis\u0142aw Kotula (21)<\/p>\n<p>2. + Anna Mazur od J\u00f3zefa Szwed z rodzin\u0105<\/p>\n<p>3. + Kazimierz Piela od \u017cony Wiktorii; <i>+ Jan Rozmus (21) &#8211; Tarnoszyn<\/i><\/td>\n<\/tr>\n<\/tbody>\n<\/table>\n<p>Sobota 22.02<\/p>\n<table cellspacing=\"0\" cellpadding=\"0\">\n<tbody>\n<tr>\n<td valign=\"middle\">7.00<\/td>\n<td valign=\"top\">1 + Anna Mazur od wnuczki Anety z rodzin\u0105<\/p>\n<p>2. + Zbigniew Filip od OSP Rzesz\u00f3w-D\u0119bina<\/p>\n<p>3. + Zbigniew Filip od c\u00f3rki Katarzyny z rodzin\u0105; <i>+ Kazimiera Chmiel (22) &#8211; Barlinek<\/i><\/td>\n<\/tr>\n<tr>\n<td valign=\"middle\">18.00<\/td>\n<td valign=\"top\">1. + Stanis\u0142aw Kotula (22)<\/p>\n<p>2.<span class=\"Apple-converted-space\">&nbsp; <\/span>+ Stanis\u0142awa, Franciszek, Danuta Hajnosz<\/p>\n<p>3.<span class=\"Apple-converted-space\">&nbsp; <\/span>+ Krystyna Ja\u0144ska od Paw\u0142a z rodzin\u0105; <i>+ Jan Rozmus (22)<span class=\"Apple-converted-space\">&nbsp; <\/span>&#8211; Tarnoszyn<\/i><\/td>\n<\/tr>\n<\/tbody>\n<\/table>\n<p>NIEDZIELA: 23.02<\/p>\n<table cellspacing=\"0\" cellpadding=\"0\">\n<tbody>\n<tr>\n<td valign=\"middle\">7.00<\/td>\n<td valign=\"top\">1 + Stanis\u0142aw naw\u00f3j (15 rocz.), ++ z rodziny<\/td>\n<\/tr>\n<tr>\n<td valign=\"middle\">9.00<\/td>\n<td valign=\"top\">1. + Stanis\u0142aw Kotula (23)<\/p>\n<p>2. + Franciszek Pasierb (6 rocz.); <i>+ Kazimiera Chmiel (23) &#8211; Barlinek<\/i><\/td>\n<\/tr>\n<tr>\n<td valign=\"middle\">10.30<\/td>\n<td valign=\"top\">1. + Andrzej Pa\u0142ka (19 rocz.)<\/td>\n<\/tr>\n<tr>\n<td valign=\"middle\">12.00<\/td>\n<td valign=\"top\">1. + Za parafian \u017cywych i zmar\u0142ych; <i>+ Jan Rozmus (23) &#8211; Tarnoszyn<\/i><\/td>\n<\/tr>\n<tr>\n<td valign=\"middle\">16.00<\/td>\n<td valign=\"top\">1. + Zofia P\u0142onka od m\u0119\u017ca Tadeusza<\/td>\n<\/tr>\n<tr>\n<td valign=\"middle\">18.00<\/td>\n<td valign=\"top\">1. O b\u0142og. Bo\u017ce i zdrowie dla Stanis\u0142awy w 80 urodziny<\/td>\n<\/tr>\n<\/tbody>\n<\/table>\n","protected":false},"excerpt":{"rendered":"<p>&#8230;<\/p>\n","protected":false},"author":1,"featured_media":6090,"comment_status":"closed","ping_status":"open","sticky":false,"template":"","format":"standard","meta":{"ngg_post_thumbnail":0,"footnotes":""},"categories":[4,25,13],"tags":[],"class_list":["post-6693","post","type-post","status-publish","format-standard","has-post-thumbnail","hentry","category-intencje","category-news","category-newsy"],"_links":{"self":[{"href":"https:\/\/mbsniezna.rzeszow.pl\/index.php\/wp-json\/wp\/v2\/posts\/6693","targetHints":{"allow":["GET"]}}],"collection":[{"href":"https:\/\/mbsniezna.rzeszow.pl\/index.php\/wp-json\/wp\/v2\/posts"}],"about":[{"href":"https:\/\/mbsniezna.rzeszow.pl\/index.php\/wp-json\/wp\/v2\/types\/post"}],"author":[{"embeddable":true,"href":"https:\/\/mbsniezna.rzeszow.pl\/index.php\/wp-json\/wp\/v2\/users\/1"}],"replies":[{"embeddable":true,"href":"https:\/\/mbsniezna.rzeszow.pl\/index.php\/wp-json\/wp\/v2\/comments?post=6693"}],"version-history":[{"count":1,"href":"https:\/\/mbsniezna.rzeszow.pl\/index.php\/wp-json\/wp\/v2\/posts\/6693\/revisions"}],"predecessor-version":[{"id":6694,"href":"https:\/\/mbsniezna.rzeszow.pl\/index.php\/wp-json\/wp\/v2\/posts\/6693\/revisions\/6694"}],"wp:featuredmedia":[{"embeddable":true,"href":"https:\/\/mbsniezna.rzeszow.pl\/index.php\/wp-json\/wp\/v2\/media\/6090"}],"wp:attachment":[{"href":"https:\/\/mbsniezna.rzeszow.pl\/index.php\/wp-json\/wp\/v2\/media?parent=6693"}],"wp:term":[{"taxonomy":"category","embeddable":true,"href":"https:\/\/mbsniezna.rzeszow.pl\/index.php\/wp-json\/wp\/v2\/categories?post=6693"},{"taxonomy":"post_tag","embeddable":true,"href":"https:\/\/mbsniezna.rzeszow.pl\/index.php\/wp-json\/wp\/v2\/tags?post=6693"}],"curies":[{"name":"wp","href":"https:\/\/api.w.org\/{rel}","templated":true}]}}