{"id":6708,"date":"2020-02-29T21:58:13","date_gmt":"2020-02-29T20:58:13","guid":{"rendered":"https:\/\/mbsniezna.rzeszow.pl\/?p=6708"},"modified":"2020-02-29T21:58:13","modified_gmt":"2020-02-29T20:58:13","slug":"i-niedziela-wielkiego-postu-ogloszenia","status":"publish","type":"post","link":"https:\/\/mbsniezna.rzeszow.pl\/index.php\/2020\/02\/29\/i-niedziela-wielkiego-postu-ogloszenia\/","title":{"rendered":"I NIEDZIELA WIELKIEGO POSTU \u2013 OG\u0141OSZENIA"},"content":{"rendered":"<p>1 MARCA 2020 R.<\/p>\n<ol>\n<li>Dzisiaj na ka\u017cdej Mszy aspersja, po prymarii<span class=\"Apple-converted-space\">&nbsp; <\/span>zmiana tajemnic, o 17.00 nabo\u017ce\u0144stwo Gorzkich \u017bali z kazaniem pasyjnym. Zapraszamy.<\/li>\n<\/ol>\n<ol start=\"2\">\n<li>Miesi\u0105c marzec, kt\u00f3ry dzisiaj rozpoczynamy w tradycji Ko\u015bcio\u0142a po\u015bwi\u0119cony jest czci \u015bw. J\u00f3zefa \u2013 Oblubie\u0144ca Naj\u015bwi\u0119tszej Maryi Panny, kt\u00f3ry jest patronem m\u0119\u017cczyzn, m\u0119\u017c\u00f3w i ojc\u00f3w. Po Mszy porannej ca\u0142y miesi\u0105c Litania do \u015bw. J\u00f3zefa. Odmawiajmy te Litani\u0119 w ramach pacierza wieczornego.<\/li>\n<\/ol>\n<ol start=\"3\">\n<li>We wtorek Nabo\u017ce\u0144stwo do \u015bw. Antoniego. Po Mszy zbi\u00f3rka ministrant\u00f3w.<\/li>\n<\/ol>\n<ol start=\"4\">\n<li>W \u015brod\u0119 Nabo\u017ce\u0144stwo do Siedmiu Bole\u015bci NMP. Katecheza dla doros\u0142ych o chrzcie.<\/li>\n<\/ol>\n<ol start=\"5\">\n<li>I czwartek miesi\u0105ca \u2013 dzie\u0144 modlitw o powo\u0142ania kap\u0142a\u0144skie i zakonne, od 17.15 adoracja i spowied\u017a. Spotkanie kandydat\u00f3w do bierzmowania.<\/li>\n<\/ol>\n<ol start=\"6\">\n<li>I pi\u0105tek miesi\u0105ca: spowied\u017a 6.30, wyjazd do chorych 8.30, spowied\u017a 16.30, komunia o 17.00 i 17.20, Droga Krzy\u017cowa 17.30, Msza \u015bw. z Nabo\u017ce\u0144stwem do Bo\u017cego Serca 18.00, Droga Krzy\u017cowa dla m\u0142odzie\u017cy i d\u0142u\u017cej pracuj\u0105cych 20.00. Spotkania oazy: o 16.30 oaza m\u0142odsza, o 18.30 oaza starsza.<\/li>\n<\/ol>\n<ol start=\"7\">\n<li>I sobota miesi\u0105ca \u2013 po Mszy wieczornej r\u00f3\u017caniec fatimski. Spotkanie formacyjne dla m\u0119\u017cczyzn \u201ePragnienia m\u0119skiej duszy\u201d.<\/li>\n<\/ol>\n<ol start=\"8\">\n<li>W niedziel\u0119 Droga Krzy\u017cowa o 6.30, Gorzkie \u017bale o 17.00.<\/li>\n<\/ol>\n<ol start=\"9\">\n<li>Przysz\u0142a niedziela nosi nazw\u0119 \u201eAd gentes\u201d \u2013 \u201eDo narod\u00f3w\u201d, po\u015bwi\u0119cona jest misjom \u2013 b\u0119dzie zbi\u00f3rka do puszek na misje.<\/li>\n<\/ol>\n<ol start=\"10\">\n<li>Zapowiedzi przed\u015blubne: Arkadiusz Konkol \u2013 Dominika Po\u0142udniak, Marek Bem \u2013 Ewa Matu\u0142a (zap. I); S. Mulka \u2013 A. Oliwa, R. Brzeski \u2013 A. Pa\u015bko (zap. II).<\/li>\n<\/ol>\n<ol start=\"11\">\n<li>B\u00f3g zap\u0142a\u0107 za ofiary na sprz\u0105tanie ko\u015bcio\u0142a, w tym tygodniu z ul. Chmielnej prosimy rodziny z numer\u00f3w: 57, 69, 71, 75, 79, 81, 83, 87, 130, 114, 112, 110, 104.<\/li>\n<\/ol>\n<ol start=\"12\">\n<li>Na stoliczku jest nowy numer<span class=\"Apple-converted-space\">&nbsp; <\/span>darmowej gazety \u201eDobre nowiny\u201d \u2013 zapraszamy do lektury.<\/li>\n<\/ol>\n<ol start=\"13\">\n<li>Dzisiaj o 17.00 w ko\u015bciele w Tyczynie rozpoczyna si\u0119 katecheza przedma\u0142\u017ce\u0144ska (tzw. kurs) dla dekanatu tyczy\u0144skiego.<\/li>\n<\/ol>\n<ol start=\"14\">\n<li>Spotkania rodzic\u00f3w dzieci komunijnych: w poniedzia\u0142ek 9 marca kl. IIIa, we wtorek 10 marca kl. IIIb, za\u015b IIIc dowolnie w poniedzia\u0142ek lub wtorek o godz. 19.00<\/li>\n<\/ol>\n<ol start=\"15\">\n<li>Spotkania<span class=\"Apple-converted-space\">&nbsp; <\/span>rodzic\u00f3w kandydat\u00f3w do bierzmowania: w poniedzia\u0142ek 16 marca kl. VIIIa, we wtorek 17 marca kl. VIIIb, kandydaci spoza naszej szko\u0142y dowolnie w poniedzia\u0142ek lub wtorek o godz. 19.00.<\/li>\n<\/ol>\n<ol start=\"16\">\n<li>Jednym z uczynk\u00f3w wielkopostnych jest ja\u0142mu\u017cna \u2013 dobrowolny datek na dobry cel. Poproszono nas, aby\u015bmy ufundowali kilka stypendi\u00f3w szkolnych dla dziewczyn w szkole krawieckiej w Tanzanii. Ofiary na ten cel prosimy sk\u0142ada\u0107 ca\u0142y Wielki Post do skarbony \u201eChleb \u015bw. Antoniego\u201d w balaskach.<\/li>\n<\/ol>\n","protected":false},"excerpt":{"rendered":"<p>&#8230;<\/p>\n","protected":false},"author":1,"featured_media":554,"comment_status":"closed","ping_status":"open","sticky":false,"template":"","format":"standard","meta":{"ngg_post_thumbnail":0,"footnotes":""},"categories":[25,13,14],"tags":[],"class_list":["post-6708","post","type-post","status-publish","format-standard","has-post-thumbnail","hentry","category-news","category-newsy","category-ogloszenia_duszp"],"_links":{"self":[{"href":"https:\/\/mbsniezna.rzeszow.pl\/index.php\/wp-json\/wp\/v2\/posts\/6708","targetHints":{"allow":["GET"]}}],"collection":[{"href":"https:\/\/mbsniezna.rzeszow.pl\/index.php\/wp-json\/wp\/v2\/posts"}],"about":[{"href":"https:\/\/mbsniezna.rzeszow.pl\/index.php\/wp-json\/wp\/v2\/types\/post"}],"author":[{"embeddable":true,"href":"https:\/\/mbsniezna.rzeszow.pl\/index.php\/wp-json\/wp\/v2\/users\/1"}],"replies":[{"embeddable":true,"href":"https:\/\/mbsniezna.rzeszow.pl\/index.php\/wp-json\/wp\/v2\/comments?post=6708"}],"version-history":[{"count":1,"href":"https:\/\/mbsniezna.rzeszow.pl\/index.php\/wp-json\/wp\/v2\/posts\/6708\/revisions"}],"predecessor-version":[{"id":6709,"href":"https:\/\/mbsniezna.rzeszow.pl\/index.php\/wp-json\/wp\/v2\/posts\/6708\/revisions\/6709"}],"wp:featuredmedia":[{"embeddable":true,"href":"https:\/\/mbsniezna.rzeszow.pl\/index.php\/wp-json\/wp\/v2\/media\/554"}],"wp:attachment":[{"href":"https:\/\/mbsniezna.rzeszow.pl\/index.php\/wp-json\/wp\/v2\/media?parent=6708"}],"wp:term":[{"taxonomy":"category","embeddable":true,"href":"https:\/\/mbsniezna.rzeszow.pl\/index.php\/wp-json\/wp\/v2\/categories?post=6708"},{"taxonomy":"post_tag","embeddable":true,"href":"https:\/\/mbsniezna.rzeszow.pl\/index.php\/wp-json\/wp\/v2\/tags?post=6708"}],"curies":[{"name":"wp","href":"https:\/\/api.w.org\/{rel}","templated":true}]}}