{"id":6711,"date":"2020-03-08T07:36:11","date_gmt":"2020-03-08T06:36:11","guid":{"rendered":"https:\/\/mbsniezna.rzeszow.pl\/?p=6711"},"modified":"2020-03-08T07:36:11","modified_gmt":"2020-03-08T06:36:11","slug":"intencje-mszalne-9-15-03-2020-r","status":"publish","type":"post","link":"https:\/\/mbsniezna.rzeszow.pl\/index.php\/2020\/03\/08\/intencje-mszalne-9-15-03-2020-r\/","title":{"rendered":"Intencje Mszalne 9-15.03.2020 r."},"content":{"rendered":"<p>Poniedzia\u0142ek 9.03<\/p>\n<table cellspacing=\"0\" cellpadding=\"0\">\n<tbody>\n<tr>\n<td valign=\"middle\">7.00<\/td>\n<td valign=\"top\">1. + Anna Krasowska (9)<\/p>\n<p>2.<span class=\"Apple-converted-space\">&nbsp; <\/span>+ o. Adam, Marian, Janina Kotula<\/p>\n<p>3. <span class=\"Apple-converted-space\">&nbsp; <\/span>+ Zbigniew Filip od Jerzego Kalta z rodzin\u0105<\/td>\n<\/tr>\n<tr>\n<td valign=\"middle\">18.00<\/td>\n<td valign=\"top\">1. + Stanis\u0142aw Kotula, ++ z rodziny<\/p>\n<p>2. + Leon, Bronis\u0142awa Dr\u0105\u017cek<\/p>\n<p>3. O szcz\u0119\u015bliw\u0105 operacj\u0119 i \u0142ask\u0119 zdrowia dla Anny<\/p>\n<p>4. O b\u0142og. Bo\u017ce dla Franciszka w 15 urodziny;<i> + W\u0142adys\u0142aw Szwed (9), + Lucjan Borowiec (9)<\/i><\/td>\n<\/tr>\n<\/tbody>\n<\/table>\n<p>Wtorek: 10.03<\/p>\n<table cellspacing=\"0\" cellpadding=\"0\">\n<tbody>\n<tr>\n<td valign=\"middle\">7.00<\/td>\n<td valign=\"top\">1. + Anna Krasowska (10)<\/p>\n<p>2. + Piotr Mi\u0105sik od Lucjana i Marii Czenczek<\/p>\n<p>3. + Piotr Mi\u0105sik od Bogus\u0142awa i Ma\u0142gorzaty Czenczek z rodzin\u0105<\/p>\n<p>4. + Piotr Mi\u0105sik od Mariusza i Anny Czenczek<\/td>\n<\/tr>\n<tr>\n<td valign=\"middle\">18.00<\/td>\n<td valign=\"top\">1. + Bogdan, J\u00f3zef Szcz\u0119ch<\/p>\n<p>2. + Genowefa G\u0142odowska od rodziny Warzoch\u00f3w<\/p>\n<p>3. + Genowefa G\u0142odowska od Marii Grodeckiej<\/p>\n<p>4. W intencji pielgrzym\u00f3w do \u0141agiewnik i ich rodzin;<span class=\"Apple-converted-space\">&nbsp;<\/span><i> + W\u0142adys\u0142aw Szwed (10), + Lucjan Borowiec (10)<\/i><\/td>\n<\/tr>\n<\/tbody>\n<\/table>\n<p>\u015aroda: 11.03<\/p>\n<table cellspacing=\"0\" cellpadding=\"0\">\n<tbody>\n<tr>\n<td valign=\"middle\">7.00<\/td>\n<td valign=\"top\">1 + Anna Krasowska (11)<\/p>\n<p>2. + Czes\u0142aw \u015alemp od monta\u017cyst\u00f3w Daw-Kar<\/p>\n<p>3. + Czes\u0142aw \u015alemp od Andrzeja Domo\u0144 z rodzin\u0105<\/p>\n<p>4. + Czes\u0142aw \u015alemp od Jacka Lasoty z rodzin\u0105<\/td>\n<\/tr>\n<tr>\n<td valign=\"middle\">18.00<\/td>\n<td valign=\"top\">1. + Maria, Wies\u0142aw Pasierb<\/p>\n<p>2. + Edward Witek od chrze\u015bnicy Aldony z rodzin\u0105<\/p>\n<p>3. + Edward Witek od siostrzenicy Marzeny z rodzin\u0105; <i>+ W\u0142adys\u0142aw Szwed (11), + Lucjan Borowiec (11)<\/i><\/td>\n<\/tr>\n<\/tbody>\n<\/table>\n<p>Czwartek: 12.03<\/p>\n<table cellspacing=\"0\" cellpadding=\"0\">\n<tbody>\n<tr>\n<td valign=\"middle\">7.00<\/td>\n<td valign=\"top\">1. + Anna Krasowska (12)<\/p>\n<p>2. + Roman Pa\u0142ka od c\u00f3rek Doroty i Agaty<\/p>\n<p>3. + Roman Pa\u0142ka od c\u00f3rki Marii z rodzin\u0105<\/p>\n<p>4. + Roman Pa\u0142ka od syna Jacka z rodzin\u0105<\/td>\n<\/tr>\n<tr>\n<td valign=\"middle\">18.00<\/td>\n<td valign=\"top\">1. + Maria, Wies\u0142aw Pasierb<\/p>\n<p>2. + Stanis\u0142aw Trojan od bratowej z rodzin\u0105<\/p>\n<p>3. + Stanis\u0142aw Trojan od brata z Senatorskiej<\/p>\n<p>4. + Stanis\u0142aw Trojan od syna z dzie\u0107mi; <i>+ W\u0142adys\u0142aw Szwed (12), + Lucjan Borowiec (12)<\/i><\/td>\n<\/tr>\n<\/tbody>\n<\/table>\n<p>Pi\u0105tek: 13.03<\/p>\n<table cellspacing=\"0\" cellpadding=\"0\">\n<tbody>\n<tr>\n<td valign=\"middle\">7.00<\/td>\n<td valign=\"top\">1. + Anna Krasowska (13)<\/p>\n<p>2. + Piotr Mi\u0105sik od El\u017cbiety Howi\u0144skiej z dzie\u0107mi z Makowa Podhala\u0144skiego<\/p>\n<p>3. + Piotr Mi\u0105sik od rodziny Lesniak\u00f3w<\/td>\n<\/tr>\n<tr>\n<td valign=\"middle\">18.00<\/td>\n<td valign=\"top\">1.<span class=\"Apple-converted-space\">&nbsp; <\/span>+ Andrzej Szymkowski na urodziny<\/p>\n<p>2. W intencji pielgrzym\u00f3w do \u0141agiewnik i ich rodzin; <i>+ W\u0142adys\u0142aw Szwed (13), + Lucjan Borowiec (13)<\/i><\/td>\n<\/tr>\n<\/tbody>\n<\/table>\n<p>Sobota 14.03<\/p>\n<table cellspacing=\"0\" cellpadding=\"0\">\n<tbody>\n<tr>\n<td valign=\"middle\">7.00<\/td>\n<td valign=\"top\">1 + Anna Krasowska (14)<\/p>\n<p>2. + Zbigniew Filip od syna Przemka<\/p>\n<p>3. + Zbigniew Filip od rodziny Sz\u0142od\u00f3w<\/td>\n<\/tr>\n<tr>\n<td valign=\"middle\">18.00<\/td>\n<td valign=\"top\">1. +Helena, Jan Dudek<\/p>\n<p>2.<span class=\"Apple-converted-space\">&nbsp; <\/span>+ Anna Grzebyk; <i>+ W\u0142adys\u0142aw Szwed (14), + Lucjan Borowiec (14)<\/i><\/td>\n<\/tr>\n<\/tbody>\n<\/table>\n<p>NIEDZIELA: 15.03<\/p>\n<table cellspacing=\"0\" cellpadding=\"0\">\n<tbody>\n<tr>\n<td valign=\"middle\">7.00<\/td>\n<td valign=\"top\">1 + Longin, Maria Pa\u015bko<\/td>\n<\/tr>\n<tr>\n<td valign=\"middle\">9.00<\/td>\n<td valign=\"top\">1.<span class=\"Apple-converted-space\">&nbsp; <\/span>+ Longin, Maria Pa\u015bko<\/p>\n<p>2. + Anna Krasowska (15)<\/td>\n<\/tr>\n<tr>\n<td valign=\"middle\">10.30<\/td>\n<td valign=\"top\">1. + Dariusz (17 rocz.), ++ z rodziny<\/p>\n<p>2. + Anna Mazur od wnuczki Renaty z rodzin\u0105; <i>+ W\u0142adys\u0142aw Szwed (15), +Lucjan Borowiec (15)<\/i><\/td>\n<\/tr>\n<tr>\n<td valign=\"middle\">12.00<\/td>\n<td valign=\"top\">1. + Za parafian \u017cywych i zmar\u0142ych<\/p>\n<p>2. + Edward Kud<\/td>\n<\/tr>\n<tr>\n<td valign=\"middle\">16.00<\/td>\n<td valign=\"top\">1. + Stanis\u0142awa, Stanis\u0142aw Misztal<\/td>\n<\/tr>\n<tr>\n<td valign=\"middle\">18.00<\/td>\n<td valign=\"top\">1. + Eufrozyna, Eugeniusz Leniart<\/td>\n<\/tr>\n<\/tbody>\n<\/table>\n","protected":false},"excerpt":{"rendered":"<p>&#8230;<\/p>\n","protected":false},"author":1,"featured_media":6538,"comment_status":"closed","ping_status":"open","sticky":false,"template":"","format":"standard","meta":{"ngg_post_thumbnail":0,"footnotes":""},"categories":[4,25,13],"tags":[],"class_list":["post-6711","post","type-post","status-publish","format-standard","has-post-thumbnail","hentry","category-intencje","category-news","category-newsy"],"_links":{"self":[{"href":"https:\/\/mbsniezna.rzeszow.pl\/index.php\/wp-json\/wp\/v2\/posts\/6711","targetHints":{"allow":["GET"]}}],"collection":[{"href":"https:\/\/mbsniezna.rzeszow.pl\/index.php\/wp-json\/wp\/v2\/posts"}],"about":[{"href":"https:\/\/mbsniezna.rzeszow.pl\/index.php\/wp-json\/wp\/v2\/types\/post"}],"author":[{"embeddable":true,"href":"https:\/\/mbsniezna.rzeszow.pl\/index.php\/wp-json\/wp\/v2\/users\/1"}],"replies":[{"embeddable":true,"href":"https:\/\/mbsniezna.rzeszow.pl\/index.php\/wp-json\/wp\/v2\/comments?post=6711"}],"version-history":[{"count":1,"href":"https:\/\/mbsniezna.rzeszow.pl\/index.php\/wp-json\/wp\/v2\/posts\/6711\/revisions"}],"predecessor-version":[{"id":6712,"href":"https:\/\/mbsniezna.rzeszow.pl\/index.php\/wp-json\/wp\/v2\/posts\/6711\/revisions\/6712"}],"wp:featuredmedia":[{"embeddable":true,"href":"https:\/\/mbsniezna.rzeszow.pl\/index.php\/wp-json\/wp\/v2\/media\/6538"}],"wp:attachment":[{"href":"https:\/\/mbsniezna.rzeszow.pl\/index.php\/wp-json\/wp\/v2\/media?parent=6711"}],"wp:term":[{"taxonomy":"category","embeddable":true,"href":"https:\/\/mbsniezna.rzeszow.pl\/index.php\/wp-json\/wp\/v2\/categories?post=6711"},{"taxonomy":"post_tag","embeddable":true,"href":"https:\/\/mbsniezna.rzeszow.pl\/index.php\/wp-json\/wp\/v2\/tags?post=6711"}],"curies":[{"name":"wp","href":"https:\/\/api.w.org\/{rel}","templated":true}]}}