{"id":6719,"date":"2020-03-14T20:54:50","date_gmt":"2020-03-14T19:54:50","guid":{"rendered":"https:\/\/mbsniezna.rzeszow.pl\/?p=6719"},"modified":"2020-03-14T20:54:50","modified_gmt":"2020-03-14T19:54:50","slug":"intencje-mszalne-16-22-03-2020-r","status":"publish","type":"post","link":"https:\/\/mbsniezna.rzeszow.pl\/index.php\/2020\/03\/14\/intencje-mszalne-16-22-03-2020-r\/","title":{"rendered":"Intencje Mszalne 16-22.03.2020 r."},"content":{"rendered":"<p>&nbsp;<\/p>\n<p>Poniedzia\u0142ek 16.03<\/p>\n<table cellspacing=\"0\" cellpadding=\"0\">\n<tbody>\n<tr>\n<td valign=\"middle\">7.00<\/td>\n<td valign=\"top\">1. O zdrowie dla Anny<\/p>\n<p>2. + Piotr Mi\u0105sik od cioci Alicji z dzie\u0107mi<\/p>\n<p>3. + Piotr Mi\u0105sik od Aleksandry i Mariusza T\u0142uczek z rodzin\u0105<\/p>\n<p>4. + Piotr Mi\u0105sik od kolegi Kazimierza<\/td>\n<\/tr>\n<tr>\n<td valign=\"middle\">18.00<\/td>\n<td valign=\"top\">1. + Anna Krasowska (16)<\/p>\n<p>2. + Zofia;<i> + W\u0142adys\u0142aw Szwed (16), + Lucjan Borowiec (16)<\/i><\/td>\n<\/tr>\n<\/tbody>\n<\/table>\n<p>Wtorek: 17.03<\/p>\n<table cellspacing=\"0\" cellpadding=\"0\">\n<tbody>\n<tr>\n<td valign=\"middle\">7.00<\/td>\n<td valign=\"top\">1. + o. Adam Kotula<\/p>\n<p>2. + Czes\u0142aw \u015alemp od Teodozji Gruba z m\u0119\u017cem<\/p>\n<p>3. + Czes\u0142aw \u015alemp od Agaty i Grzegorza Gruba<\/p>\n<p>4. + Czes\u0142aw \u015alemp od Romana Ciele\u0144<\/td>\n<\/tr>\n<tr>\n<td valign=\"middle\">18.00<\/td>\n<td valign=\"top\">1. + Anna Krasowska (17)<\/p>\n<p>2. + Zbigniew Obara;<span class=\"Apple-converted-space\">&nbsp;<\/span><i> + W\u0142adys\u0142aw Szwed (17), + Lucjan Borowiec (17)<\/i><\/td>\n<\/tr>\n<\/tbody>\n<\/table>\n<p>\u015aroda: 18.03<\/p>\n<table cellspacing=\"0\" cellpadding=\"0\">\n<tbody>\n<tr>\n<td valign=\"middle\">7.00<\/td>\n<td valign=\"top\">1 + Zbigniew Filip od Zofii i Anny Kalita<\/p>\n<p>2. + Zbigniew Filip od Ma\u0142gorzaty i Janusza jarosz z Podkola<\/p>\n<p>3. + Roman Pa\u0142ka od rodziny Drozd\u00f3w<\/p>\n<p>4. + Roman Pa\u0142ka od ch\u00f3ru \u201eFontes\u201d<\/td>\n<\/tr>\n<tr>\n<td valign=\"middle\">18.00<\/td>\n<td valign=\"top\">1. + Anna Krasowska (18)<\/p>\n<p>2. + J\u00f3zef<span class=\"Apple-converted-space\">&nbsp; <\/span>Kom\u00f3rek<\/p>\n<p>3. + J\u00f3zef Pa\u015bko od brata Bronis\u0142awa z rodzin\u0105; <i>+ W\u0142adys\u0142aw Szwed (18), + Lucjan Borowiec (18)<\/i><\/td>\n<\/tr>\n<\/tbody>\n<\/table>\n<p>Czwartek: 19.03<\/p>\n<table cellspacing=\"0\" cellpadding=\"0\">\n<tbody>\n<tr>\n<td valign=\"middle\">7.00<\/td>\n<td valign=\"top\">1. + Edward Witek od Grzegorza G\u0142odowskiego z rodzin\u0105<\/p>\n<p>2. + Edward Witek od<span class=\"Apple-converted-space\">&nbsp; <\/span>Heleny i Kazimierza Witalec<\/p>\n<p>3. + Edward Witek od Tadeusza Kyca z rodzin\u0105<\/p>\n<p>4. + J\u00f3zef Jacek<\/td>\n<\/tr>\n<tr>\n<td valign=\"middle\">18.00<\/td>\n<td valign=\"top\">1. + Anna Krasowska (19)<\/p>\n<p>2. + Bogdan, J\u00f3zef Szcz\u0119ch<\/p>\n<p>3. + Stanis\u0142aw Ziemniak; <i>+ W\u0142adys\u0142aw Szwed (19), + Lucjan Borowiec (19)<\/i><\/td>\n<\/tr>\n<\/tbody>\n<\/table>\n<p>Pi\u0105tek: 20.03<\/p>\n<table cellspacing=\"0\" cellpadding=\"0\">\n<tbody>\n<tr>\n<td valign=\"middle\">7.00<\/td>\n<td valign=\"top\">1. + ks. Kazimierz Guzy od pielgrzym\u00f3w do \u0141agiewnik<\/p>\n<p>2. + Stanis\u0142aw Trojan od bratowej z rodzin\u0105<\/p>\n<p>3. + Stanis\u0142aw Trojan od rodziny Konkol\u00f3w<\/p>\n<p>4. + Stanis\u0142aw Trojan od Krystyny B\u0142o\u0144skiej<\/td>\n<\/tr>\n<tr>\n<td valign=\"middle\">18.00<\/td>\n<td valign=\"top\">1. + Anna Krasowska (20)<\/p>\n<p>2. + J\u00f3zef, Maria Bury, ++ z rodziny<\/p>\n<p>3. O zdrowie i b\u0142og. Bo\u017ce dla J\u00f3zefa; <i>+ W\u0142adys\u0142aw Szwed (20), + Lucjan Borowiec (20)<\/i><\/td>\n<\/tr>\n<\/tbody>\n<\/table>\n<p>Sobota 21.03<\/p>\n<table cellspacing=\"0\" cellpadding=\"0\">\n<tbody>\n<tr>\n<td valign=\"middle\">7.00<\/td>\n<td valign=\"top\">1 + J\u00f3zefa Kuc, J\u00f3zef, Czes\u0142aw Burdasz<\/p>\n<p>2. + Kazimierz Piela od c\u00f3rki z m\u0119\u017cem<\/p>\n<p>3. + Kazimierz Piela od s\u0105siad\u00f3w Soleckich<\/p>\n<p>4. + Kazimierz Piela od s\u0105siad\u00f3w Rabczak\u00f3w<\/td>\n<\/tr>\n<tr>\n<td valign=\"middle\">18.00<\/td>\n<td valign=\"top\">1. + Anna Krasowska (21)<\/p>\n<p>2. + J\u00f3zef, Stanis\u0142aw Naw\u00f3j, ++ z rodziny<\/p>\n<p>3. + Zbigniew Filip (1 rocz.); <i>+ W\u0142adys\u0142aw Szwed (21), + Lucjan Borowiec (21)<\/i><\/td>\n<\/tr>\n<\/tbody>\n<\/table>\n<p>NIEDZIELA: 22.03<\/p>\n<table cellspacing=\"0\" cellpadding=\"0\">\n<tbody>\n<tr>\n<td valign=\"middle\">7.00<\/td>\n<td valign=\"top\">1 + Stanis\u0142aw Ba\u0142a, Stanis\u0142awa W\u0105sacz<\/p>\n<p>2. + Leszek Pi\u0119ta (10 rocz.), Aleksandra Pi\u0119ta<\/td>\n<\/tr>\n<tr>\n<td valign=\"middle\">9.00<\/td>\n<td valign=\"top\">1.<span class=\"Apple-converted-space\">&nbsp; <\/span>+ Stanis\u0142aw Michalski (5 rocz.)<\/p>\n<p>2. + Anna Krasowska (22)<\/td>\n<\/tr>\n<tr>\n<td valign=\"middle\">10.30<\/td>\n<td valign=\"top\">1. + Zbigniew Filip (1 rocz.)<\/p>\n<p>2. + Zbigniew W\u0119glarz od rodziny Grzebyk\u00f3w; <i>+ W\u0142adys\u0142aw Szwed (22), +Lucjan Borowiec (22)<\/i><\/td>\n<\/tr>\n<tr>\n<td valign=\"middle\">12.00<\/td>\n<td valign=\"top\">1. + Za parafian \u017cywych i zmar\u0142ych<\/td>\n<\/tr>\n<tr>\n<td valign=\"middle\">16.00<\/td>\n<td valign=\"top\">1. + Leon Pitera (28 rocz.)<\/td>\n<\/tr>\n<tr>\n<td valign=\"middle\">18.00<\/td>\n<td valign=\"top\">1. + Mieczys\u0142aw, Zofia Fornal<\/td>\n<\/tr>\n<\/tbody>\n<\/table>\n","protected":false},"excerpt":{"rendered":"<p>&#8230;<\/p>\n","protected":false},"author":1,"featured_media":6720,"comment_status":"closed","ping_status":"open","sticky":false,"template":"","format":"standard","meta":{"ngg_post_thumbnail":0,"footnotes":""},"categories":[4,25,13],"tags":[],"class_list":["post-6719","post","type-post","status-publish","format-standard","has-post-thumbnail","hentry","category-intencje","category-news","category-newsy"],"_links":{"self":[{"href":"https:\/\/mbsniezna.rzeszow.pl\/index.php\/wp-json\/wp\/v2\/posts\/6719","targetHints":{"allow":["GET"]}}],"collection":[{"href":"https:\/\/mbsniezna.rzeszow.pl\/index.php\/wp-json\/wp\/v2\/posts"}],"about":[{"href":"https:\/\/mbsniezna.rzeszow.pl\/index.php\/wp-json\/wp\/v2\/types\/post"}],"author":[{"embeddable":true,"href":"https:\/\/mbsniezna.rzeszow.pl\/index.php\/wp-json\/wp\/v2\/users\/1"}],"replies":[{"embeddable":true,"href":"https:\/\/mbsniezna.rzeszow.pl\/index.php\/wp-json\/wp\/v2\/comments?post=6719"}],"version-history":[{"count":1,"href":"https:\/\/mbsniezna.rzeszow.pl\/index.php\/wp-json\/wp\/v2\/posts\/6719\/revisions"}],"predecessor-version":[{"id":6721,"href":"https:\/\/mbsniezna.rzeszow.pl\/index.php\/wp-json\/wp\/v2\/posts\/6719\/revisions\/6721"}],"wp:featuredmedia":[{"embeddable":true,"href":"https:\/\/mbsniezna.rzeszow.pl\/index.php\/wp-json\/wp\/v2\/media\/6720"}],"wp:attachment":[{"href":"https:\/\/mbsniezna.rzeszow.pl\/index.php\/wp-json\/wp\/v2\/media?parent=6719"}],"wp:term":[{"taxonomy":"category","embeddable":true,"href":"https:\/\/mbsniezna.rzeszow.pl\/index.php\/wp-json\/wp\/v2\/categories?post=6719"},{"taxonomy":"post_tag","embeddable":true,"href":"https:\/\/mbsniezna.rzeszow.pl\/index.php\/wp-json\/wp\/v2\/tags?post=6719"}],"curies":[{"name":"wp","href":"https:\/\/api.w.org\/{rel}","templated":true}]}}