{"id":6754,"date":"2020-03-21T19:30:08","date_gmt":"2020-03-21T18:30:08","guid":{"rendered":"https:\/\/mbsniezna.rzeszow.pl\/?p=6754"},"modified":"2020-03-21T19:30:51","modified_gmt":"2020-03-21T18:30:51","slug":"iv-niedziela-wielkiego-postu-ogloszenia-22-marca-2020-r","status":"publish","type":"post","link":"https:\/\/mbsniezna.rzeszow.pl\/index.php\/2020\/03\/21\/iv-niedziela-wielkiego-postu-ogloszenia-22-marca-2020-r\/","title":{"rendered":"IV NIEDZIELA WIELKIEGO POSTU \u2013 OG\u0141OSZENIA  22 MARCA 2020 R"},"content":{"rendered":"<p>&nbsp;<\/p>\n<ol>\n<li>Trwa walka z epidemi\u0105 koronawirusa \u2013 obowi\u0105zuje nas zasada: \u201epozosta\u0144 w domu\u201d. Bardzo prosimy o przestrzeganie tej zasady, a zw\u0142aszcza przez dzieci, m\u0142odzie\u017c, osoby chore i starsze. Przestrzegajmy rozporz\u0105dze\u0144 w\u0142adz pa\u0144stwowych. Dbajmy o higien\u0119.<\/li>\n<\/ol>\n<ol start=\"2\">\n<li>Wszyscy mamy dyspens\u0119 od obowi\u0105zku uczestnictwa w niedzielnej Mszy \u015bw., dlatego dzisiaj nie wybierajmy si\u0119 do ko\u015bcio\u0142a.<\/li>\n<\/ol>\n<ol start=\"3\">\n<li>Msze \u015bw.<span class=\"Apple-converted-space\">&nbsp; <\/span>przez kap\u0142an\u00f3w b\u0119d\u0105 odprawiane wed\u0142ug porz\u0105dku niedzielnego. Prosimy tylko te osoby, kt\u00f3re maj\u0105 zam\u00f3wione intencje mszalne. Liczba wiernych w ko\u015bciele nie mo\u017ce przekracza\u0107 50 os\u00f3b. Siadamy w odleg\u0142o\u015bci 1,5 m od siebie. Do ko\u015bcio\u0142a wchodzimy bocznym wej\u015bciem od zakrystii.<\/li>\n<\/ol>\n<ol start=\"4\">\n<li>Bardzo prosimy, aby w niedziel\u0119 obejrze\u0107 i wys\u0142ucha\u0107 transmisje Mszy \u015bw. przez telewizj\u0119, radio lub Internet. Msza<span class=\"Apple-converted-space\">&nbsp; <\/span>\u015bw. na parafialnym FB z naszego ko\u015bcio\u0142a b\u0119dzie transmitowana dzisiaj<span class=\"Apple-converted-space\">&nbsp; <\/span>o godz. 10.30.<\/li>\n<\/ol>\n<ol start=\"5\">\n<li>Dzisiaj o 17.00 b\u0119d\u0105 Gorzkie \u017bale z kazaniem pasyjnym \u2013 b\u0119dzie transmisja przez Internet.<\/li>\n<\/ol>\n<ol start=\"6\">\n<li>W tygodniu Msze \u015bw. b\u0119d\u0105 o godz. 7.00 i 18.00 \u2013 wej\u015bcie od strony zakrystii (50 os\u00f3b).<\/li>\n<\/ol>\n<ol start=\"7\">\n<li>W tygodniu odwo\u0142ane s\u0105 wszystkie spotkania duszpasterskie.<\/li>\n<\/ol>\n<ol start=\"8\">\n<li>W \u015brod\u0119 Uroczysto\u015b\u0107 Zwiastowania Pa\u0144skiego. O 19.00 transmisja katechezy dla doros\u0142ych.<\/li>\n<\/ol>\n<ol start=\"9\">\n<li>W czwartek od 17.15 adoracja.<\/li>\n<\/ol>\n<ol start=\"10\">\n<li>W pi\u0105tek Droga Krzy\u017cowa o 17.30 i 20.00 \u2013 transmitowana przez Internet na FB<\/li>\n<\/ol>\n<ol start=\"11\">\n<li>Zapowiedzi: Micha\u0142 G\u0142odowski \u2013 Martyna Baran, Damian Ku\u015b \u2013 Angelika Cach, Pawe\u0142 Pasierb \u2013 Paulina Gw\u00f3\u017ad\u017a (zap. II); Patryk Wojtas \u2013 Klaudia Lech (zap. III).<\/li>\n<\/ol>\n<ol start=\"12\">\n<li>Obecna sytuacja wzywa nas do wielkiej modlitwy, dlatego po ka\u017cdej Mszy \u015bw. w postawie kl\u0119cz\u0105cej \u015bpiewamy suplikacje \u201e\u015awi\u0119ty Bo\u017ce\u201d, a wieczorem o godz. 20.30 modlimy si\u0119 na r\u00f3\u017ca\u0144cu \u2013 kap\u0142ani i siostry zakonne w ko\u015bciele, a parafianie w domach \u2013 r\u00f3\u017caniec b\u0119dzie transmitowany przez<span class=\"Apple-converted-space\">&nbsp; <\/span>Internet na FB. Modli\u0107 si\u0119 b\u0119dziemy o ustanie epidemii.<span class=\"Apple-converted-space\">&nbsp; <\/span>W ci\u0105gu dnia zapraszamy na indywidualn\u0105 modlitw\u0119 w ko\u015bciele przed Naj\u015bwi\u0119tszym Sakramentem.<\/li>\n<\/ol>\n<ol start=\"13\">\n<li>Tego roku nie b\u0119dzie dnia masowej spowiedzi z udzia\u0142em ksi\u0119\u017cy z dekanatu. Zapraszamy do spowiedzi ju\u017c w tym tygodniu od poniedzia\u0142ku do soboty w godz. od 17.00 do 18.00. W uroczysto\u015bciach Triduum Paschalnego i Wielkiej Niedzieli najprawdopodobniej nie b\u0119dziemy mogli uczestniczy\u0107, dlatego ju\u017c teraz przyst\u0119pujmy do sakrament\u00f3w \u015bw. Warto te\u017c pami\u0119ta\u0107, \u017ce okres Komunii \u015bw. wielkanocnej trawa do Niedzieli Zes\u0142ania Ducha \u015awi\u0119tego, mo\u017cemy przeto spowiada\u0107 si\u0119 po Wielkanocy.<\/li>\n<\/ol>\n<ol start=\"14\">\n<li>W pogrzebach mo\u017ce uczestniczy\u0107 tylko najbli\u017csza rodzina (nie wi\u0119cej ni\u017c 50 os\u00f3b), chrzty b\u0119d\u0105 udzielane poza Mszami \u015bw. z udzia\u0142em tylko najbli\u017cszych, terminy I Komunii \u015bw. i bierzmowania zostan\u0105 uzgodnione dopiero wtedy gdy zaczn\u0105 pracowa\u0107 szko\u0142y<\/li>\n<\/ol>\n<ol start=\"15\">\n<li>W zwi\u0105zku z epidemi\u0105 w naszym ko\u015bciele do odwo\u0142ania obowi\u0105zuj\u0105 nast\u0119puj\u0105ce zasady:<\/li>\n<\/ol>\n<ul>\n<li>Nie u\u017cywamy wody \u015bwi\u0119conej w kropielnicach<\/li>\n<li>Znak pokoju przekazujemy przez sk\u0142on g\u0142owy<\/li>\n<li>Komuni\u0119 \u015bw. przyjmujemy na r\u0119k\u0119 kl\u0119cz\u0105c. Czynimy to nast\u0119puj\u0105co: na praw\u0105 d\u0142o\u0144 nak\u0142adamy lew\u0105, na kt\u00f3rej kap\u0142an po dialogu \u201eCia\u0142o Chrystusa \u2013 Amen\u201d k\u0142adzie nam Cia\u0142o Pa\u0144skie, kt\u00f3re bierzemy praw\u0105 d\u0142oni\u0105 i spo\u017cywamy. Po spo\u017cyciu wstajemy z kl\u0119czek i powracamy na miejsce.<\/li>\n<li>Do ko\u015bcio\u0142a wchodzimy bocznym wej\u015bciem.<\/li>\n<\/ul>\n<ol start=\"16\">\n<li>Droga Krzy\u017cowa w Bieszczady odwo\u0142ana. Zwrot wp\u0142at u ks. Damiana<\/li>\n<\/ol>\n","protected":false},"excerpt":{"rendered":"<p>&#8230;<\/p>\n","protected":false},"author":1,"featured_media":6755,"comment_status":"closed","ping_status":"open","sticky":false,"template":"","format":"standard","meta":{"ngg_post_thumbnail":0,"footnotes":""},"categories":[25,13,14],"tags":[],"class_list":["post-6754","post","type-post","status-publish","format-standard","has-post-thumbnail","hentry","category-news","category-newsy","category-ogloszenia_duszp"],"_links":{"self":[{"href":"https:\/\/mbsniezna.rzeszow.pl\/index.php\/wp-json\/wp\/v2\/posts\/6754","targetHints":{"allow":["GET"]}}],"collection":[{"href":"https:\/\/mbsniezna.rzeszow.pl\/index.php\/wp-json\/wp\/v2\/posts"}],"about":[{"href":"https:\/\/mbsniezna.rzeszow.pl\/index.php\/wp-json\/wp\/v2\/types\/post"}],"author":[{"embeddable":true,"href":"https:\/\/mbsniezna.rzeszow.pl\/index.php\/wp-json\/wp\/v2\/users\/1"}],"replies":[{"embeddable":true,"href":"https:\/\/mbsniezna.rzeszow.pl\/index.php\/wp-json\/wp\/v2\/comments?post=6754"}],"version-history":[{"count":1,"href":"https:\/\/mbsniezna.rzeszow.pl\/index.php\/wp-json\/wp\/v2\/posts\/6754\/revisions"}],"predecessor-version":[{"id":6756,"href":"https:\/\/mbsniezna.rzeszow.pl\/index.php\/wp-json\/wp\/v2\/posts\/6754\/revisions\/6756"}],"wp:featuredmedia":[{"embeddable":true,"href":"https:\/\/mbsniezna.rzeszow.pl\/index.php\/wp-json\/wp\/v2\/media\/6755"}],"wp:attachment":[{"href":"https:\/\/mbsniezna.rzeszow.pl\/index.php\/wp-json\/wp\/v2\/media?parent=6754"}],"wp:term":[{"taxonomy":"category","embeddable":true,"href":"https:\/\/mbsniezna.rzeszow.pl\/index.php\/wp-json\/wp\/v2\/categories?post=6754"},{"taxonomy":"post_tag","embeddable":true,"href":"https:\/\/mbsniezna.rzeszow.pl\/index.php\/wp-json\/wp\/v2\/tags?post=6754"}],"curies":[{"name":"wp","href":"https:\/\/api.w.org\/{rel}","templated":true}]}}