{"id":6807,"date":"2020-04-09T20:08:03","date_gmt":"2020-04-09T18:08:03","guid":{"rendered":"https:\/\/mbsniezna.rzeszow.pl\/?p=6807"},"modified":"2020-04-09T20:08:03","modified_gmt":"2020-04-09T18:08:03","slug":"triduum-paschalne-wielki-czwartek-ogloszenia-9-kwietnia-2020-r","status":"publish","type":"post","link":"https:\/\/mbsniezna.rzeszow.pl\/index.php\/2020\/04\/09\/triduum-paschalne-wielki-czwartek-ogloszenia-9-kwietnia-2020-r\/","title":{"rendered":"TRIDUUM PASCHALNE \u2013 WIELKI CZWARTEK\u00a0 OG\u0141OSZENIA  9\u00a0 KWIETNIA 2020 R."},"content":{"rendered":"<p>&nbsp;<\/p>\n<ol>\n<li>Dzisiaj<span class=\"Apple-converted-space\">&nbsp; <\/span>zosta\u0142y przed\u0142u\u017cone<span class=\"Apple-converted-space\">&nbsp; <\/span>do 19 kwietnia ograniczenia zwi\u0105zane udzia\u0142em we Mszy \u015bw. i innych nabo\u017ce\u0144stwach. Dlatego liturgia w naszym ko\u015bciele nadal<span class=\"Apple-converted-space\">&nbsp; <\/span>b\u0119dzie odprawiana bez udzia\u0142u wiernych. Tak\u017ce w Wielk\u0105 Niedziel\u0119.<\/li>\n<\/ol>\n<ol start=\"2\">\n<li>Dzisiaj o 20.30 b\u0119dzie prowadzona kr\u00f3tka adoracja Naj\u015bwi\u0119tszego Sakramentu, a potem odm\u00f3wimy cz\u0105stk\u0119 r\u00f3\u017ca\u0144ca na intencj\u0119 powstrzymania epidemii, w intencji<span class=\"Apple-converted-space\">&nbsp; <\/span>chorych i umieraj\u0105cych oraz w intencji pracownik\u00f3w s\u0142u\u017cby zdrowia. Adoracja i r\u00f3\u017caniec b\u0119d\u0105 transmitowane na parafialnym FB \u2013 zapraszamy do wsp\u00f3lnej modlitwy.<\/li>\n<\/ol>\n<ol start=\"3\">\n<li>Jutro Wielki Pi\u0105tek \u2013 dzie\u0144 zbawczej M\u0119ki i \u015bmierci Pana Jezusa na Krzy\u017cu \u2013 obowi\u0105zuje post \u015bcis\u0142y (posi\u0142ki bezmi\u0119sne \u2013 1 do syta i 2 lekkie).<\/li>\n<\/ol>\n<ol start=\"4\">\n<li>Ko\u015bci\u00f3\u0142 b\u0119dzie otwarty od 8.00 do 17.00 \u2013 zapraszamy do modlitwy przed Naj\u015bwi\u0119tszym Sakramentem i na indywidualn\u0105 Drog\u0119 Krzy\u017cow\u0105.<span class=\"Apple-converted-space\">&nbsp; <\/span>Zach\u0119camy aby Drog\u0119 Krzy\u017cow\u0105 jutro odprawi\u0107 w naszych domach \u2013 indywidualnie lub rodzinnie.<\/li>\n<\/ol>\n<ol start=\"5\">\n<li>O godz. 15.00 \u2013 godzina \u015bmierci Pana Jezusa &#8211; odm\u00f3wiona b\u0119dzie<span class=\"Apple-converted-space\">&nbsp; <\/span>Koronka do Bo\u017cego Mi\u0142osierdzia, kt\u00f3ra b\u0119dzie transmitowana.<\/li>\n<\/ol>\n<ol start=\"6\">\n<li>O godz. 17.30 b\u0119dzie nabo\u017ce\u0144stwo Drogi Krzy\u017cowej, a o 18.00 rozpocznie si\u0119 Liturgia Wielkiego Pi\u0105tku \u2013 ca\u0142o\u015b\u0107 b\u0119dzie transmitowana.<\/li>\n<\/ol>\n<ol start=\"7\">\n<li>W Wielki Pi\u0105tek oddajemy cze\u015b\u0107 Krzy\u017cowi \u015awi\u0119temu. Bardzo prosimy, aby jutro o godz. 20.00 w naszych domach przeprowadzi\u0107 nabo\u017ce\u0144stwo adoracji krzy\u017ca. Stosowne pomoce do \u015bci\u0105gni\u0119cia<span class=\"Apple-converted-space\">&nbsp; <\/span>b\u0119d\u0105 zamieszczone na stronach parafialnych.<\/li>\n<\/ol>\n<ol start=\"8\">\n<li>Mimo nietypowych warunk\u00f3w zadbajmy o religijne prze\u017cywanie Triduum Paschalnego w naszych rodzinach poprzez ogl\u0105danie transmisji i odprawianie zalecanych nabo\u017ce\u0144stw. \u201eKoronawirus nie mo\u017ce zabi\u0107 naszej wiary w Jezusa, a wprowadzone obostrzenia powstrzyma\u0107 szczerej modlitwy w naszych domach\u201d (abp Pizzaballa \u2013 administrator \u0142aci\u0144skiego patriarchatu Jerozolimy).<\/li>\n<\/ol>\n<ol start=\"9\">\n<li>Teraz od\u015bpiewamy ca\u0142y hymn \u201eS\u0142aw j\u0119zyku tajemnic\u0119\u201d, a nast\u0119pnie w ciszy przeniesiemy Naj\u015bwi\u0119tszy Sakrament do tabernakulum i dokonamy obna\u017cenia o\u0142tarza.<\/li>\n<\/ol>\n","protected":false},"excerpt":{"rendered":"<p>&#8230;<\/p>\n","protected":false},"author":1,"featured_media":6809,"comment_status":"closed","ping_status":"open","sticky":false,"template":"","format":"standard","meta":{"ngg_post_thumbnail":0,"footnotes":""},"categories":[25,13,14],"tags":[],"class_list":["post-6807","post","type-post","status-publish","format-standard","has-post-thumbnail","hentry","category-news","category-newsy","category-ogloszenia_duszp"],"_links":{"self":[{"href":"https:\/\/mbsniezna.rzeszow.pl\/index.php\/wp-json\/wp\/v2\/posts\/6807","targetHints":{"allow":["GET"]}}],"collection":[{"href":"https:\/\/mbsniezna.rzeszow.pl\/index.php\/wp-json\/wp\/v2\/posts"}],"about":[{"href":"https:\/\/mbsniezna.rzeszow.pl\/index.php\/wp-json\/wp\/v2\/types\/post"}],"author":[{"embeddable":true,"href":"https:\/\/mbsniezna.rzeszow.pl\/index.php\/wp-json\/wp\/v2\/users\/1"}],"replies":[{"embeddable":true,"href":"https:\/\/mbsniezna.rzeszow.pl\/index.php\/wp-json\/wp\/v2\/comments?post=6807"}],"version-history":[{"count":2,"href":"https:\/\/mbsniezna.rzeszow.pl\/index.php\/wp-json\/wp\/v2\/posts\/6807\/revisions"}],"predecessor-version":[{"id":6811,"href":"https:\/\/mbsniezna.rzeszow.pl\/index.php\/wp-json\/wp\/v2\/posts\/6807\/revisions\/6811"}],"wp:featuredmedia":[{"embeddable":true,"href":"https:\/\/mbsniezna.rzeszow.pl\/index.php\/wp-json\/wp\/v2\/media\/6809"}],"wp:attachment":[{"href":"https:\/\/mbsniezna.rzeszow.pl\/index.php\/wp-json\/wp\/v2\/media?parent=6807"}],"wp:term":[{"taxonomy":"category","embeddable":true,"href":"https:\/\/mbsniezna.rzeszow.pl\/index.php\/wp-json\/wp\/v2\/categories?post=6807"},{"taxonomy":"post_tag","embeddable":true,"href":"https:\/\/mbsniezna.rzeszow.pl\/index.php\/wp-json\/wp\/v2\/tags?post=6807"}],"curies":[{"name":"wp","href":"https:\/\/api.w.org\/{rel}","templated":true}]}}