{"id":6817,"date":"2020-04-10T20:00:32","date_gmt":"2020-04-10T18:00:32","guid":{"rendered":"https:\/\/mbsniezna.rzeszow.pl\/?p=6817"},"modified":"2020-04-10T20:00:32","modified_gmt":"2020-04-10T18:00:32","slug":"triduum-paschalne-wielki-piatek-ogloszenia-10-kwietnia-2020-r","status":"publish","type":"post","link":"https:\/\/mbsniezna.rzeszow.pl\/index.php\/2020\/04\/10\/triduum-paschalne-wielki-piatek-ogloszenia-10-kwietnia-2020-r\/","title":{"rendered":"TRIDUUM PASCHALNE \u2013 WIELKI PI\u0104TEK &#8211; OG\u0141OSZENIA  10 KWIETNIA 2020 R."},"content":{"rendered":"<p>&nbsp;<\/p>\n<ol>\n<li>Bardzo prosimy, aby dzisiaj o godz. 20.00 w naszych rodzinach przeprowadzi\u0107 nabo\u017ce\u0144stwo adoracji krzy\u017ca. Potrzebne materia\u0142y zamieszczone s\u0105 na stronie internetowej parafii, stosowny odno\u015bnik jest na naszym FB.<\/li>\n<\/ol>\n<ol start=\"2\">\n<li>Dzisiaj o godz. 20.30 adoracja Naj\u015bwi\u0119tszego Sakramentu z Litani\u0105 do Bo\u017cego Serca, a nast\u0119pnie odm\u00f3wimy cz\u0105stk\u0119 r\u00f3\u017ca\u0144ca na intencj\u0119 ustania epidemii. O 21.15 ko\u015bci\u00f3\u0142 b\u0119dzie zamkni\u0119ty.<\/li>\n<\/ol>\n<ol start=\"3\">\n<li>Dzisiaj w TV Trwam o 21.00 transmisja Drogi Krzy\u017cowej z Placu \u015bw. Piotra pod przewodnictwem papie\u017ca Franciszka.<\/li>\n<\/ol>\n<ol start=\"4\">\n<li>Jutro Wielka Sobota \u2013 dzie\u0144 spoczynku Pana Jezusa w grobie, dzie\u0144 ciszy i zadumy.<\/li>\n<\/ol>\n<ol start=\"5\">\n<li>Jutro nie b\u0119dzie po\u015bwi\u0119cenia pokarm\u00f3w na st\u00f3\u0142 wielkanocny. Jednak starajmy si\u0119 jutro przygotowa\u0107 tak jak zawsze koszyk ze \u015bwi\u0119conk\u0105, aby by\u0142 gotowy na \u015bniadanie wielkanocne. Na pocz\u0105tku \u015bniadania rodziny pob\u0142ogos\u0142awi\u0105 \u015bwi\u0119conk\u0119. Teksty b\u0119d\u0105 zamieszczone na stronach parafialnych, s\u0105 te\u017c wy\u0142o\u017cone w ko\u015bciele przy bocznych drzwiach<\/li>\n<\/ol>\n<ol start=\"6\">\n<li>Ko\u015bci\u00f3\u0142 b\u0119dzie otwarty od 8.00 do 18.00 \u2013 zapraszamy do modlitwy przed Naj\u015bwi\u0119tszym Sakramentem.<\/li>\n<\/ol>\n<ol start=\"7\">\n<li>O godz. 15.00 Koronka do Bo\u017cego Mi\u0142osierdzia w ramach Nowenny \u2013 zapraszamy do modlitwy poprzez<span class=\"Apple-converted-space\">&nbsp; <\/span>transmisj\u0119.<\/li>\n<\/ol>\n<ol start=\"8\">\n<li>O godz. 17.00 w TV Trwam transmisja modlitwy przy Ca\u0142unie Tury\u0144skim.<\/li>\n<\/ol>\n<ol start=\"9\">\n<li>Liturgia Wielkiej Soboty \u2013 bez udzia\u0142u wiernych \u2013 rozpocznie si\u0119 o godz. 19.00. B\u0119dzie transmisja.<\/li>\n<\/ol>\n<ol start=\"10\">\n<li>Prosimy, aby jutro o godz. 20.00 w naszych rodzinach przeprowadzi\u0107 nabo\u017ce\u0144stwo odnowienia przyrzecze\u0144 chrzcielnych, kt\u00f3re b\u0119dzie po\u0142\u0105czone z przekazaniem znaku pokoju i przyj\u0119ciem Komunii \u015bw. duchowej. Stosowny materia\u0142 b\u0119dzie zamieszczony na stronach parafialnych. To nabo\u017ce\u0144stwo jest czym\u015b bardzo wa\u017cnym \u2013 zw\u0142aszcza w tych rodzinach, gdzie s\u0105 dzieci. Trzeba przygotowa\u0107 \u015bwiece \u2013 mog\u0105 by\u0107 gromnice lub \u015bwiece chrzcielne dzieci.<\/li>\n<\/ol>\n<ol start=\"11\">\n<li>Liturgie domowe daj\u0105 sposobno\u015b\u0107 \u015bwiadectwa wiary rodzic\u00f3w wobec m\u0142odego pokolenia. Aktor Franciszek Pieczka w dzisiejszym wywiadzie<span class=\"Apple-converted-space\">&nbsp; <\/span>wspomina: \u201eZawsze prosi\u0142em Pana Boga o wiar\u0119 jaka mieli moi rodzice \u2013 bez waha\u0144 i w\u0105tpliwo\u015bci. Moja rodzina by\u0142a bardzo wierz\u0105ca\u201d. Takie do\u015bwiadczenie wyni\u00f3s\u0142 z rodzinnego domu. Dbajmy, aby u nas by\u0142o tak samo.<\/li>\n<\/ol>\n","protected":false},"excerpt":{"rendered":"<p>&#8230;<\/p>\n","protected":false},"author":1,"featured_media":6815,"comment_status":"closed","ping_status":"open","sticky":false,"template":"","format":"standard","meta":{"ngg_post_thumbnail":0,"footnotes":""},"categories":[25,13,14],"tags":[],"class_list":["post-6817","post","type-post","status-publish","format-standard","has-post-thumbnail","hentry","category-news","category-newsy","category-ogloszenia_duszp"],"_links":{"self":[{"href":"https:\/\/mbsniezna.rzeszow.pl\/index.php\/wp-json\/wp\/v2\/posts\/6817","targetHints":{"allow":["GET"]}}],"collection":[{"href":"https:\/\/mbsniezna.rzeszow.pl\/index.php\/wp-json\/wp\/v2\/posts"}],"about":[{"href":"https:\/\/mbsniezna.rzeszow.pl\/index.php\/wp-json\/wp\/v2\/types\/post"}],"author":[{"embeddable":true,"href":"https:\/\/mbsniezna.rzeszow.pl\/index.php\/wp-json\/wp\/v2\/users\/1"}],"replies":[{"embeddable":true,"href":"https:\/\/mbsniezna.rzeszow.pl\/index.php\/wp-json\/wp\/v2\/comments?post=6817"}],"version-history":[{"count":1,"href":"https:\/\/mbsniezna.rzeszow.pl\/index.php\/wp-json\/wp\/v2\/posts\/6817\/revisions"}],"predecessor-version":[{"id":6818,"href":"https:\/\/mbsniezna.rzeszow.pl\/index.php\/wp-json\/wp\/v2\/posts\/6817\/revisions\/6818"}],"wp:featuredmedia":[{"embeddable":true,"href":"https:\/\/mbsniezna.rzeszow.pl\/index.php\/wp-json\/wp\/v2\/media\/6815"}],"wp:attachment":[{"href":"https:\/\/mbsniezna.rzeszow.pl\/index.php\/wp-json\/wp\/v2\/media?parent=6817"}],"wp:term":[{"taxonomy":"category","embeddable":true,"href":"https:\/\/mbsniezna.rzeszow.pl\/index.php\/wp-json\/wp\/v2\/categories?post=6817"},{"taxonomy":"post_tag","embeddable":true,"href":"https:\/\/mbsniezna.rzeszow.pl\/index.php\/wp-json\/wp\/v2\/tags?post=6817"}],"curies":[{"name":"wp","href":"https:\/\/api.w.org\/{rel}","templated":true}]}}